{"id":12189,"date":"2020-05-15T14:17:18","date_gmt":"2020-05-15T12:17:18","guid":{"rendered":"https:\/\/www.gskos.unios.hr\/?p=12189"},"modified":"2020-05-15T14:24:31","modified_gmt":"2020-05-15T12:24:31","slug":"knjige-na-dobrom-glasu-memoari-iz-engleske-knjizevnosti","status":"publish","type":"post","link":"https:\/\/www.gskos.unios.hr\/index.php\/knjige-na-dobrom-glasu-memoari-iz-engleske-knjizevnosti\/","title":{"rendered":"Knjige na dobrom glasu &#8211; Memoari iz engleske knji\u017eevnosti"},"content":{"rendered":"<div class=\"postbody\">\n<div style=\"text-align: justify;\">\n<p><strong>Memoari<\/strong> (prema franc. m\u00e9moires \u2013 uspomene; lat. memoria \u2013 sje\u0107anje), knji\u017eevna su vrsta u kojoj autor iznosi svoja sje\u0107anja i razmi\u0161ljanja o dru\u0161tvenim, politi\u010dkim, znanstvenim ili kulturnim doga\u0111ajima u kojima je sudjelovao ili im svjedo\u010dio. Memoarski je tekst sli\u010dan autobiografiji, od koje se uglavnom razlikuje po \u0161irini tematike. U autobiografiji je sredi\u0161nja tema s\u00e2m autor, dok se u memoarima u ve\u0107oj mjeri bilje\u017ee i drugi ljudi i doga\u0111aji u kojima je autor sudjelovao.<\/p>\n<p><a href=\"https:\/\/www.gskos.unios.hr\/wp-content\/uploads\/2018\/02\/baner-KNJIGE-NA-DOBROM-GLASU-normalni.png\"><img loading=\"lazy\" class=\"aligncenter size-full wp-image-7333\" src=\"https:\/\/www.gskos.unios.hr\/wp-content\/uploads\/2018\/02\/baner-KNJIGE-NA-DOBROM-GLASU-normalni.png\" alt=\"\" width=\"852\" height=\"316\" srcset=\"https:\/\/www.gskos.unios.hr\/wp-content\/uploads\/2018\/02\/baner-KNJIGE-NA-DOBROM-GLASU-normalni.png 852w, https:\/\/www.gskos.unios.hr\/wp-content\/uploads\/2018\/02\/baner-KNJIGE-NA-DOBROM-GLASU-normalni-300x111.png 300w, https:\/\/www.gskos.unios.hr\/wp-content\/uploads\/2018\/02\/baner-KNJIGE-NA-DOBROM-GLASU-normalni-768x285.png 768w, https:\/\/www.gskos.unios.hr\/wp-content\/uploads\/2018\/02\/baner-KNJIGE-NA-DOBROM-GLASU-normalni-696x258.png 696w\" sizes=\"(max-width: 852px) 100vw, 852px\" \/><\/a><br \/>\n<a href=\"https:\/\/www.gskos.unios.hr\/wp-content\/uploads\/2020\/05\/2020_05_15_Lijecnik_na_zapadnom_frontu_150.jpg\"><img loading=\"lazy\" class=\"size-full wp-image-12196 alignleft\" src=\"https:\/\/www.gskos.unios.hr\/wp-content\/uploads\/2020\/05\/2020_05_15_Lijecnik_na_zapadnom_frontu_150.jpg\" alt=\"\" width=\"150\" height=\"228\" \/><\/a>Prva knjiga koju vam danas predstavljamo nosi naslov <strong>\u201cLije\u010dnik na zapadnom frontu : dnevnik Henryja Owensa 1914. &#8211; 1918.\u201c<\/strong>, autora Henryja Owensa. Dnevnik\u00a0Henryja Owensa 1914. &#8211; 1918. daje \u017eivopisan i detaljan prikaz \u017eivota i borbe u rovovima zapadnog fronta s gledi\u0161ta vojnog lije\u010dnika. Owens, kao pripadnik izvornih britanskih ekspedicijskih snaga, \u201eStarih prezrenih\u201c, bio je me\u0111u prvim britanskim vojnicima koji su kro\u010dili na tlo Francuske. Sljede\u0107e \u010detiri godine proveo je na frontu kao lije\u010dnik i pisac dnevnika, o\u010devidac nekih od najte\u017eih i najbrutalnijih bitaka najve\u0107eg sukoba koji je svijet ikada vidio. Tijekom tih godina, sudjelovao je u doslovno svim velikim bitkama koje su Britanci vodili tijekom rata u Flandriji, oko Ypresa i na Sommi. Skrbio je o vojnicima sve tri vojske \u2013 britanske, francuske i njema\u010dke. \u010cesto je bio izlo\u017een izravnoj paljbi artiljerije, strojnica i pu\u0161aka i suo\u010davao se s istim rizicima i pote\u0161ko\u0107ama kao i svi drugi borci. Njegova iskustva u rovovima, u kolima hitne pomo\u0107i, u postajama za prvu pomo\u0107 i u bolnicama dala su mu jedinstven pogled s kojeg je mogao promatrati brutalnost borbe i tretman ranjenih i umiru\u0107ih. Rukopis Henryja Owena kojeg je uredio John Hutton, a koji je napisao i uvodnu rije\u010d, daje nam pogled iznutra na du\u017enosti i iskustva lije\u010dnika koji lije\u010di borce, kao i \u017eivopisnu sliku svakodnevnog \u017eivota vojnika.<\/p>\n<p><a href=\"https:\/\/www.gskos.unios.hr\/wp-content\/uploads\/2020\/05\/2020_05_15_Fantasticni_macak_Bob_150.jpg\"><img loading=\"lazy\" class=\"size-full wp-image-12197 alignleft\" src=\"https:\/\/www.gskos.unios.hr\/wp-content\/uploads\/2020\/05\/2020_05_15_Fantasticni_macak_Bob_150.jpg\" alt=\"\" width=\"150\" height=\"228\" \/><\/a>Druga knjiga koju vam predstavljamo nosi naslov <strong>\u201eFantasti\u010dni ma\u010dak Bob\u201c<\/strong>, autora Jamesa Bowena. \u201eFantasti\u010dni ma\u010dak Bob\u201c istinita je pri\u010da o dvjema neobi\u010dnim sudbinama, ljudskoj i \u017eivotinjskoj, koje su se ispreplele na neobi\u010dan na\u010din kako bi promijenile svoje \u017eivote i pomogle jedna drugoj. James Bowen bio je uli\u010dni glazbenik koji se mu\u010dio, dok je poku\u0161ao pre\u017eivjeti zara\u0111uju\u0107i isklju\u010divo svojim sviranjem. Jednog dana on \u0107e na\u0107i povrije\u0111enog ri\u0111eg ma\u010dka skrivenog u zgradi u kojoj je boravio, ne znaju\u0107i kako \u0107e mu upravo taj doga\u0111aj u potpunosti promijeniti \u017eivot. James je nazvao svog ma\u010dka Bob te se nikako nije mogao na\u010duditi inteligenciji ove \u017eivotinje koju kao da je netko poslao kako bi mu pomogla i postala njegov ljubimac i najbolji prijatelj. Dok se Bob tako polako oporavljao, njih su dvojica iz dana u dan postajali sve bliskiji, iako je James bio spreman na \u010dinjenicu kako \u0107e ga ma\u010dak, jednom kad se u potpunosti oporavi, sigurno napustiti. Me\u0111utim, dogodilo se ne\u0161to sasvim suprotno, i upravo ta nevjerojatna veza koja se stvorila izme\u0111u njih dvojice od ove \u0107e, na prvi pogled sasvim obi\u010dne, pri\u010de o mladi\u0107u i njegovu ma\u010dku u\u010diniti svjetski bestseler. \u201eFantasti\u010dni ma\u010dak Bob\u201c, na trenutke vrlo emotivna, ali ve\u0107im dijelom smije\u0161na i nevjerojatna pri\u010da o \u010dudesnom ma\u010dku, koji kao u jednoj od bajki bra\u0107e Grimm poma\u017ee svom gospodaru zato \u0161to je bio dobar prema njemu i njegovu najboljem prijatelju, uli\u010dnom glazbeniku, koji mu je spasio \u017eivot, knjiga je u \u010dijem \u0107e \u010ditanju podjednako u\u017eivati i djeca i odrasli.<\/p>\n<p><a href=\"https:\/\/www.gskos.unios.hr\/wp-content\/uploads\/2020\/05\/2020_05_15_Ja_sam_Malala_150.jpg\"><img loading=\"lazy\" class=\"size-full wp-image-12193 alignleft\" src=\"https:\/\/www.gskos.unios.hr\/wp-content\/uploads\/2020\/05\/2020_05_15_Ja_sam_Malala_150.jpg\" alt=\"\" width=\"150\" height=\"237\" \/><\/a>Sljede\u0107a knjiga koju vam predstavljamo nosi naslov<strong> \u201eJa sam Malala\u201c<\/strong>, autorice Malale Yousafzai. Inspirativna autobiografija najpoznatije pakistanske djevojke, koja je ustala protiv terorizma i tradicija u obrani prava na obrazovanje. Prikazuju\u0107i \u017eivot svoje obitelji i obi\u010daje svoga kraja, dolazak talibana, uvo\u0111enje \u0161erijatskog prava i vladavine nasilja te borbu za svoja prava, autorica \u010ditatelja uvodi u svakodnevicu \u017eivota mlade \u017eene u patrijarhalnoj sredini pod talibanskim re\u017eimom, u kojoj se smatra da je uloga \u017eena kuhanje i ra\u0111anje djece. Knjiga je popra\u0107ena malim rje\u010dnikom te kronologijom va\u017enijih doga\u0111aja u Pakistanu i Svatu, od osnutka Pakistana 1947. do srpnja 2013., kada se Malala obratila UN-u tra\u017ee\u0107i besplatno obrazovanje za svu djecu svijeta. Najdramati\u010dniji dio knjige njen je opis o dolasku talibana, a knjiga je sna\u017eno svjedo\u010danstvo o otporu umjerene pakistanske muslimanske zajednice tom teroru, u \u010demu je i ona svojim herojskim javnim istupima imala va\u017enu ulogu.<\/p>\n<p><a href=\"https:\/\/www.gskos.unios.hr\/wp-content\/uploads\/2020\/05\/2020_05_15_Kako_biti_zena_150.jpg\"><img loading=\"lazy\" class=\"size-full wp-image-12194 alignleft\" src=\"https:\/\/www.gskos.unios.hr\/wp-content\/uploads\/2020\/05\/2020_05_15_Kako_biti_zena_150.jpg\" alt=\"\" width=\"150\" height=\"216\" \/><\/a>\u010cetvrta knjiga koju predstavljamo nosi naslov <strong>\u201eKako biti \u017eena\u201c<\/strong> autorice Caitlin Moran, i izdanju Planetopije Zagreb. U ovom svjetskom bestseleru nagra\u0111ivana britanska autorica, kriti\u010darka i kolumnistica The Timesa odgovara na pitanje kako biti \u017eena. Iskrena do kraja, ne libi se zaroniti u vlastita iskustva kako bi prona\u0161la odgovore. Naime, Moran u knjizi govori o svojem odrastanju u mnogobrojnoj, nekonvencionalnoj obitelji u Engleskoj 80-ih godina, nespretnim seksualnim po\u010decima, potrazi za ljubavlju i strasti prema \u010ditanju knjiga. Osim toga, nadovezuje se i na seksizam s kojim se susretala, \u0161to joj je donijelo maj\u010dinstvo te nesigurnosti koja \u017eene tjera da robuju modi i skupim i bolnim zahvatima. Ova knjiga zasigurno \u0107e vas navesti na razmi\u0161ljanje da i sami poku\u0161ate odgovoriti na pitanja koja si postavlja ve\u0107ina suvremenih \u017eena.<\/p>\n<p><a href=\"https:\/\/www.gskos.unios.hr\/wp-content\/uploads\/2020\/05\/2020_05_15_Moja_utrka_s_davlom_150.jpg\"><img loading=\"lazy\" class=\"size-full wp-image-12195 alignleft\" src=\"https:\/\/www.gskos.unios.hr\/wp-content\/uploads\/2020\/05\/2020_05_15_Moja_utrka_s_davlom_150.jpg\" alt=\"\" width=\"150\" height=\"225\" \/><\/a>Posljednja knjiga koju vam predstavljamo nosi naslov <strong>\u201eMoja utrka s \u0111avlom\u201c<\/strong> autora Josepha Piercea. Joseph Pearce, danas vode\u0107i svjetski katoli\u010dki biograf, u mladosti je bio fanati\u010dni skinhed, jedan od vo\u0111a britanskih neofa\u0161isti\u010dkih skupina i urednik \u010dasopisa koji je promicao rasisti\u010dke ideje. Aktivno je sudjelovao u neredima i sukobima te promicao ideologiju mr\u017enje, \u0161to ga je dvaput dovelo do odslu\u017eenja zatvorske kazne. Tijekom drugog boravka u zatvoru, prazan, s\u00e2m, bez i\u010dega, ljut na svijet i na sebe zapo\u010deo je svoju \u017eivotnu preobrazbu, \u0161to je rezultiralo napu\u0161tanjem ekstremizma i obra\u0107enjem na katoli\u010danstvo. U iskrenoj i uzbudljivoj ispovjednoj knjizi\u00a0\u201eMoja utrka s \u0111avlom\u201c\u00a0Pearce na \u017eivopisan na\u010din opisuje svoje duhovno putovanje od radikalne mr\u017enje i ateisti\u010dke rasisti\u010dke ideologije k razumskoj i produhovljenoj kr\u0161\u0107anskoj ljubavi. Pri\u010daju\u0107i svoju napetu \u017eivotu pri\u010du, izme\u0111u ostaloga opisuje: \u0161to je uzrokovalo da ga zavedu ekstremne ideje i kako je prigrlio rasisti\u010dku ideologiju, godine nasilja, mr\u017enje i nereda, kako je izgledao uzbudljivi i istovremeno isprazni \u017eivot jednoga ekstremista, na koji je na\u010din proveo vrijeme u zatvoru i kako je pro\u017eivio tamnu no\u0107 du\u0161e koja je uslijedila, koju su ulogu u njegovu obra\u0107enju odigrali veliki autori poput G. K. Chestertona, Hilairea Belloca i C. S. Lewisa te njihove ideje i, na kraju, kako je kona\u010dno prigrlio katoli\u010dku vjeru. Ova ispovijest nije samo pri\u010da o nevjerojatnu putovanju iz ponora mr\u017enje prema Kristovoj ljubavi, nego i mo\u0107no svjedo\u010danstvo o tome da nas Bog ljubi onakve kakvi jesmo i da uz pomo\u0107 milosti svatko mo\u017ee prona\u0107i put do Njega.<\/p>\n<\/div>\n<\/div>\n<div><\/div>\n<div style=\"text-align: justify;\"><a href=\"https:\/\/www.gskos.unios.hr\/wp-content\/uploads\/2018\/02\/baner-KNJIGE-NA-DOBROM-GLASU-kvadrat.png\"><img loading=\"lazy\" class=\"aligncenter size-full wp-image-7334\" src=\"https:\/\/www.gskos.unios.hr\/wp-content\/uploads\/2018\/02\/baner-KNJIGE-NA-DOBROM-GLASU-kvadrat.png\" alt=\"\" width=\"600\" height=\"600\" srcset=\"https:\/\/www.gskos.unios.hr\/wp-content\/uploads\/2018\/02\/baner-KNJIGE-NA-DOBROM-GLASU-kvadrat.png 600w, https:\/\/www.gskos.unios.hr\/wp-content\/uploads\/2018\/02\/baner-KNJIGE-NA-DOBROM-GLASU-kvadrat-150x150.png 150w, https:\/\/www.gskos.unios.hr\/wp-content\/uploads\/2018\/02\/baner-KNJIGE-NA-DOBROM-GLASU-kvadrat-300x300.png 300w, https:\/\/www.gskos.unios.hr\/wp-content\/uploads\/2018\/02\/baner-KNJIGE-NA-DOBROM-GLASU-kvadrat-420x420.png 420w\" sizes=\"(max-width: 600px) 100vw, 600px\" \/><\/a><\/div>\n","protected":false},"excerpt":{"rendered":"<p>Memoari (prema franc. m\u00e9moires \u2013 uspomene; lat. memoria \u2013 sje\u0107anje), knji\u017eevna su vrsta u kojoj autor iznosi svoja sje\u0107anja i razmi\u0161ljanja o dru\u0161tvenim, politi\u010dkim, znanstvenim ili kulturnim doga\u0111ajima u kojima je sudjelovao ili im svjedo\u010dio. Memoarski je tekst sli\u010dan autobiografiji, od koje se uglavnom razlikuje po \u0161irini tematike. U autobiografiji je sredi\u0161nja tema s\u00e2m autor,<\/p>\n","protected":false},"author":8,"featured_media":12190,"comment_status":"closed","ping_status":"closed","sticky":false,"template":"","format":"standard","meta":{"_mi_skip_tracking":false},"categories":[42],"tags":[],"_links":{"self":[{"href":"https:\/\/www.gskos.unios.hr\/index.php\/wp-json\/wp\/v2\/posts\/12189"}],"collection":[{"href":"https:\/\/www.gskos.unios.hr\/index.php\/wp-json\/wp\/v2\/posts"}],"about":[{"href":"https:\/\/www.gskos.unios.hr\/index.php\/wp-json\/wp\/v2\/types\/post"}],"author":[{"embeddable":true,"href":"https:\/\/www.gskos.unios.hr\/index.php\/wp-json\/wp\/v2\/users\/8"}],"replies":[{"embeddable":true,"href":"https:\/\/www.gskos.unios.hr\/index.php\/wp-json\/wp\/v2\/comments?post=12189"}],"version-history":[{"count":3,"href":"https:\/\/www.gskos.unios.hr\/index.php\/wp-json\/wp\/v2\/posts\/12189\/revisions"}],"predecessor-version":[{"id":12199,"href":"https:\/\/www.gskos.unios.hr\/index.php\/wp-json\/wp\/v2\/posts\/12189\/revisions\/12199"}],"wp:featuredmedia":[{"embeddable":true,"href":"https:\/\/www.gskos.unios.hr\/index.php\/wp-json\/wp\/v2\/media\/12190"}],"wp:attachment":[{"href":"https:\/\/www.gskos.unios.hr\/index.php\/wp-json\/wp\/v2\/media?parent=12189"}],"wp:term":[{"taxonomy":"category","embeddable":true,"href":"https:\/\/www.gskos.unios.hr\/index.php\/wp-json\/wp\/v2\/categories?post=12189"},{"taxonomy":"post_tag","embeddable":true,"href":"https:\/\/www.gskos.unios.hr\/index.php\/wp-json\/wp\/v2\/tags?post=12189"}],"curies":[{"name":"wp","href":"https:\/\/api.w.org\/{rel}","templated":true}]}}