{"id":12665,"date":"2020-08-06T08:48:34","date_gmt":"2020-08-06T06:48:34","guid":{"rendered":"https:\/\/www.gskos.unios.hr\/?p=12665"},"modified":"2020-08-06T08:49:15","modified_gmt":"2020-08-06T06:49:15","slug":"izlozba-radova-autorice-jasne-carapic","status":"publish","type":"post","link":"https:\/\/www.gskos.unios.hr\/index.php\/izlozba-radova-autorice-jasne-carapic\/","title":{"rendered":"Izlo\u017eba radova autorice Jasne \u010carapi\u0107"},"content":{"rendered":"<p style=\"text-align: justify;\">Tijekom mjeseca kolovoza u Ogranku Donji grad Gradske i sveu\u010dili\u0161ne knji\u017enice Osijek mo\u017ee se\u00a0 pogledati izlo\u017eba radova autorice Jasne \u010carapi\u0107 organizirana u sklopu projekta Mala galerija GISKO.<\/p>\n<p style=\"text-align: justify;\">Jasna \u010carapi\u0107 ro\u0111ena u Osijeku, po struci je dipl. ekonomist no oduvijek se voljela kreativno izra\u017eavati. &#8220;Odlaskom u mirovinu otvorio mi se put pronalaska sebe kroz izra\u0111ivanje mozaika od kerami\u010dkih plo\u010dica, izrada vaza i zdjela te slikanje akrilnim bojama na platnu\u201c, ka\u017ee autorica, a motivi kojima se naj\u010de\u0161\u0107e posve\u0107uje su priroda i pejza\u017ei.<\/p>\n<p style=\"text-align: justify;\">Dodatne informacije o izlo\u017ebi mogu se dobiti:<\/p>\n<ul>\n<li style=\"text-align: justify;\">u <a href=\"http:\/\/www.gskos.unios.hr\/?upit=sadrzaj&amp;id=161\">Ogranku Donji grad<\/a> GISKO<\/li>\n<li style=\"text-align: justify;\">na br. mob. autorice 092 1941439.<\/li>\n<\/ul>\n<p><a href=\"https:\/\/www.gskos.unios.hr\/wp-content\/uploads\/2018\/04\/MALAGALA.jpg\"><img loading=\"lazy\" class=\"aligncenter size-large wp-image-7954\" src=\"https:\/\/www.gskos.unios.hr\/wp-content\/uploads\/2018\/04\/MALAGALA-1024x382.jpg\" alt=\"\" width=\"696\" height=\"260\" srcset=\"https:\/\/www.gskos.unios.hr\/wp-content\/uploads\/2018\/04\/MALAGALA-1024x382.jpg 1024w, https:\/\/www.gskos.unios.hr\/wp-content\/uploads\/2018\/04\/MALAGALA-300x112.jpg 300w, https:\/\/www.gskos.unios.hr\/wp-content\/uploads\/2018\/04\/MALAGALA-768x286.jpg 768w, https:\/\/www.gskos.unios.hr\/wp-content\/uploads\/2018\/04\/MALAGALA-696x259.jpg 696w, https:\/\/www.gskos.unios.hr\/wp-content\/uploads\/2018\/04\/MALAGALA-1068x398.jpg 1068w, https:\/\/www.gskos.unios.hr\/wp-content\/uploads\/2018\/04\/MALAGALA-1127x420.jpg 1127w\" sizes=\"(max-width: 696px) 100vw, 696px\" \/><\/a><\/p>\n","protected":false},"excerpt":{"rendered":"<p>Tijekom mjeseca kolovoza u Ogranku Donji grad Gradske i sveu\u010dili\u0161ne knji\u017enice Osijek mo\u017ee se\u00a0 pogledati izlo\u017eba radova autorice Jasne \u010carapi\u0107 organizirana u sklopu projekta Mala galerija GISKO. Jasna \u010carapi\u0107 ro\u0111ena u Osijeku, po struci je dipl. ekonomist no oduvijek se voljela kreativno izra\u017eavati. &#8220;Odlaskom u mirovinu otvorio mi se put pronalaska sebe kroz izra\u0111ivanje mozaika<\/p>\n","protected":false},"author":8,"featured_media":12666,"comment_status":"closed","ping_status":"closed","sticky":false,"template":"","format":"standard","meta":{"_mi_skip_tracking":false},"categories":[39,34],"tags":[],"_links":{"self":[{"href":"https:\/\/www.gskos.unios.hr\/index.php\/wp-json\/wp\/v2\/posts\/12665"}],"collection":[{"href":"https:\/\/www.gskos.unios.hr\/index.php\/wp-json\/wp\/v2\/posts"}],"about":[{"href":"https:\/\/www.gskos.unios.hr\/index.php\/wp-json\/wp\/v2\/types\/post"}],"author":[{"embeddable":true,"href":"https:\/\/www.gskos.unios.hr\/index.php\/wp-json\/wp\/v2\/users\/8"}],"replies":[{"embeddable":true,"href":"https:\/\/www.gskos.unios.hr\/index.php\/wp-json\/wp\/v2\/comments?post=12665"}],"version-history":[{"count":2,"href":"https:\/\/www.gskos.unios.hr\/index.php\/wp-json\/wp\/v2\/posts\/12665\/revisions"}],"predecessor-version":[{"id":12668,"href":"https:\/\/www.gskos.unios.hr\/index.php\/wp-json\/wp\/v2\/posts\/12665\/revisions\/12668"}],"wp:featuredmedia":[{"embeddable":true,"href":"https:\/\/www.gskos.unios.hr\/index.php\/wp-json\/wp\/v2\/media\/12666"}],"wp:attachment":[{"href":"https:\/\/www.gskos.unios.hr\/index.php\/wp-json\/wp\/v2\/media?parent=12665"}],"wp:term":[{"taxonomy":"category","embeddable":true,"href":"https:\/\/www.gskos.unios.hr\/index.php\/wp-json\/wp\/v2\/categories?post=12665"},{"taxonomy":"post_tag","embeddable":true,"href":"https:\/\/www.gskos.unios.hr\/index.php\/wp-json\/wp\/v2\/tags?post=12665"}],"curies":[{"name":"wp","href":"https:\/\/api.w.org\/{rel}","templated":true}]}}