{"id":12831,"date":"2020-09-29T14:31:44","date_gmt":"2020-09-29T12:31:44","guid":{"rendered":"https:\/\/www.gskos.unios.hr\/?p=12831"},"modified":"2020-09-29T14:31:44","modified_gmt":"2020-09-29T12:31:44","slug":"izlozba-ucenickih-radova-europa-to-smo-mi","status":"publish","type":"post","link":"https:\/\/www.gskos.unios.hr\/index.php\/izlozba-ucenickih-radova-europa-to-smo-mi\/","title":{"rendered":"Izlo\u017eba u\u010deni\u010dkih radova &#8220;Europa to smo mi&#8221;"},"content":{"rendered":"<p style=\"text-align: justify;\">U organizaciji Njema\u010dke zajednice \u2013 Zemaljske udruge podunavskih \u0160vaba u Hrvatskoj i Austrijske \u010ditaonice Gradske i sveu\u010dili\u0161ne knji\u017enice Osijek, u sklopu EU-projekta &#8220;Engagiert f\u00fcr Europa&#8221;, u kojem su sudjelovali osnovno\u0161kolci grada Osijeka, u <strong>ponedjeljak, 28. rujna 2020. godine<\/strong> s po\u010detkom u <strong>19.00 sati <\/strong>u izlo\u017ebenoj auli Gradske i sveu\u010dili\u0161ne knji\u017enice Osijek uprili\u010deno je otvorenje <strong>izlo\u017ebe u\u010deni\u010dkih radova<\/strong> pod nazivom<strong> &#8220;Europa to smo mi&#8221;<\/strong>.\u00a0 Tri najbolja uratka dolaze iz O\u0160 Tina Ujevi\u0107a, a\u00a0 nagra\u0111ena su prikladnim poklonima.<\/p>\n<p style=\"text-align: justify;\">\nVi\u0161e informacija mo\u017ee se dobiti na broj telefona:<\/p>\n<ul>\n<li style=\"text-align: justify;\"><a href=\"https:\/\/www.gskos.unios.hr\/index.php\/austrijska-citaonica\/\">Austrijska \u010ditaonica GISKO<\/a><\/li>\n<\/ul>\n<p><a href=\"https:\/\/www.gskos.unios.hr\/wp-content\/uploads\/2020\/09\/IMG_20200929_115707_325-003.jpg\"><img loading=\"lazy\" class=\"aligncenter size-large wp-image-12837\" src=\"https:\/\/www.gskos.unios.hr\/wp-content\/uploads\/2020\/09\/IMG_20200929_115707_325-003-1024x769.jpg\" alt=\"\" width=\"696\" height=\"523\" srcset=\"https:\/\/www.gskos.unios.hr\/wp-content\/uploads\/2020\/09\/IMG_20200929_115707_325-003-1024x769.jpg 1024w, https:\/\/www.gskos.unios.hr\/wp-content\/uploads\/2020\/09\/IMG_20200929_115707_325-003-300x225.jpg 300w, https:\/\/www.gskos.unios.hr\/wp-content\/uploads\/2020\/09\/IMG_20200929_115707_325-003-768x577.jpg 768w, https:\/\/www.gskos.unios.hr\/wp-content\/uploads\/2020\/09\/IMG_20200929_115707_325-003-80x60.jpg 80w, https:\/\/www.gskos.unios.hr\/wp-content\/uploads\/2020\/09\/IMG_20200929_115707_325-003-265x198.jpg 265w, https:\/\/www.gskos.unios.hr\/wp-content\/uploads\/2020\/09\/IMG_20200929_115707_325-003-696x523.jpg 696w, https:\/\/www.gskos.unios.hr\/wp-content\/uploads\/2020\/09\/IMG_20200929_115707_325-003-1068x802.jpg 1068w, https:\/\/www.gskos.unios.hr\/wp-content\/uploads\/2020\/09\/IMG_20200929_115707_325-003-559x420.jpg 559w, https:\/\/www.gskos.unios.hr\/wp-content\/uploads\/2020\/09\/IMG_20200929_115707_325-003.jpg 1080w\" sizes=\"(max-width: 696px) 100vw, 696px\" \/><\/a><a href=\"https:\/\/www.gskos.unios.hr\/wp-content\/uploads\/2020\/09\/IMG_20200929_115707_314-003.jpg\"><img loading=\"lazy\" class=\"aligncenter size-large wp-image-12836\" src=\"https:\/\/www.gskos.unios.hr\/wp-content\/uploads\/2020\/09\/IMG_20200929_115707_314-003-1024x768.jpg\" alt=\"\" width=\"696\" height=\"522\" srcset=\"https:\/\/www.gskos.unios.hr\/wp-content\/uploads\/2020\/09\/IMG_20200929_115707_314-003-1024x768.jpg 1024w, https:\/\/www.gskos.unios.hr\/wp-content\/uploads\/2020\/09\/IMG_20200929_115707_314-003-300x225.jpg 300w, https:\/\/www.gskos.unios.hr\/wp-content\/uploads\/2020\/09\/IMG_20200929_115707_314-003-768x576.jpg 768w, https:\/\/www.gskos.unios.hr\/wp-content\/uploads\/2020\/09\/IMG_20200929_115707_314-003-80x60.jpg 80w, https:\/\/www.gskos.unios.hr\/wp-content\/uploads\/2020\/09\/IMG_20200929_115707_314-003-265x198.jpg 265w, https:\/\/www.gskos.unios.hr\/wp-content\/uploads\/2020\/09\/IMG_20200929_115707_314-003-696x522.jpg 696w, https:\/\/www.gskos.unios.hr\/wp-content\/uploads\/2020\/09\/IMG_20200929_115707_314-003-1068x801.jpg 1068w, https:\/\/www.gskos.unios.hr\/wp-content\/uploads\/2020\/09\/IMG_20200929_115707_314-003-560x420.jpg 560w, https:\/\/www.gskos.unios.hr\/wp-content\/uploads\/2020\/09\/IMG_20200929_115707_314-003.jpg 1080w\" sizes=\"(max-width: 696px) 100vw, 696px\" \/><\/a><a href=\"https:\/\/www.gskos.unios.hr\/wp-content\/uploads\/2020\/09\/IMG_20200929_115707_313.jpg\"><img loading=\"lazy\" class=\"aligncenter size-large wp-image-12835\" src=\"https:\/\/www.gskos.unios.hr\/wp-content\/uploads\/2020\/09\/IMG_20200929_115707_313-1024x769.jpg\" alt=\"\" width=\"696\" height=\"523\" srcset=\"https:\/\/www.gskos.unios.hr\/wp-content\/uploads\/2020\/09\/IMG_20200929_115707_313-1024x769.jpg 1024w, https:\/\/www.gskos.unios.hr\/wp-content\/uploads\/2020\/09\/IMG_20200929_115707_313-300x225.jpg 300w, https:\/\/www.gskos.unios.hr\/wp-content\/uploads\/2020\/09\/IMG_20200929_115707_313-768x577.jpg 768w, https:\/\/www.gskos.unios.hr\/wp-content\/uploads\/2020\/09\/IMG_20200929_115707_313-80x60.jpg 80w, https:\/\/www.gskos.unios.hr\/wp-content\/uploads\/2020\/09\/IMG_20200929_115707_313-265x198.jpg 265w, https:\/\/www.gskos.unios.hr\/wp-content\/uploads\/2020\/09\/IMG_20200929_115707_313-696x523.jpg 696w, https:\/\/www.gskos.unios.hr\/wp-content\/uploads\/2020\/09\/IMG_20200929_115707_313-1068x802.jpg 1068w, https:\/\/www.gskos.unios.hr\/wp-content\/uploads\/2020\/09\/IMG_20200929_115707_313-559x420.jpg 559w, https:\/\/www.gskos.unios.hr\/wp-content\/uploads\/2020\/09\/IMG_20200929_115707_313.jpg 1080w\" sizes=\"(max-width: 696px) 100vw, 696px\" \/><\/a><a href=\"https:\/\/www.gskos.unios.hr\/wp-content\/uploads\/2020\/09\/1_IMG_20200928_190923-003-scaled-e1601382053130.jpg\"><img loading=\"lazy\" class=\"aligncenter size-large wp-image-12833\" src=\"https:\/\/www.gskos.unios.hr\/wp-content\/uploads\/2020\/09\/1_IMG_20200928_190923-003-1024x768.jpg\" alt=\"\" width=\"696\" height=\"522\" \/><\/a><\/p>\n","protected":false},"excerpt":{"rendered":"<p>U organizaciji Njema\u010dke zajednice \u2013 Zemaljske udruge podunavskih \u0160vaba u Hrvatskoj i Austrijske \u010ditaonice Gradske i sveu\u010dili\u0161ne knji\u017enice Osijek, u sklopu EU-projekta &#8220;Engagiert f\u00fcr Europa&#8221;, u kojem su sudjelovali osnovno\u0161kolci grada Osijeka, u ponedjeljak, 28. rujna 2020. godine s po\u010detkom u 19.00 sati u izlo\u017ebenoj auli Gradske i sveu\u010dili\u0161ne knji\u017enice Osijek uprili\u010deno je otvorenje izlo\u017ebe<\/p>\n","protected":false},"author":8,"featured_media":12832,"comment_status":"closed","ping_status":"closed","sticky":false,"template":"","format":"standard","meta":{"_mi_skip_tracking":false},"categories":[36,39],"tags":[],"_links":{"self":[{"href":"https:\/\/www.gskos.unios.hr\/index.php\/wp-json\/wp\/v2\/posts\/12831"}],"collection":[{"href":"https:\/\/www.gskos.unios.hr\/index.php\/wp-json\/wp\/v2\/posts"}],"about":[{"href":"https:\/\/www.gskos.unios.hr\/index.php\/wp-json\/wp\/v2\/types\/post"}],"author":[{"embeddable":true,"href":"https:\/\/www.gskos.unios.hr\/index.php\/wp-json\/wp\/v2\/users\/8"}],"replies":[{"embeddable":true,"href":"https:\/\/www.gskos.unios.hr\/index.php\/wp-json\/wp\/v2\/comments?post=12831"}],"version-history":[{"count":2,"href":"https:\/\/www.gskos.unios.hr\/index.php\/wp-json\/wp\/v2\/posts\/12831\/revisions"}],"predecessor-version":[{"id":12838,"href":"https:\/\/www.gskos.unios.hr\/index.php\/wp-json\/wp\/v2\/posts\/12831\/revisions\/12838"}],"wp:featuredmedia":[{"embeddable":true,"href":"https:\/\/www.gskos.unios.hr\/index.php\/wp-json\/wp\/v2\/media\/12832"}],"wp:attachment":[{"href":"https:\/\/www.gskos.unios.hr\/index.php\/wp-json\/wp\/v2\/media?parent=12831"}],"wp:term":[{"taxonomy":"category","embeddable":true,"href":"https:\/\/www.gskos.unios.hr\/index.php\/wp-json\/wp\/v2\/categories?post=12831"},{"taxonomy":"post_tag","embeddable":true,"href":"https:\/\/www.gskos.unios.hr\/index.php\/wp-json\/wp\/v2\/tags?post=12831"}],"curies":[{"name":"wp","href":"https:\/\/api.w.org\/{rel}","templated":true}]}}