{"id":14142,"date":"2021-04-06T13:42:19","date_gmt":"2021-04-06T11:42:19","guid":{"rendered":"https:\/\/www.gskos.unios.hr\/?p=14142"},"modified":"2021-04-07T11:32:19","modified_gmt":"2021-04-07T09:32:19","slug":"izlozba-slikarskih-radova-pozdrav-proljecu","status":"publish","type":"post","link":"https:\/\/www.gskos.unios.hr\/index.php\/izlozba-slikarskih-radova-pozdrav-proljecu\/","title":{"rendered":"Izlo\u017eba slikarskih radova &#8220;Pozdrav prolje\u0107u&#8221;"},"content":{"rendered":"<p style=\"text-align: justify;\"><strong>Tijekom mjeseca travnja, u Ogranku Donji grad Gradske i sveu\u010dili\u0161ne knji\u017enice Osijek <\/strong>mo\u017ee se pogledati <strong>izlo\u017eba slikarskih radova<\/strong> autorice <strong>Fahre Alempi\u0107 <\/strong>pod nazivom <strong>&#8220;<\/strong><strong>Pozdrav prolje\u0107u&#8221;, <\/strong>a koja se odr\u017eava u sklopu projekta <a href=\"http:\/\/www.gskos.hr\/?upit=sadrzaj&amp;id=189\">Mala galerija GISKO<\/a>.<\/p>\n<p><a href=\"https:\/\/www.gskos.unios.hr\/wp-content\/uploads\/2018\/04\/MALAGALA.jpg\"><img loading=\"lazy\" class=\"alignleft size-full wp-image-7954\" src=\"https:\/\/www.gskos.unios.hr\/wp-content\/uploads\/2018\/04\/MALAGALA.jpg\" alt=\"\" width=\"2359\" height=\"879\" srcset=\"https:\/\/www.gskos.unios.hr\/wp-content\/uploads\/2018\/04\/MALAGALA.jpg 2359w, https:\/\/www.gskos.unios.hr\/wp-content\/uploads\/2018\/04\/MALAGALA-300x112.jpg 300w, https:\/\/www.gskos.unios.hr\/wp-content\/uploads\/2018\/04\/MALAGALA-768x286.jpg 768w, https:\/\/www.gskos.unios.hr\/wp-content\/uploads\/2018\/04\/MALAGALA-1024x382.jpg 1024w, https:\/\/www.gskos.unios.hr\/wp-content\/uploads\/2018\/04\/MALAGALA-696x259.jpg 696w, https:\/\/www.gskos.unios.hr\/wp-content\/uploads\/2018\/04\/MALAGALA-1068x398.jpg 1068w, https:\/\/www.gskos.unios.hr\/wp-content\/uploads\/2018\/04\/MALAGALA-1127x420.jpg 1127w\" sizes=\"(max-width: 2359px) 100vw, 2359px\" \/><\/a><\/p>\n<p style=\"text-align: justify;\">Fahra Alempi\u0107 ro\u0111ena je Zvorni\u010danka koja je svoj radni vijek provela u Osijeku. Njezino \u017eivotno opredjeljenje vezano je uz sport s dominantnom ko\u0161arkom. Ljubav prema slikarstvu osjetila je tek u tre\u0107oj \u017eivotnoj dobi. Oku\u0161ala se u svim slikarskim tehnikama. Omiljene su joj akvarel i akril. Dosada\u0161nji bogati slikarski opus broji oko 400 slika razli\u010ditih tehnika, motiva i formata. \u010clanica je udruge Snaga kulture Osijek te je do sada izlagala na 3 samostalne izlo\u017ebe.<\/p>\n<p style=\"text-align: justify;\">Dodatne informacije o izlo\u017ebi mogu se dobiti na broj telefona:<\/p>\n<ul>\n<li style=\"text-align: justify;\"><a href=\"http:\/\/www.gskos.unios.hr\/?upit=sadrzaj&amp;id=161\">Ogranak Donji grad<\/a> GISKO<\/li>\n<\/ul>\n<p><a href=\"https:\/\/www.gskos.unios.hr\/wp-content\/uploads\/2021\/04\/167787573_217670256800805_7881760303984653933_n.jpg\"><img loading=\"lazy\" class=\"alignleft size-full wp-image-14149\" src=\"https:\/\/www.gskos.unios.hr\/wp-content\/uploads\/2021\/04\/167787573_217670256800805_7881760303984653933_n.jpg\" alt=\"\" width=\"1221\" height=\"1589\" srcset=\"https:\/\/www.gskos.unios.hr\/wp-content\/uploads\/2021\/04\/167787573_217670256800805_7881760303984653933_n.jpg 1221w, https:\/\/www.gskos.unios.hr\/wp-content\/uploads\/2021\/04\/167787573_217670256800805_7881760303984653933_n-231x300.jpg 231w, https:\/\/www.gskos.unios.hr\/wp-content\/uploads\/2021\/04\/167787573_217670256800805_7881760303984653933_n-787x1024.jpg 787w, https:\/\/www.gskos.unios.hr\/wp-content\/uploads\/2021\/04\/167787573_217670256800805_7881760303984653933_n-768x999.jpg 768w, https:\/\/www.gskos.unios.hr\/wp-content\/uploads\/2021\/04\/167787573_217670256800805_7881760303984653933_n-1180x1536.jpg 1180w, https:\/\/www.gskos.unios.hr\/wp-content\/uploads\/2021\/04\/167787573_217670256800805_7881760303984653933_n-696x906.jpg 696w, https:\/\/www.gskos.unios.hr\/wp-content\/uploads\/2021\/04\/167787573_217670256800805_7881760303984653933_n-1068x1390.jpg 1068w, https:\/\/www.gskos.unios.hr\/wp-content\/uploads\/2021\/04\/167787573_217670256800805_7881760303984653933_n-323x420.jpg 323w\" sizes=\"(max-width: 1221px) 100vw, 1221px\" \/><\/a><\/p>\n","protected":false},"excerpt":{"rendered":"<p>Tijekom mjeseca travnja, u Ogranku Donji grad Gradske i sveu\u010dili\u0161ne knji\u017enice Osijek mo\u017ee se pogledati izlo\u017eba slikarskih radova autorice Fahre Alempi\u0107 pod nazivom &#8220;Pozdrav prolje\u0107u&#8221;, a koja se odr\u017eava u sklopu projekta Mala galerija GISKO. Fahra Alempi\u0107 ro\u0111ena je Zvorni\u010danka koja je svoj radni vijek provela u Osijeku. Njezino \u017eivotno opredjeljenje vezano je uz sport<\/p>\n","protected":false},"author":8,"featured_media":14148,"comment_status":"closed","ping_status":"closed","sticky":false,"template":"","format":"standard","meta":{"_mi_skip_tracking":false},"categories":[39,34],"tags":[],"_links":{"self":[{"href":"https:\/\/www.gskos.unios.hr\/index.php\/wp-json\/wp\/v2\/posts\/14142"}],"collection":[{"href":"https:\/\/www.gskos.unios.hr\/index.php\/wp-json\/wp\/v2\/posts"}],"about":[{"href":"https:\/\/www.gskos.unios.hr\/index.php\/wp-json\/wp\/v2\/types\/post"}],"author":[{"embeddable":true,"href":"https:\/\/www.gskos.unios.hr\/index.php\/wp-json\/wp\/v2\/users\/8"}],"replies":[{"embeddable":true,"href":"https:\/\/www.gskos.unios.hr\/index.php\/wp-json\/wp\/v2\/comments?post=14142"}],"version-history":[{"count":4,"href":"https:\/\/www.gskos.unios.hr\/index.php\/wp-json\/wp\/v2\/posts\/14142\/revisions"}],"predecessor-version":[{"id":14160,"href":"https:\/\/www.gskos.unios.hr\/index.php\/wp-json\/wp\/v2\/posts\/14142\/revisions\/14160"}],"wp:featuredmedia":[{"embeddable":true,"href":"https:\/\/www.gskos.unios.hr\/index.php\/wp-json\/wp\/v2\/media\/14148"}],"wp:attachment":[{"href":"https:\/\/www.gskos.unios.hr\/index.php\/wp-json\/wp\/v2\/media?parent=14142"}],"wp:term":[{"taxonomy":"category","embeddable":true,"href":"https:\/\/www.gskos.unios.hr\/index.php\/wp-json\/wp\/v2\/categories?post=14142"},{"taxonomy":"post_tag","embeddable":true,"href":"https:\/\/www.gskos.unios.hr\/index.php\/wp-json\/wp\/v2\/tags?post=14142"}],"curies":[{"name":"wp","href":"https:\/\/api.w.org\/{rel}","templated":true}]}}