{"id":14564,"date":"2021-06-07T11:02:11","date_gmt":"2021-06-07T09:02:11","guid":{"rendered":"https:\/\/www.gskos.unios.hr\/?p=14564"},"modified":"2021-06-07T11:02:35","modified_gmt":"2021-06-07T09:02:35","slug":"izlozba-slikarskih-radova-nikad-nije-kasno","status":"publish","type":"post","link":"https:\/\/www.gskos.unios.hr\/index.php\/izlozba-slikarskih-radova-nikad-nije-kasno\/","title":{"rendered":"Izlo\u017eba slikarskih radova &#8220;Nikad nije kasno&#8221;"},"content":{"rendered":"<p style=\"text-align: justify;\"><strong>Tijekom mjeseca lipnja<\/strong>, u sklopu projekta <strong>Mala galerija GISKO<\/strong>, u Ogranku Industrijska \u010detvrt Gradske i sveu\u010dili\u0161ne knji\u017enice Osijek mo\u017ee se pogledati <strong>izlo\u017eba slikarskih radova Mare Batini\u0107 &#8220;Nikad nije kasno&#8221;.<\/strong><\/p>\n<p style=\"text-align: justify;\">Mara Batini\u0107 , na\u0161a je sugra\u0111anka, umirovljenica i ve\u0107 niz godina \u010dlanica likovne udruge amatera Osijek LIKAR. Velika je zaljubljenica u putovanja, bicikliranje i prirodu\u00a0 pa je se \u010desto mo\u017ee susresti u potrazi za inspiracijom. Na prvoj grupnoj izlo\u017ebi izlagala je u Gradskoj i sveu\u010dili\u0161noj knji\u017enici Osijek 2014. godine, a zatim je 2015. godine <a href=\"https:\/\/www.gskos.unios.hr\/wp-content\/uploads\/2021\/06\/DG-2021-B-\u2013-kopija.jpg\"><img loading=\"lazy\" class=\"alignleft size-full wp-image-14565\" src=\"https:\/\/www.gskos.unios.hr\/wp-content\/uploads\/2021\/06\/DG-2021-B-\u2013-kopija.jpg\" alt=\"\" width=\"1224\" height=\"345\" srcset=\"https:\/\/www.gskos.unios.hr\/wp-content\/uploads\/2021\/06\/DG-2021-B-\u2013-kopija.jpg 1224w, https:\/\/www.gskos.unios.hr\/wp-content\/uploads\/2021\/06\/DG-2021-B-\u2013-kopija-300x85.jpg 300w, https:\/\/www.gskos.unios.hr\/wp-content\/uploads\/2021\/06\/DG-2021-B-\u2013-kopija-1024x289.jpg 1024w, https:\/\/www.gskos.unios.hr\/wp-content\/uploads\/2021\/06\/DG-2021-B-\u2013-kopija-768x216.jpg 768w, https:\/\/www.gskos.unios.hr\/wp-content\/uploads\/2021\/06\/DG-2021-B-\u2013-kopija-696x196.jpg 696w, https:\/\/www.gskos.unios.hr\/wp-content\/uploads\/2021\/06\/DG-2021-B-\u2013-kopija-1068x301.jpg 1068w\" sizes=\"(max-width: 1224px) 100vw, 1224px\" \/><\/a>sudjelovala na grupnoj izlo\u017ebi kao \u010dlanica Hrvatskog dru\u0161tva umjetnika Adolf Waldinger.<\/p>\n<p style=\"text-align: justify;\">Izlo\u017eba &#8220;Nikad nije kasno&#8221; prva joj je samostalna izlo\u017eba na kojoj predstavlja niz radova nastalih u tehnici ulje na platnu, akvarel ili pastel. Radovi se mogu pogledati tijekom mjeseca lipnja u radno vrijeme Ogranka uz po\u0161tivanje svih epidemiolo\u0161kih mjera.<\/p>\n<p style=\"text-align: justify;\">Dodatne informacije mogu se dobiti:<\/p>\n<ul>\n<li style=\"text-align: justify;\"><a href=\"https:\/\/www.gskos.unios.hr\/index.php\/ogranci\/\">u Ogranku Industrijska \u010detvrt GISKO.<\/a><\/li>\n<\/ul>\n<p><a href=\"https:\/\/www.gskos.unios.hr\/wp-content\/uploads\/2018\/04\/MALAGALA.jpg\"><img loading=\"lazy\" class=\"alignleft size-full wp-image-7954\" src=\"https:\/\/www.gskos.unios.hr\/wp-content\/uploads\/2018\/04\/MALAGALA.jpg\" alt=\"\" width=\"2359\" height=\"879\" srcset=\"https:\/\/www.gskos.unios.hr\/wp-content\/uploads\/2018\/04\/MALAGALA.jpg 2359w, https:\/\/www.gskos.unios.hr\/wp-content\/uploads\/2018\/04\/MALAGALA-300x112.jpg 300w, https:\/\/www.gskos.unios.hr\/wp-content\/uploads\/2018\/04\/MALAGALA-768x286.jpg 768w, https:\/\/www.gskos.unios.hr\/wp-content\/uploads\/2018\/04\/MALAGALA-1024x382.jpg 1024w, https:\/\/www.gskos.unios.hr\/wp-content\/uploads\/2018\/04\/MALAGALA-696x259.jpg 696w, https:\/\/www.gskos.unios.hr\/wp-content\/uploads\/2018\/04\/MALAGALA-1068x398.jpg 1068w, https:\/\/www.gskos.unios.hr\/wp-content\/uploads\/2018\/04\/MALAGALA-1127x420.jpg 1127w\" sizes=\"(max-width: 2359px) 100vw, 2359px\" \/><\/a><\/p>\n","protected":false},"excerpt":{"rendered":"<p>Tijekom mjeseca lipnja, u sklopu projekta Mala galerija GISKO, u Ogranku Industrijska \u010detvrt Gradske i sveu\u010dili\u0161ne knji\u017enice Osijek mo\u017ee se pogledati izlo\u017eba slikarskih radova Mare Batini\u0107 &#8220;Nikad nije kasno&#8221;. Mara Batini\u0107 , na\u0161a je sugra\u0111anka, umirovljenica i ve\u0107 niz godina \u010dlanica likovne udruge amatera Osijek LIKAR. Velika je zaljubljenica u putovanja, bicikliranje i prirodu\u00a0 pa<\/p>\n","protected":false},"author":8,"featured_media":14566,"comment_status":"closed","ping_status":"closed","sticky":false,"template":"","format":"standard","meta":{"_mi_skip_tracking":false},"categories":[39,50],"tags":[],"_links":{"self":[{"href":"https:\/\/www.gskos.unios.hr\/index.php\/wp-json\/wp\/v2\/posts\/14564"}],"collection":[{"href":"https:\/\/www.gskos.unios.hr\/index.php\/wp-json\/wp\/v2\/posts"}],"about":[{"href":"https:\/\/www.gskos.unios.hr\/index.php\/wp-json\/wp\/v2\/types\/post"}],"author":[{"embeddable":true,"href":"https:\/\/www.gskos.unios.hr\/index.php\/wp-json\/wp\/v2\/users\/8"}],"replies":[{"embeddable":true,"href":"https:\/\/www.gskos.unios.hr\/index.php\/wp-json\/wp\/v2\/comments?post=14564"}],"version-history":[{"count":2,"href":"https:\/\/www.gskos.unios.hr\/index.php\/wp-json\/wp\/v2\/posts\/14564\/revisions"}],"predecessor-version":[{"id":14568,"href":"https:\/\/www.gskos.unios.hr\/index.php\/wp-json\/wp\/v2\/posts\/14564\/revisions\/14568"}],"wp:featuredmedia":[{"embeddable":true,"href":"https:\/\/www.gskos.unios.hr\/index.php\/wp-json\/wp\/v2\/media\/14566"}],"wp:attachment":[{"href":"https:\/\/www.gskos.unios.hr\/index.php\/wp-json\/wp\/v2\/media?parent=14564"}],"wp:term":[{"taxonomy":"category","embeddable":true,"href":"https:\/\/www.gskos.unios.hr\/index.php\/wp-json\/wp\/v2\/categories?post=14564"},{"taxonomy":"post_tag","embeddable":true,"href":"https:\/\/www.gskos.unios.hr\/index.php\/wp-json\/wp\/v2\/tags?post=14564"}],"curies":[{"name":"wp","href":"https:\/\/api.w.org\/{rel}","templated":true}]}}