{"id":14611,"date":"2021-06-28T09:37:37","date_gmt":"2021-06-28T07:37:37","guid":{"rendered":"https:\/\/www.gskos.unios.hr\/?p=14611"},"modified":"2025-06-25T18:36:43","modified_gmt":"2025-06-25T16:36:43","slug":"festival-slikovnice-cuvari-prica-snovoslovci","status":"publish","type":"post","link":"https:\/\/www.gskos.unios.hr\/index.php\/festival-slikovnice-cuvari-prica-snovoslovci\/","title":{"rendered":"Festival slikovnice \u201c\u010cuvari pri\u010da\u201d: SnovoSlovci"},"content":{"rendered":"<p>Ljeto u Gradskoj i sveu\u010dili\u0161noj knji\u017enici Osijek i ove godine zapo\u010dinje Festivalom slikovnice &#8220;\u010cuvari pri\u010da&#8221;. Festival se odr\u017eava u sklopu programa Osje\u010dkog ljeta kulture, a uz Gradsku i sveu\u010dili\u0161nu knji\u017enicu Osijek, organizatori su Veleposlanstvo SAD-a u Hrvatskoj, Austrijski kulturni forum\u00a0 i Udruga za rad s mladima Breza.<\/p>\n<p>Dobro poznatoj ekipi \u010cuvara na SnovoSlovcima se pridru\u017euju neka nova imena. Pri\u010daonice i radionice odr\u017eavat \u0107e se u prostorima Gradske i sveu\u010dili\u0161na knji\u017enice Osijek, izlo\u017ebu SnovoSlovci mo\u0107i \u0107e se posjetiti u\u00a0 Kulturnom centru Osijek, a dio doga\u0111anja bit \u0107e dostupan preko dru\u0161tvenih mre\u017ea Knji\u017enice.<\/p>\n<p>Detaljan raspored doga\u0111anja navodimo u nastavku:<\/p>\n<p style=\"text-align: center;\"><strong>Festival slikovnice &#8220;\u010cuvari pri\u010da&#8221;: SnovoSlovci<\/strong><br \/>\n<strong>1., 2. i 3. srpnja 2021. godine<\/strong><\/p>\n<p style=\"text-align: center;\"><strong>PROGRAM<\/strong><\/p>\n<p style=\"text-align: center;\"><strong>(s poveznicama na obrasce za prijave za sudjelovanje):<\/strong><\/p>\n<p><strong><u>\u010cETVRTAK, 1. SRPNJA<\/u><\/strong><\/p>\n<p><strong>SNOVOSLOVCI <\/strong><br \/>\nIzrada zastavica Festivala \u010cuvari pri\u010da<br \/>\n10.00 &#8211; 16.00 sati<br \/>\nDvori\u0161te Gradske i sveu\u010dili\u0161ne knji\u017enice Osijek (Europska avenija 24)<\/p>\n<p><strong>STORYTIME ZA MALENE SNOVOSLOVCE <\/strong><br \/>\nIvana Turk &amp; Merien Hadrovi\u0107<br \/>\n11.00 &#8211; 12.00 sati<br \/>\nDvori\u0161te Gradske i sveu\u010dili\u0161ne knji\u017enice Osijek (Europska avenija 24)<br \/>\nPRIJAVE<\/p>\n<p><strong>GLAZBENI SNOVOSLOV<\/strong><br \/>\nDaniel Major<br \/>\n16.00 &#8211; 17.00 sati<br \/>\nDvori\u0161te Gradske i sveu\u010dili\u0161ne knji\u017enice Osijek (Europska avenija 24)<br \/>\nPRIJAVE<\/p>\n<p><strong>OD BOCE DO \u017dIVOTINJE <\/strong><br \/>\nNives \u010ci\u010din-\u0160ain<br \/>\n17.00 &#8211; 19.00 sati<br \/>\nAmerican Corner Osijek (GISKO, Europska avenija 24)<br \/>\nPRIJAVE<\/p>\n<p><strong>TRAGOVIMA PRI\u010cA IZ DAVNINA <\/strong><br \/>\nZdenko Ba\u0161i\u0107<br \/>\n18.00 &#8211; 19.00 sati<br \/>\nDvori\u0161te Gradske i sveu\u010dili\u0161ne knji\u017enice Osijek (Europska avenija 24)<br \/>\nPRIJAVE<\/p>\n<p><strong>PRI\u010cOM TE ZOVEM <\/strong><br \/>\nMargareta Per\u0161i\u0107<br \/>\n19.00 &#8211; 20.00 sati<br \/>\nDvori\u0161te Gradske i sveu\u010dili\u0161ne knji\u017enice Osijek (Europska avenija 24)<\/p>\n<p><strong>KREATIVNO\u0160\u0106U DO ZVIJEZDA <\/strong><br \/>\nonline panel: Nives \u010ci\u010din-\u0160ain, \u017deljka Mezi\u0107, Margareta Per\u0161i\u0107, Tihana Ostre\u0161<br \/>\n20.00 &#8211; 21.00 sati<br \/>\n<a href=\"https:\/\/www.facebook.com\/americancornerosijek\">@americancornerosijek<\/a><\/p>\n<p>&nbsp;<\/p>\n<p><strong><u>PETAK, 2. SRPNJA<\/u><\/strong><\/p>\n<p><strong>SNOVOSLOVCI <\/strong><br \/>\nIzrada zastavica Festivala \u010cuvari pri\u010da<br \/>\n10.00 &#8211; 16.00 sati<br \/>\nDvori\u0161te Gradske i sveu\u010dili\u0161ne knji\u017enice Osijek (Europska avenija 24)<\/p>\n<p><strong>KAMISHIBAI CRVENKAPICA <\/strong><br \/>\nDaniela Skokovi\u0107<br \/>\n10.00 &#8211; 11.00 sati<br \/>\nDvori\u0161te Gradske i sveu\u010dili\u0161ne knji\u017enice Osijek (Europska avenija 24)<br \/>\nPRIJAVE<\/p>\n<p><strong>SLIKAMO VODOM<\/strong><br \/>\n\u017deljka Mezi\u0107<br \/>\n11.00 &#8211; 12.00 sati<br \/>\nAmerican Corner Osijek (GISKO, Europska avenija 24)<br \/>\nPRIJAVE<\/p>\n<p><strong>OD BOCE DO \u017dIVOTINJE<\/strong><br \/>\nNives \u010ci\u010din-\u0160ain<br \/>\n15.00 &#8211; 17.00 sati<br \/>\nDvori\u0161te Gradske i sveu\u010dili\u0161ne knji\u017enice Osijek (Europska avenija 24)<br \/>\nPRIJAVE<\/p>\n<p><strong>KU\u0106ICE ZA MALE VILENJAKE<\/strong><br \/>\n16.00 &#8211; 17.00 sati<br \/>\nTihana Ostre\u0161<br \/>\nAmerican Corner Osijek (GISKO, Europska avenija 24)<br \/>\nPRIJAVE<\/p>\n<p><strong>KAKO NASTAJE RADIO EMISIJA<\/strong><br \/>\nDavor Vrande\u010di\u0107<br \/>\n17.00 &#8211; 18.00 sati<br \/>\nAmerican Corner Osijek (GISKO, Europska avenija 24)<br \/>\nPRIJAVE<\/p>\n<p><strong>UPOZNAJTE ILUSTRATORICU<\/strong><br \/>\nZoom dru\u017eenje: Lisa Maria Wagner<br \/>\n17.00 &#8211; 18.00 sati<br \/>\n<a href=\"https:\/\/www.facebook.com\/festivalslikovnice\/\">@festivalslikovnice<\/a><br \/>\nPRIJAVE<\/p>\n<p><strong>IZLO\u017dBA SNOVOSLOVCI<\/strong><br \/>\n19.00 &#8211; 20.00 sati<br \/>\nKulturni centar Osijek, Ulica kneza Trpimira 2\/a<\/p>\n<p>&nbsp;<\/p>\n<p><strong><u>SUBOTA, 3. SRPNJA<\/u><\/strong><\/p>\n<p><strong>TRAGOVIMA PRI\u010cA IZ DAVNINA<\/strong><br \/>\nZdenko Ba\u0161i\u0107<br \/>\n10.00 &#8211; 11.00 sati<br \/>\nDvori\u0161te Gradske i sveu\u010dili\u0161ne knji\u017enice Osijek (Europska avenija 24)<br \/>\nPRIJAVE<\/p>\n<p><strong>CRTAMO ZATVORENIH O\u010cIJU<\/strong><br \/>\n\u017deljka Mezi\u0107<br \/>\n11.00 &#8211; 12.00 sati<br \/>\nAmerican Corner Osijek (GISKO, Europska avenija 24)<br \/>\nPRIJAVE<\/p>\n<p><strong>PRVO SLOVO &#8211; SNOVOSLOVO<\/strong><br \/>\nDra\u017een Jerabek<br \/>\n16.00 &#8211; 17.00 sati<br \/>\nDvori\u0161te Gradske i sveu\u010dili\u0161ne knji\u017enice Osijek (Europska avenija 24)<br \/>\nPRIJAVE<\/p>\n<p><strong>PRI\u010cOM TE ZOVEM<\/strong><br \/>\nMargareta Per\u0161i\u0107<br \/>\n17.00 &#8211; 18.00 sati<br \/>\nDvori\u0161te Gradske i sveu\u010dili\u0161ne knji\u017enice Osijek (Europska avenija 24)<\/p>\n<p><strong>BUBNJEVI PRI\u010cAJU<\/strong><br \/>\nRitmOS \u2013 bubnjarska skupina<br \/>\n18.00 &#8211; 19.00 sati<br \/>\nDvori\u0161te Gradske i sveu\u010dili\u0161ne knji\u017enice Osijek (Europska avenija 24)<\/p>\n<p><img loading=\"lazy\" class=\"aligncenter wp-image-14612 size-full\" src=\"https:\/\/www.gskos.unios.hr\/wp-content\/uploads\/2021\/06\/cuvari-2021-program-e1624518414684.png\" alt=\"\" width=\"1024\" height=\"1436\" \/><\/p>\n<p>Vi\u0161e informacija o doga\u0111anju:<\/p>\n<ul>\n<li><a href=\"https:\/\/www.facebook.com\/festivalslikovnice\/\">\u010cuvari pri\u010da \u2013 Odjel za rad s djecom i mladima GISKO<\/a><\/li>\n<li><a href=\"https:\/\/www.gskos.unios.hr\/index.php\/odjel-za-rad-s-djecom-i-mladima\/\">Odjel za rad s djecom i mladima GISKO<\/a>.<\/li>\n<\/ul>\n","protected":false},"excerpt":{"rendered":"<p>Ljeto u Gradskoj i sveu\u010dili\u0161noj knji\u017enici Osijek i ove godine zapo\u010dinje Festivalom slikovnice &#8220;\u010cuvari pri\u010da&#8221;. Festival se odr\u017eava u sklopu programa Osje\u010dkog ljeta kulture, a uz Gradsku i sveu\u010dili\u0161nu knji\u017enicu Osijek, organizatori su Veleposlanstvo SAD-a u Hrvatskoj, Austrijski kulturni forum\u00a0 i Udruga za rad s mladima Breza. Dobro poznatoj ekipi \u010cuvara na SnovoSlovcima se pridru\u017euju<\/p>\n","protected":false},"author":14,"featured_media":14617,"comment_status":"closed","ping_status":"closed","sticky":false,"template":"","format":"standard","meta":{"_mi_skip_tracking":false},"categories":[1,48],"tags":[],"_links":{"self":[{"href":"https:\/\/www.gskos.unios.hr\/index.php\/wp-json\/wp\/v2\/posts\/14611"}],"collection":[{"href":"https:\/\/www.gskos.unios.hr\/index.php\/wp-json\/wp\/v2\/posts"}],"about":[{"href":"https:\/\/www.gskos.unios.hr\/index.php\/wp-json\/wp\/v2\/types\/post"}],"author":[{"embeddable":true,"href":"https:\/\/www.gskos.unios.hr\/index.php\/wp-json\/wp\/v2\/users\/14"}],"replies":[{"embeddable":true,"href":"https:\/\/www.gskos.unios.hr\/index.php\/wp-json\/wp\/v2\/comments?post=14611"}],"version-history":[{"count":14,"href":"https:\/\/www.gskos.unios.hr\/index.php\/wp-json\/wp\/v2\/posts\/14611\/revisions"}],"predecessor-version":[{"id":21963,"href":"https:\/\/www.gskos.unios.hr\/index.php\/wp-json\/wp\/v2\/posts\/14611\/revisions\/21963"}],"wp:featuredmedia":[{"embeddable":true,"href":"https:\/\/www.gskos.unios.hr\/index.php\/wp-json\/wp\/v2\/media\/14617"}],"wp:attachment":[{"href":"https:\/\/www.gskos.unios.hr\/index.php\/wp-json\/wp\/v2\/media?parent=14611"}],"wp:term":[{"taxonomy":"category","embeddable":true,"href":"https:\/\/www.gskos.unios.hr\/index.php\/wp-json\/wp\/v2\/categories?post=14611"},{"taxonomy":"post_tag","embeddable":true,"href":"https:\/\/www.gskos.unios.hr\/index.php\/wp-json\/wp\/v2\/tags?post=14611"}],"curies":[{"name":"wp","href":"https:\/\/api.w.org\/{rel}","templated":true}]}}