{"id":14644,"date":"2021-06-24T13:41:07","date_gmt":"2021-06-24T11:41:07","guid":{"rendered":"https:\/\/www.gskos.unios.hr\/?p=14644"},"modified":"2021-06-24T13:57:42","modified_gmt":"2021-06-24T11:57:42","slug":"izlozba-cuvari-kulture-nepokorenoga-grada","status":"publish","type":"post","link":"https:\/\/www.gskos.unios.hr\/index.php\/izlozba-cuvari-kulture-nepokorenoga-grada\/","title":{"rendered":"Izlo\u017eba &#8220;\u010cuvari kulture Nepokorenoga Grada&#8221;"},"content":{"rendered":"<p style=\"text-align: justify;\">Povodom Dana neovisnosti i 30. obljetnice Crvenog fi\u0107e, u izlo\u017ebenoj auli u prizemlju Gradske i sveu\u010dili\u0161ne knji\u017enice Osijek, od <strong>petka, 25. lipnja 2021. godine<\/strong> mo\u017ee se pogledati <strong>izlo\u017eba <\/strong>pod nazivom<strong> &#8220;\u010cuvari kulture Nepokorenoga Grada&#8221;<\/strong>. Izlo\u017eba &#8220;\u010cuvari kulture Nepokorenoga Grada&#8221; prikazuje rad ustanova u kulturi krajem 1991. i po\u010detkom 1992. godine i prilog je kulturi sje\u0107anja na to va\u017eno razdoblje hrvatske povijesti. Sastoji se od osam tiskanih postera i popratne knji\u017eni\u010dne gra\u0111e. Izlo\u017eba \u0107e biti dostupna i u virtualnom obliku na mre\u017enim stranicama Knji\u017enice kao jedna od zavi\u010dajnih pri\u010da:<br \/>\n<a href=\"https:\/\/www.gskos.unios.hr\/index.php\/zavicajne-price\/\">https:\/\/www.gskos.unios.hr\/index.php\/zavicajne-price\/<\/a>.<\/p>\n<p style=\"text-align: justify;\">Dodatne informacije mogu se dobiti na broj telefona:<\/p>\n<ul>\n<li style=\"text-align: justify;\"><a href=\"https:\/\/www.gskos.unios.hr\/index.php\/odsjek_za_odrasle\/\">Posudbeni odjel za odrasle GISKO<\/a><\/li>\n<\/ul>\n","protected":false},"excerpt":{"rendered":"<p>Povodom Dana neovisnosti i 30. obljetnice Crvenog fi\u0107e, u izlo\u017ebenoj auli u prizemlju Gradske i sveu\u010dili\u0161ne knji\u017enice Osijek, od petka, 25. lipnja 2021. godine mo\u017ee se pogledati izlo\u017eba pod nazivom &#8220;\u010cuvari kulture Nepokorenoga Grada&#8221;. Izlo\u017eba &#8220;\u010cuvari kulture Nepokorenoga Grada&#8221; prikazuje rad ustanova u kulturi krajem 1991. i po\u010detkom 1992. godine i prilog je kulturi sje\u0107anja<\/p>\n","protected":false},"author":8,"featured_media":14650,"comment_status":"closed","ping_status":"closed","sticky":false,"template":"","format":"standard","meta":{"_mi_skip_tracking":false},"categories":[39,56],"tags":[],"_links":{"self":[{"href":"https:\/\/www.gskos.unios.hr\/index.php\/wp-json\/wp\/v2\/posts\/14644"}],"collection":[{"href":"https:\/\/www.gskos.unios.hr\/index.php\/wp-json\/wp\/v2\/posts"}],"about":[{"href":"https:\/\/www.gskos.unios.hr\/index.php\/wp-json\/wp\/v2\/types\/post"}],"author":[{"embeddable":true,"href":"https:\/\/www.gskos.unios.hr\/index.php\/wp-json\/wp\/v2\/users\/8"}],"replies":[{"embeddable":true,"href":"https:\/\/www.gskos.unios.hr\/index.php\/wp-json\/wp\/v2\/comments?post=14644"}],"version-history":[{"count":3,"href":"https:\/\/www.gskos.unios.hr\/index.php\/wp-json\/wp\/v2\/posts\/14644\/revisions"}],"predecessor-version":[{"id":14647,"href":"https:\/\/www.gskos.unios.hr\/index.php\/wp-json\/wp\/v2\/posts\/14644\/revisions\/14647"}],"wp:featuredmedia":[{"embeddable":true,"href":"https:\/\/www.gskos.unios.hr\/index.php\/wp-json\/wp\/v2\/media\/14650"}],"wp:attachment":[{"href":"https:\/\/www.gskos.unios.hr\/index.php\/wp-json\/wp\/v2\/media?parent=14644"}],"wp:term":[{"taxonomy":"category","embeddable":true,"href":"https:\/\/www.gskos.unios.hr\/index.php\/wp-json\/wp\/v2\/categories?post=14644"},{"taxonomy":"post_tag","embeddable":true,"href":"https:\/\/www.gskos.unios.hr\/index.php\/wp-json\/wp\/v2\/tags?post=14644"}],"curies":[{"name":"wp","href":"https:\/\/api.w.org\/{rel}","templated":true}]}}