{"id":15180,"date":"2021-09-03T10:29:38","date_gmt":"2021-09-03T08:29:38","guid":{"rendered":"https:\/\/www.gskos.unios.hr\/?p=15180"},"modified":"2021-09-03T10:29:38","modified_gmt":"2021-09-03T08:29:38","slug":"izlozba-radova-od-drveta-slavonija-u-mojim-rukama","status":"publish","type":"post","link":"https:\/\/www.gskos.unios.hr\/index.php\/izlozba-radova-od-drveta-slavonija-u-mojim-rukama\/","title":{"rendered":"Izlo\u017eba radova od drveta &#8220;Slavonija u mojim rukama&#8221;"},"content":{"rendered":"<p style=\"text-align: justify;\">Tijekom<strong> mjeseca rujna <\/strong>u<strong> Ogranku Industrijska \u010detvrt <\/strong>Gradske i sveu\u010dili\u0161ne knji\u017enice Osijek mo\u017ee se pogledati<strong> izlo\u017eba radova od drveta &#8220;Slavonija u mojim rukama&#8221; <\/strong>Osje\u010danina<strong> Mihaela \u0160amadana. <\/strong>Radovi su izlo\u017eeni u sklopu projekta<strong> <a href=\"https:\/\/www.gskos.unios.hr\/index.php\/category\/projekti-i-programi\/mala-galerija-gisko\/\">Mala galerija GISKO<\/a>.<\/strong><\/p>\n<p style=\"text-align: justify;\">Mihael \u0160amadan ro\u0111en je 1978. godine u Osijeku. Mladost je proveo na slavonskim rijekama istra\u017euju\u0107i s prijateljima s kojeg je mosta najbolje sko\u010diti. Zavr\u0161io je Stru\u010dni studij sestrinstva. Obradom drveta po\u010deo se baviti slu\u010dajno, a ljubav prema drvetu kao materijalu navela ga je da istra\u017euje mogu\u0107nosti izra\u017eavanja estetike samog drveta. Njegova zanatska vje\u0161tina slu\u017ei mu za pokazivanje specifi\u010dnosti i ljepote strukture i boja razli\u010ditih vrsta drveta.. Ovo je prvo javno izlaganje Mihaela \u0160amadana, a radovi su rezultat njegove dugogodi\u0161nje posve\u0107enosti drvetu kao materijalu koji se s pravom mo\u017ee zvati simbolom Slavonije<strong>.<\/strong><\/p>\n<p style=\"text-align: justify;\">Izlo\u017ebu je mogu\u0107e pogledati tijekom rujna 2021 godine u radno vrijeme Knji\u017enice, uz po\u0161tivanje svih epidemiolo\u0161kih mjera.<\/p>\n<p style=\"text-align: justify;\">\nDodatne informacije o izlo\u017ebi mogu se dobiti na broj telefona:<\/p>\n<ul style=\"text-align: justify;\">\n<li><a href=\"https:\/\/www.gskos.unios.hr\/index.php\/ogranci\/\">Ogranak Industrijska \u010detvrt GISKO<\/a><\/li>\n<\/ul>\n<p style=\"text-align: justify;\"><a href=\"https:\/\/www.gskos.unios.hr\/wp-content\/uploads\/2018\/04\/MALAGALA.jpg\"><img loading=\"lazy\" class=\"alignleft size-full wp-image-7954\" src=\"https:\/\/www.gskos.unios.hr\/wp-content\/uploads\/2018\/04\/MALAGALA.jpg\" alt=\"\" width=\"2359\" height=\"879\" srcset=\"https:\/\/www.gskos.unios.hr\/wp-content\/uploads\/2018\/04\/MALAGALA.jpg 2359w, https:\/\/www.gskos.unios.hr\/wp-content\/uploads\/2018\/04\/MALAGALA-300x112.jpg 300w, https:\/\/www.gskos.unios.hr\/wp-content\/uploads\/2018\/04\/MALAGALA-768x286.jpg 768w, https:\/\/www.gskos.unios.hr\/wp-content\/uploads\/2018\/04\/MALAGALA-1024x382.jpg 1024w, https:\/\/www.gskos.unios.hr\/wp-content\/uploads\/2018\/04\/MALAGALA-696x259.jpg 696w, https:\/\/www.gskos.unios.hr\/wp-content\/uploads\/2018\/04\/MALAGALA-1068x398.jpg 1068w, https:\/\/www.gskos.unios.hr\/wp-content\/uploads\/2018\/04\/MALAGALA-1127x420.jpg 1127w\" sizes=\"(max-width: 2359px) 100vw, 2359px\" \/><\/a><\/p>\n<p style=\"text-align: justify;\">\n","protected":false},"excerpt":{"rendered":"<p>Tijekom mjeseca rujna u Ogranku Industrijska \u010detvrt Gradske i sveu\u010dili\u0161ne knji\u017enice Osijek mo\u017ee se pogledati izlo\u017eba radova od drveta &#8220;Slavonija u mojim rukama&#8221; Osje\u010danina Mihaela \u0160amadana. Radovi su izlo\u017eeni u sklopu projekta Mala galerija GISKO. Mihael \u0160amadan ro\u0111en je 1978. godine u Osijeku. Mladost je proveo na slavonskim rijekama istra\u017euju\u0107i s prijateljima s kojeg je<\/p>\n","protected":false},"author":8,"featured_media":15181,"comment_status":"closed","ping_status":"closed","sticky":false,"template":"","format":"standard","meta":{"_mi_skip_tracking":false},"categories":[39,50,34],"tags":[],"_links":{"self":[{"href":"https:\/\/www.gskos.unios.hr\/index.php\/wp-json\/wp\/v2\/posts\/15180"}],"collection":[{"href":"https:\/\/www.gskos.unios.hr\/index.php\/wp-json\/wp\/v2\/posts"}],"about":[{"href":"https:\/\/www.gskos.unios.hr\/index.php\/wp-json\/wp\/v2\/types\/post"}],"author":[{"embeddable":true,"href":"https:\/\/www.gskos.unios.hr\/index.php\/wp-json\/wp\/v2\/users\/8"}],"replies":[{"embeddable":true,"href":"https:\/\/www.gskos.unios.hr\/index.php\/wp-json\/wp\/v2\/comments?post=15180"}],"version-history":[{"count":1,"href":"https:\/\/www.gskos.unios.hr\/index.php\/wp-json\/wp\/v2\/posts\/15180\/revisions"}],"predecessor-version":[{"id":15182,"href":"https:\/\/www.gskos.unios.hr\/index.php\/wp-json\/wp\/v2\/posts\/15180\/revisions\/15182"}],"wp:featuredmedia":[{"embeddable":true,"href":"https:\/\/www.gskos.unios.hr\/index.php\/wp-json\/wp\/v2\/media\/15181"}],"wp:attachment":[{"href":"https:\/\/www.gskos.unios.hr\/index.php\/wp-json\/wp\/v2\/media?parent=15180"}],"wp:term":[{"taxonomy":"category","embeddable":true,"href":"https:\/\/www.gskos.unios.hr\/index.php\/wp-json\/wp\/v2\/categories?post=15180"},{"taxonomy":"post_tag","embeddable":true,"href":"https:\/\/www.gskos.unios.hr\/index.php\/wp-json\/wp\/v2\/tags?post=15180"}],"curies":[{"name":"wp","href":"https:\/\/api.w.org\/{rel}","templated":true}]}}