{"id":15298,"date":"2021-10-05T09:52:01","date_gmt":"2021-10-05T07:52:01","guid":{"rendered":"https:\/\/www.gskos.unios.hr\/?p=15298"},"modified":"2021-10-06T09:43:01","modified_gmt":"2021-10-06T07:43:01","slug":"izlozba-fotografija-uzvisenost-obicnoga","status":"publish","type":"post","link":"https:\/\/www.gskos.unios.hr\/index.php\/izlozba-fotografija-uzvisenost-obicnoga\/","title":{"rendered":"Izlo\u017eba fotografija &#8220;Uzvi\u0161enost obi\u010dnoga&#8221;"},"content":{"rendered":"<p style=\"text-align: justify;\">Tijekom<strong> mjeseca listopada <\/strong>u<strong> Ogranku Industrijska \u010detvrt <\/strong>Gradske i sveu\u010dili\u0161ne knji\u017enice Osijek mo\u017ee se pogledati<strong> izlo\u017eba fotografija &#8220;Uzvi\u0161enost obi\u010dnoga&#8221; <\/strong>autora<strong> Zlatka Venusa. <\/strong>Radovi su izlo\u017eeni u sklopu projekta<strong> <a href=\"https:\/\/www.gskos.unios.hr\/index.php\/category\/projekti-i-programi\/mala-galerija-gisko\/\">Mala galerija GISKO<\/a>.<\/strong><\/p>\n<p style=\"text-align: justify;\">Zlatko Venus je ro\u0111en u Osijeku gdje je zavr\u0161io osnovnu \u0161kolu i Op\u0107u gimnaziju. Studirao je na Pedago\u0161koj akademiji u Rijeci, a u Osijeku je diplomirao i na Pedago\u0161kom fakultetu, gdje dobiva zvanje magistra struke. (mag.prim.educ.) Radio je na osnovnim i podru\u010dnim \u0161kolama od Vara\u017edina do Erduta, gdje i danas vodi dva razreda kao u\u010ditelj. Fotografijom se bavi od 1975. godine, a \u010dlan je Fotokluba Osijek od 1977. Kao vrsni poznavatelj fotografije, pod njegovim objektivom nastao je \u010ditav niz fotografija, a izlo\u017eba <em>Uzvi\u0161enost obi\u010dnoga<\/em> samo je presjek njegovih uspje\u0161nih i nagra\u0111ivanih radova. Sredinom osamdesetih godina dobiva stru\u010dno zvanje nastavnika fotografije FSJ zbog zasluga u vo\u0111enju fotote\u010daja i fotoradionica u Osijeku i Dalmaciji (\u0160ibenik, otok Oboljan i dr). Zavr\u0161ava i dopisnu \u0161kolu kaligrafije u SAD-u. Ovo mu je 4. samostalna izlo\u017eba, a sudjelovao je na vi\u0161e od 50 zajedni\u010dkih izlo\u017ebi, gdje je osvajao mnogo priznanja i nagrada. Kako s\u00e2m ka\u017ee, najvi\u0161e voli fotkati du\u017e jadranske obale, a ponajvi\u0161e na Kvarneru i Istri jer je u du\u0161i Mediteranac<\/p>\n<p style=\"text-align: justify;\"><a href=\"https:\/\/www.gskos.unios.hr\/wp-content\/uploads\/2021\/10\/244188810_653591108943615_3734330752879201945_n.jpg\"><img loading=\"lazy\" class=\"size-full wp-image-15300 aligncenter\" src=\"https:\/\/www.gskos.unios.hr\/wp-content\/uploads\/2021\/10\/244188810_653591108943615_3734330752879201945_n.jpg\" alt=\"\" width=\"630\" height=\"417\" srcset=\"https:\/\/www.gskos.unios.hr\/wp-content\/uploads\/2021\/10\/244188810_653591108943615_3734330752879201945_n.jpg 630w, https:\/\/www.gskos.unios.hr\/wp-content\/uploads\/2021\/10\/244188810_653591108943615_3734330752879201945_n-300x199.jpg 300w\" sizes=\"(max-width: 630px) 100vw, 630px\" \/><\/a>Izlo\u017ebu je mogu\u0107e pogledati tijekom listopada 2021 godine u radno vrijeme Knji\u017enice, uz po\u0161tivanje svih epidemiolo\u0161kih mjera.<\/p>\n<p style=\"text-align: justify;\">Dodatne informacije o izlo\u017ebi mogu se dobiti na broj telefona:<\/p>\n<ul>\n<li style=\"text-align: justify;\"><a href=\"https:\/\/www.gskos.unios.hr\/index.php\/ogranci\/\">Ogranak Industrijska \u010detvrt GISKO<\/a><\/li>\n<\/ul>\n<p><a href=\"https:\/\/www.gskos.unios.hr\/wp-content\/uploads\/2018\/04\/MALAGALA.jpg\"><img loading=\"lazy\" class=\"alignleft size-full wp-image-7954\" src=\"https:\/\/www.gskos.unios.hr\/wp-content\/uploads\/2018\/04\/MALAGALA.jpg\" alt=\"\" width=\"2359\" height=\"879\" srcset=\"https:\/\/www.gskos.unios.hr\/wp-content\/uploads\/2018\/04\/MALAGALA.jpg 2359w, https:\/\/www.gskos.unios.hr\/wp-content\/uploads\/2018\/04\/MALAGALA-300x112.jpg 300w, https:\/\/www.gskos.unios.hr\/wp-content\/uploads\/2018\/04\/MALAGALA-768x286.jpg 768w, https:\/\/www.gskos.unios.hr\/wp-content\/uploads\/2018\/04\/MALAGALA-1024x382.jpg 1024w, https:\/\/www.gskos.unios.hr\/wp-content\/uploads\/2018\/04\/MALAGALA-696x259.jpg 696w, https:\/\/www.gskos.unios.hr\/wp-content\/uploads\/2018\/04\/MALAGALA-1068x398.jpg 1068w, https:\/\/www.gskos.unios.hr\/wp-content\/uploads\/2018\/04\/MALAGALA-1127x420.jpg 1127w\" sizes=\"(max-width: 2359px) 100vw, 2359px\" \/><\/a><\/p>\n","protected":false},"excerpt":{"rendered":"<p>Tijekom mjeseca listopada u Ogranku Industrijska \u010detvrt Gradske i sveu\u010dili\u0161ne knji\u017enice Osijek mo\u017ee se pogledati izlo\u017eba fotografija &#8220;Uzvi\u0161enost obi\u010dnoga&#8221; autora Zlatka Venusa. Radovi su izlo\u017eeni u sklopu projekta Mala galerija GISKO. Zlatko Venus je ro\u0111en u Osijeku gdje je zavr\u0161io osnovnu \u0161kolu i Op\u0107u gimnaziju. Studirao je na Pedago\u0161koj akademiji u Rijeci, a u Osijeku<\/p>\n","protected":false},"author":8,"featured_media":15299,"comment_status":"closed","ping_status":"closed","sticky":false,"template":"","format":"standard","meta":{"_mi_skip_tracking":false},"categories":[39,50,34],"tags":[],"_links":{"self":[{"href":"https:\/\/www.gskos.unios.hr\/index.php\/wp-json\/wp\/v2\/posts\/15298"}],"collection":[{"href":"https:\/\/www.gskos.unios.hr\/index.php\/wp-json\/wp\/v2\/posts"}],"about":[{"href":"https:\/\/www.gskos.unios.hr\/index.php\/wp-json\/wp\/v2\/types\/post"}],"author":[{"embeddable":true,"href":"https:\/\/www.gskos.unios.hr\/index.php\/wp-json\/wp\/v2\/users\/8"}],"replies":[{"embeddable":true,"href":"https:\/\/www.gskos.unios.hr\/index.php\/wp-json\/wp\/v2\/comments?post=15298"}],"version-history":[{"count":2,"href":"https:\/\/www.gskos.unios.hr\/index.php\/wp-json\/wp\/v2\/posts\/15298\/revisions"}],"predecessor-version":[{"id":15315,"href":"https:\/\/www.gskos.unios.hr\/index.php\/wp-json\/wp\/v2\/posts\/15298\/revisions\/15315"}],"wp:featuredmedia":[{"embeddable":true,"href":"https:\/\/www.gskos.unios.hr\/index.php\/wp-json\/wp\/v2\/media\/15299"}],"wp:attachment":[{"href":"https:\/\/www.gskos.unios.hr\/index.php\/wp-json\/wp\/v2\/media?parent=15298"}],"wp:term":[{"taxonomy":"category","embeddable":true,"href":"https:\/\/www.gskos.unios.hr\/index.php\/wp-json\/wp\/v2\/categories?post=15298"},{"taxonomy":"post_tag","embeddable":true,"href":"https:\/\/www.gskos.unios.hr\/index.php\/wp-json\/wp\/v2\/tags?post=15298"}],"curies":[{"name":"wp","href":"https:\/\/api.w.org\/{rel}","templated":true}]}}