{"id":15390,"date":"2021-10-19T09:37:48","date_gmt":"2021-10-19T07:37:48","guid":{"rendered":"https:\/\/www.gskos.unios.hr\/?p=15390"},"modified":"2021-10-19T09:37:48","modified_gmt":"2021-10-19T07:37:48","slug":"snizena-cijena-clanarine-za-prvi-upis-u-knjiznicu-3","status":"publish","type":"post","link":"https:\/\/www.gskos.unios.hr\/index.php\/snizena-cijena-clanarine-za-prvi-upis-u-knjiznicu-3\/","title":{"rendered":"Sni\u017eena cijena \u010dlanarine za prvi upis u Knji\u017enicu"},"content":{"rendered":"<p style=\"text-align: justify;\">Povodom Mjeseca hrvatske knjige 2021., u <strong>\u010detvrtak, 21. listopada 2021. godine<\/strong> korisnici Gradske i sveu\u010dili\u0161ne knji\u017enice Osijek koji se <strong>prvi put u\u010dlane u Knji\u017enicu<\/strong>, pla\u0107at \u0107e cijenu godi\u0161nje individualne \u010dlanarine te godi\u0161nje obiteljske \u010dlanarine <strong>10,00 kn manje<\/strong>. U\u010dlanjenje \u0107e mo\u0107i ostvariti tijekom dana, u radnom vremenu Knji\u017enice od <strong>8.00<\/strong> do <strong>19.30 sati<\/strong>, na <strong>svim odjelima <\/strong>i<strong> ograncima<\/strong>.<\/p>\n<table>\n<tbody>\n<tr>\n<td width=\"604\">\u00b7\u00a0\u00a0\u00a0\u00a0\u00a0\u00a0\u00a0\u00a0 <strong>Djeca, redovni studenti, umirovljenici<\/strong><\/td>\n<\/tr>\n<tr>\n<td width=\"604\"><strong>50 kn<\/strong><\/td>\n<\/tr>\n<tr>\n<td width=\"604\">\u00b7\u00a0\u00a0\u00a0\u00a0\u00a0\u00a0\u00a0\u00a0 <strong>Osnovni<\/strong><\/td>\n<\/tr>\n<tr>\n<td width=\"604\"><strong>70 kn<\/strong><\/td>\n<\/tr>\n<tr>\n<td width=\"604\">\u00b7\u00a0\u00a0\u00a0\u00a0\u00a0\u00a0\u00a0\u00a0 <strong>Obiteljski<\/strong><\/td>\n<\/tr>\n<tr>\n<td width=\"604\"><strong>90 kn<\/strong><\/td>\n<\/tr>\n<\/tbody>\n<\/table>\n<p style=\"text-align: justify;\">\n<p style=\"text-align: justify;\">Dodatne informacije mogu se dobiti na broj telefona:<\/p>\n<ul>\n<li style=\"text-align: justify;\"><a href=\"https:\/\/www.gskos.unios.hr\/index.php\/odsjek_za_odrasle\/\">Posudbeni odjel za odrasle GISKO<\/a><\/li>\n<\/ul>\n","protected":false},"excerpt":{"rendered":"<p>Povodom Mjeseca hrvatske knjige 2021., u \u010detvrtak, 21. listopada 2021. godine korisnici Gradske i sveu\u010dili\u0161ne knji\u017enice Osijek koji se prvi put u\u010dlane u Knji\u017enicu, pla\u0107at \u0107e cijenu godi\u0161nje individualne \u010dlanarine te godi\u0161nje obiteljske \u010dlanarine 10,00 kn manje. U\u010dlanjenje \u0107e mo\u0107i ostvariti tijekom dana, u radnom vremenu Knji\u017enice od 8.00 do 19.30 sati, na svim odjelima<\/p>\n","protected":false},"author":8,"featured_media":14720,"comment_status":"closed","ping_status":"closed","sticky":false,"template":"","format":"standard","meta":{"_mi_skip_tracking":false},"categories":[47],"tags":[],"_links":{"self":[{"href":"https:\/\/www.gskos.unios.hr\/index.php\/wp-json\/wp\/v2\/posts\/15390"}],"collection":[{"href":"https:\/\/www.gskos.unios.hr\/index.php\/wp-json\/wp\/v2\/posts"}],"about":[{"href":"https:\/\/www.gskos.unios.hr\/index.php\/wp-json\/wp\/v2\/types\/post"}],"author":[{"embeddable":true,"href":"https:\/\/www.gskos.unios.hr\/index.php\/wp-json\/wp\/v2\/users\/8"}],"replies":[{"embeddable":true,"href":"https:\/\/www.gskos.unios.hr\/index.php\/wp-json\/wp\/v2\/comments?post=15390"}],"version-history":[{"count":2,"href":"https:\/\/www.gskos.unios.hr\/index.php\/wp-json\/wp\/v2\/posts\/15390\/revisions"}],"predecessor-version":[{"id":15392,"href":"https:\/\/www.gskos.unios.hr\/index.php\/wp-json\/wp\/v2\/posts\/15390\/revisions\/15392"}],"wp:featuredmedia":[{"embeddable":true,"href":"https:\/\/www.gskos.unios.hr\/index.php\/wp-json\/wp\/v2\/media\/14720"}],"wp:attachment":[{"href":"https:\/\/www.gskos.unios.hr\/index.php\/wp-json\/wp\/v2\/media?parent=15390"}],"wp:term":[{"taxonomy":"category","embeddable":true,"href":"https:\/\/www.gskos.unios.hr\/index.php\/wp-json\/wp\/v2\/categories?post=15390"},{"taxonomy":"post_tag","embeddable":true,"href":"https:\/\/www.gskos.unios.hr\/index.php\/wp-json\/wp\/v2\/tags?post=15390"}],"curies":[{"name":"wp","href":"https:\/\/api.w.org\/{rel}","templated":true}]}}