{"id":15442,"date":"2021-10-26T07:49:38","date_gmt":"2021-10-26T05:49:38","guid":{"rendered":"https:\/\/www.gskos.unios.hr\/?p=15442"},"modified":"2021-10-26T07:49:38","modified_gmt":"2021-10-26T05:49:38","slug":"izlozba-postera-okrenuti-leda-austriji-osterreich-den-rucken-kehren","status":"publish","type":"post","link":"https:\/\/www.gskos.unios.hr\/index.php\/izlozba-postera-okrenuti-leda-austriji-osterreich-den-rucken-kehren\/","title":{"rendered":"Izlo\u017eba postera &#8220;Okrenuti le\u0111a Austriji&#8221; = &#8220;\u00d6sterreich den R\u00fccken kehren&#8221;"},"content":{"rendered":"<p style=\"text-align: justify;\">Povodom <strong>11. Dana austrijske kulture u Osijeku<\/strong>, Austrijski kulturni forum Zagreb, Odsjek za njema\u010dki jezik Filozofskog fakulteta u Osijeku i Austrijska \u010ditaonica Gradske i sveu\u010dili\u0161ne\u00a0 knji\u017enice u Osijeku,<strong> od ponedjeljka, 25. listopada 2021. godine <\/strong>mo\u017ee se pogledati<strong> izlo\u017eba postera &#8220;Okrenuti le\u0111a Austriji&#8221; = &#8220;\u00d6sterreich den R\u00fccken kehren&#8221;. <\/strong>Izlo\u017eba je postavljena u <strong>Austrijskoj \u010ditaonici<\/strong> Gradske i sveu\u010dili\u0161ne knji\u017enice Osijek.<\/p>\n<p style=\"text-align: justify;\">Mnogi su u Austriji napustili svoju domovinu kako bi potra\u017eili sre\u0107u u tu\u0111ini ili zato \u0161to su bili ugro\u017eeni siroma\u0161tvom ili progonom.<\/p>\n<p style=\"text-align: justify;\">Studentice i studenti Filozofskog fakulteta u Osijeku istra\u017eivali su, u okviru izbornog kolegija &#8220;Njema\u010dka i austrijska povijest 1848. \u2013 1945&#8221;, kako su i za\u0161to Austrijanke i Austrijanci u pro\u0161losti okretali le\u0111a svojoj domovini.<\/p>\n<p style=\"text-align: justify;\">Ishod ovog susreta mo\u017eete pratiti na interaktivnoj i dvojezi\u010dnoj izlo\u017ebi ili putem poveznice <a href=\"https:\/\/kulturforum-zagreb.org\/event\/okrenuti-leda-austriji\/\">online<\/a>.<\/p>\n<p style=\"text-align: justify;\">\n<p style=\"text-align: justify;\">Dodatne informacije mogu se dobiti na broj telefona:<\/p>\n<ul>\n<li style=\"text-align: justify;\"><a href=\"https:\/\/www.gskos.unios.hr\/index.php\/austrijska-citaonica\/\">Austrijska \u010ditaonica GISKO<\/a><\/li>\n<li style=\"text-align: justify;\"><a href=\"http:\/\/kulturforum-zagreb.org\/hr\/home\/\">Austrijski kulturni forum Zagreb<\/a><\/li>\n<\/ul>\n","protected":false},"excerpt":{"rendered":"<p>Povodom 11. Dana austrijske kulture u Osijeku, Austrijski kulturni forum Zagreb, Odsjek za njema\u010dki jezik Filozofskog fakulteta u Osijeku i Austrijska \u010ditaonica Gradske i sveu\u010dili\u0161ne\u00a0 knji\u017enice u Osijeku, od ponedjeljka, 25. listopada 2021. godine mo\u017ee se pogledati izlo\u017eba postera &#8220;Okrenuti le\u0111a Austriji&#8221; = &#8220;\u00d6sterreich den R\u00fccken kehren&#8221;. Izlo\u017eba je postavljena u Austrijskoj \u010ditaonici Gradske i<\/p>\n","protected":false},"author":7,"featured_media":15443,"comment_status":"closed","ping_status":"closed","sticky":false,"template":"","format":"standard","meta":{"_mi_skip_tracking":false},"categories":[1,36,39],"tags":[],"_links":{"self":[{"href":"https:\/\/www.gskos.unios.hr\/index.php\/wp-json\/wp\/v2\/posts\/15442"}],"collection":[{"href":"https:\/\/www.gskos.unios.hr\/index.php\/wp-json\/wp\/v2\/posts"}],"about":[{"href":"https:\/\/www.gskos.unios.hr\/index.php\/wp-json\/wp\/v2\/types\/post"}],"author":[{"embeddable":true,"href":"https:\/\/www.gskos.unios.hr\/index.php\/wp-json\/wp\/v2\/users\/7"}],"replies":[{"embeddable":true,"href":"https:\/\/www.gskos.unios.hr\/index.php\/wp-json\/wp\/v2\/comments?post=15442"}],"version-history":[{"count":1,"href":"https:\/\/www.gskos.unios.hr\/index.php\/wp-json\/wp\/v2\/posts\/15442\/revisions"}],"predecessor-version":[{"id":15444,"href":"https:\/\/www.gskos.unios.hr\/index.php\/wp-json\/wp\/v2\/posts\/15442\/revisions\/15444"}],"wp:featuredmedia":[{"embeddable":true,"href":"https:\/\/www.gskos.unios.hr\/index.php\/wp-json\/wp\/v2\/media\/15443"}],"wp:attachment":[{"href":"https:\/\/www.gskos.unios.hr\/index.php\/wp-json\/wp\/v2\/media?parent=15442"}],"wp:term":[{"taxonomy":"category","embeddable":true,"href":"https:\/\/www.gskos.unios.hr\/index.php\/wp-json\/wp\/v2\/categories?post=15442"},{"taxonomy":"post_tag","embeddable":true,"href":"https:\/\/www.gskos.unios.hr\/index.php\/wp-json\/wp\/v2\/tags?post=15442"}],"curies":[{"name":"wp","href":"https:\/\/api.w.org\/{rel}","templated":true}]}}