{"id":16151,"date":"2022-03-09T08:12:24","date_gmt":"2022-03-09T07:12:24","guid":{"rendered":"https:\/\/www.gskos.unios.hr\/?p=16151"},"modified":"2022-03-09T08:12:24","modified_gmt":"2022-03-09T07:12:24","slug":"izlozba-postera-i-predavanje-hrvatsko-njemacki-jezicni-dodiri","status":"publish","type":"post","link":"https:\/\/www.gskos.unios.hr\/index.php\/izlozba-postera-i-predavanje-hrvatsko-njemacki-jezicni-dodiri\/","title":{"rendered":"Izlo\u017eba postera i predavanje &#8220;Hrvatsko-njema\u010dki jezi\u010dni dodiri&#8221;"},"content":{"rendered":"<p style=\"text-align: justify;\">U organizaciji Austrijskog kulturnog foruma Zagreb, Odsjeka za njema\u010dki jezik i knji\u017eevnost Filozofskog fakulteta u Osijeku, Austrijske knji\u017enice Rijeka i Austrijske \u010ditaonice Gradske i sveu\u010dili\u0161ne knji\u017enice Osijek, u <strong>ponedjeljak,<\/strong> <strong>14. o\u017eujka 2022. godine<\/strong> s po\u010detkom u <strong>11.00 sati<\/strong>, u prostoru Studijske \u010ditaonice, prof. dr. sc. Aneta Stoji\u0107 odr\u017eat \u0107e <strong>predavanje <\/strong>na<strong> njema\u010dkome jeziku <\/strong>pod nazivom<strong> &#8220;Hrvatsko-njema\u010dki jezi\u010dni dodiri&#8221;<\/strong>, nakon \u010dega \u0107e prof. dr. sc. Leonard Pon s Odsjeka za njema\u010dki jezik i knji\u017eevnost Filozofskoga fakulteta u Osijeku provesti <strong>intervju <\/strong>s<strong> autoricom izlo\u017ebe <\/strong>na<strong> hrvatskome jeziku<\/strong>. Po\u010detak intervjua predvi\u0111en je u<strong> 11.45 sati<\/strong>. Po zavr\u0161etku predavanja i intervjua, u izlo\u017ebenim aulama u prizemlju i na katu bit \u0107e uprili\u010deno otvorenje <strong>izlo\u017ebe postera i knji\u017ene gra\u0111e<\/strong> pod nazivom <strong>&#8220;Hrvatsko-njema\u010dki jezi\u010dni dodiri&#8221;<\/strong>.<br \/>\n<a href=\"https:\/\/www.gskos.unios.hr\/wp-content\/uploads\/2022\/03\/Pozivnica-scaled.jpg\"><img loading=\"lazy\" class=\"alignright size-full wp-image-16153\" src=\"https:\/\/www.gskos.unios.hr\/wp-content\/uploads\/2022\/03\/Pozivnica-scaled.jpg\" alt=\"\" width=\"2560\" height=\"2211\" srcset=\"https:\/\/www.gskos.unios.hr\/wp-content\/uploads\/2022\/03\/Pozivnica-scaled.jpg 2560w, https:\/\/www.gskos.unios.hr\/wp-content\/uploads\/2022\/03\/Pozivnica-300x259.jpg 300w, https:\/\/www.gskos.unios.hr\/wp-content\/uploads\/2022\/03\/Pozivnica-1024x884.jpg 1024w, https:\/\/www.gskos.unios.hr\/wp-content\/uploads\/2022\/03\/Pozivnica-768x663.jpg 768w, https:\/\/www.gskos.unios.hr\/wp-content\/uploads\/2022\/03\/Pozivnica-1536x1327.jpg 1536w, https:\/\/www.gskos.unios.hr\/wp-content\/uploads\/2022\/03\/Pozivnica-2048x1769.jpg 2048w, https:\/\/www.gskos.unios.hr\/wp-content\/uploads\/2022\/03\/Pozivnica-534x462.jpg 534w, https:\/\/www.gskos.unios.hr\/wp-content\/uploads\/2022\/03\/Pozivnica-696x601.jpg 696w, https:\/\/www.gskos.unios.hr\/wp-content\/uploads\/2022\/03\/Pozivnica-1068x922.jpg 1068w, https:\/\/www.gskos.unios.hr\/wp-content\/uploads\/2022\/03\/Pozivnica-486x420.jpg 486w\" sizes=\"(max-width: 2560px) 100vw, 2560px\" \/><\/a><\/p>\n<p style=\"text-align: justify;\">Povijesne prilike u Hrvatskoj rezultirale su brojnim i raznolikim dodirima s drugim kulturama i jezicima, a me\u0111u njima i s govornicima njema\u010dkoga govornog podru\u010dja. Ovi hrvatsko-njema\u010dki dodiri bili su najintenzivniji za vrijeme vi\u0161estoljetne politi\u010dke i kulturne povezanosti Hrvatske s Habsbur\u0161kom Monarhijom kada je do\u0161lo do izravnoga dodira njema\u010dkoga i hrvatskoga jezika. Te su veze nesumnjivo ostavile dubok trag na stariju kao i noviju hrvatsku povijest koji se u hrvatskome jeziku najvi\u0161e o\u010dituje u obliku germanizama odnosno njema\u010dkih posu\u0111enica. Ovom se izlo\u017ebom pokazuju \u010dimbenici koji su utjecali na preuzimanje njema\u010dkih rije\u010di u hrvatski jezik, kao i rezultati u suvremenome hrvatskom jeziku. Izlo\u017eba je dvojezi\u010dna, na hrvatskome i na njema\u010dkome jeziku te projektna aktivnost Austrijske knji\u017enice Rijeka i Austrijskog kulturnog foruma Zagreb.<\/p>\n<p style=\"text-align: justify;\">Aneta Stoji\u0107 redovita je profesorica na Odsjeku za germanistiku Filozofskoga fakulteta Sveu\u010dili\u0161ta u Rijeci. Predaje lingvisti\u010dke kolegije, a u svojim znanstvenim radovima bavi se leksikolo\u0161kim, frazeolo\u0161kim i kontaktnolingvisti\u010dkim pojavama u hrvatskome i njema\u010dkome jeziku. Znanstvena je voditeljica Austrijske knji\u017enice Rijeka te se u tom svojstvu brine za promicanje njema\u010dkoga jezika i austrijske kulture u Hrvatskoj. O hrvatsko-njema\u010dkim jezi\u010dnim dodirima odr\u017eala je niz izlaganja i predavanja u zemlji i inozemstvu te objavila nekoliko knjiga i znanstvenih radova u doma\u0107im i me\u0111unarodnim publikacijama. Recentno djelo obuhva\u0107a sve rezultate dugogodi\u0161njih istra\u017eivanja hrvatsko-njema\u010dkih jezi\u010dnih veza u obliku rje\u010dnika germanizama koji je izdan 2020., a obuhva\u0107a vi\u0161e od 5000 natuknica, njema\u010dkih posu\u0111enica u mjesnim govorima Hrvatske.<\/p>\n<p>Predavanja i otvorenje izlo\u017ebe bit \u0107e odr\u017eani uz pridr\u017eavanje svih epidemiolo\u0161kih mjera zbog COVID-19 pandemije.<\/p>\n<p style=\"text-align: justify;\">Dodatne informacije mogu se dobiti na broj telefona:<\/p>\n<ul>\n<li style=\"text-align: justify;\"><a href=\"https:\/\/www.gskos.unios.hr\/index.php\/austrijska-citaonica\/\">Austrijska \u010ditaonica GISKO<\/a><\/li>\n<\/ul>\n<p><a href=\"https:\/\/www.gskos.unios.hr\/wp-content\/uploads\/2022\/03\/Deutsch-Kroatische-Sprachkontakte-C-Aneta-Stojic-1459x2048-1.jpg\"><img loading=\"lazy\" class=\"alignright size-full wp-image-16152\" src=\"https:\/\/www.gskos.unios.hr\/wp-content\/uploads\/2022\/03\/Deutsch-Kroatische-Sprachkontakte-C-Aneta-Stojic-1459x2048-1.jpg\" alt=\"\" width=\"1459\" height=\"2048\" srcset=\"https:\/\/www.gskos.unios.hr\/wp-content\/uploads\/2022\/03\/Deutsch-Kroatische-Sprachkontakte-C-Aneta-Stojic-1459x2048-1.jpg 1459w, https:\/\/www.gskos.unios.hr\/wp-content\/uploads\/2022\/03\/Deutsch-Kroatische-Sprachkontakte-C-Aneta-Stojic-1459x2048-1-214x300.jpg 214w, https:\/\/www.gskos.unios.hr\/wp-content\/uploads\/2022\/03\/Deutsch-Kroatische-Sprachkontakte-C-Aneta-Stojic-1459x2048-1-730x1024.jpg 730w, https:\/\/www.gskos.unios.hr\/wp-content\/uploads\/2022\/03\/Deutsch-Kroatische-Sprachkontakte-C-Aneta-Stojic-1459x2048-1-768x1078.jpg 768w, https:\/\/www.gskos.unios.hr\/wp-content\/uploads\/2022\/03\/Deutsch-Kroatische-Sprachkontakte-C-Aneta-Stojic-1459x2048-1-1094x1536.jpg 1094w, https:\/\/www.gskos.unios.hr\/wp-content\/uploads\/2022\/03\/Deutsch-Kroatische-Sprachkontakte-C-Aneta-Stojic-1459x2048-1-696x977.jpg 696w, https:\/\/www.gskos.unios.hr\/wp-content\/uploads\/2022\/03\/Deutsch-Kroatische-Sprachkontakte-C-Aneta-Stojic-1459x2048-1-1068x1499.jpg 1068w, https:\/\/www.gskos.unios.hr\/wp-content\/uploads\/2022\/03\/Deutsch-Kroatische-Sprachkontakte-C-Aneta-Stojic-1459x2048-1-299x420.jpg 299w\" sizes=\"(max-width: 1459px) 100vw, 1459px\" \/><\/a><\/p>\n","protected":false},"excerpt":{"rendered":"<p>U organizaciji Austrijskog kulturnog foruma Zagreb, Odsjeka za njema\u010dki jezik i knji\u017eevnost Filozofskog fakulteta u Osijeku, Austrijske knji\u017enice Rijeka i Austrijske \u010ditaonice Gradske i sveu\u010dili\u0161ne knji\u017enice Osijek, u ponedjeljak, 14. o\u017eujka 2022. godine s po\u010detkom u 11.00 sati, u prostoru Studijske \u010ditaonice, prof. dr. sc. Aneta Stoji\u0107 odr\u017eat \u0107e predavanje na njema\u010dkome jeziku pod nazivom<\/p>\n","protected":false},"author":8,"featured_media":16154,"comment_status":"closed","ping_status":"closed","sticky":false,"template":"","format":"standard","meta":{"_mi_skip_tracking":false},"categories":[36,39,40,35],"tags":[],"_links":{"self":[{"href":"https:\/\/www.gskos.unios.hr\/index.php\/wp-json\/wp\/v2\/posts\/16151"}],"collection":[{"href":"https:\/\/www.gskos.unios.hr\/index.php\/wp-json\/wp\/v2\/posts"}],"about":[{"href":"https:\/\/www.gskos.unios.hr\/index.php\/wp-json\/wp\/v2\/types\/post"}],"author":[{"embeddable":true,"href":"https:\/\/www.gskos.unios.hr\/index.php\/wp-json\/wp\/v2\/users\/8"}],"replies":[{"embeddable":true,"href":"https:\/\/www.gskos.unios.hr\/index.php\/wp-json\/wp\/v2\/comments?post=16151"}],"version-history":[{"count":1,"href":"https:\/\/www.gskos.unios.hr\/index.php\/wp-json\/wp\/v2\/posts\/16151\/revisions"}],"predecessor-version":[{"id":16155,"href":"https:\/\/www.gskos.unios.hr\/index.php\/wp-json\/wp\/v2\/posts\/16151\/revisions\/16155"}],"wp:featuredmedia":[{"embeddable":true,"href":"https:\/\/www.gskos.unios.hr\/index.php\/wp-json\/wp\/v2\/media\/16154"}],"wp:attachment":[{"href":"https:\/\/www.gskos.unios.hr\/index.php\/wp-json\/wp\/v2\/media?parent=16151"}],"wp:term":[{"taxonomy":"category","embeddable":true,"href":"https:\/\/www.gskos.unios.hr\/index.php\/wp-json\/wp\/v2\/categories?post=16151"},{"taxonomy":"post_tag","embeddable":true,"href":"https:\/\/www.gskos.unios.hr\/index.php\/wp-json\/wp\/v2\/tags?post=16151"}],"curies":[{"name":"wp","href":"https:\/\/api.w.org\/{rel}","templated":true}]}}