{"id":16482,"date":"2022-04-04T14:46:08","date_gmt":"2022-04-04T12:46:08","guid":{"rendered":"https:\/\/www.gskos.unios.hr\/?p=16482"},"modified":"2022-04-04T14:46:32","modified_gmt":"2022-04-04T12:46:32","slug":"pricaonice-u-travnju","status":"publish","type":"post","link":"https:\/\/www.gskos.unios.hr\/index.php\/pricaonice-u-travnju\/","title":{"rendered":"Pri\u010daonice u travnju"},"content":{"rendered":"<p style=\"text-align: justify;\">Odjel za rad s djecom i mladima Gradske i sveu\u010dili\u0161ne knji\u017enice Osijek u<strong> mjesecu travnju <\/strong>organizira <strong>pri\u010daonice<\/strong> u Sredi\u0161njoj knji\u017enici i u tri ogranka.<\/p>\n<p style=\"text-align: justify;\"><strong>Prsti\u0107i pri\u010daju<\/strong>, pri\u010de za najmla\u0111e korisnike Knji\u017enice (od ro\u0111enja do tre\u0107e godine starosti) i \u010dlanove njihovih obitelji odr\u017eavat \u0107e se srijedom u vremenu <strong>od 11.00 do 12.00 sati<\/strong> u <strong>igraonici<\/strong> Odjela za rad s djecom i mladima.<\/p>\n<p style=\"text-align: justify;\"><strong>Vrijeme za pri\u010du<\/strong>, namijenjeno korisnicima Knji\u017enice starijima od tri godine, odr\u017eavat \u0107e se srijedom u vremenu <strong>od 17.30 do 18.30 sati<\/strong> u <strong>igraonici <\/strong>Odjela za rad s djecom i mladima, u <strong>Ogranku Industrijska \u010detvrt<\/strong>, <strong>Ogranku Jug ll<\/strong> i <strong>Ogranku Retfala<\/strong>.<\/p>\n<p style=\"text-align: justify;\">\n<p style=\"text-align: justify;\">Vi\u0161e informacija mo\u017ee se dobiti:<\/p>\n<ul style=\"text-align: justify;\">\n<li>na <a href=\"https:\/\/www.gskos.unios.hr\/index.php\/odjel-za-rad-s-djecom-i-mladima\/\">Odjelu za rad s djecom i mladima GISKO<\/a>.<\/li>\n<\/ul>\n<p style=\"text-align: justify;\"><a href=\"https:\/\/www.gskos.unios.hr\/wp-content\/uploads\/2022\/04\/Pricaonice-u-travnju-plakat-e1649076340188.png\"><img loading=\"lazy\" class=\"aligncenter size-full wp-image-16483\" src=\"https:\/\/www.gskos.unios.hr\/wp-content\/uploads\/2022\/04\/Pricaonice-u-travnju-plakat-e1649076340188.png\" alt=\"\" width=\"791\" height=\"1024\" \/><\/a><\/p>\n","protected":false},"excerpt":{"rendered":"<p>Odjel za rad s djecom i mladima Gradske i sveu\u010dili\u0161ne knji\u017enice Osijek u mjesecu travnju organizira pri\u010daonice u Sredi\u0161njoj knji\u017enici i u tri ogranka. Prsti\u0107i pri\u010daju, pri\u010de za najmla\u0111e korisnike Knji\u017enice (od ro\u0111enja do tre\u0107e godine starosti) i \u010dlanove njihovih obitelji odr\u017eavat \u0107e se srijedom u vremenu od 11.00 do 12.00 sati u igraonici Odjela<\/p>\n","protected":false},"author":8,"featured_media":16484,"comment_status":"closed","ping_status":"closed","sticky":false,"template":"","format":"standard","meta":{"_mi_skip_tracking":false},"categories":[1,32],"tags":[],"_links":{"self":[{"href":"https:\/\/www.gskos.unios.hr\/index.php\/wp-json\/wp\/v2\/posts\/16482"}],"collection":[{"href":"https:\/\/www.gskos.unios.hr\/index.php\/wp-json\/wp\/v2\/posts"}],"about":[{"href":"https:\/\/www.gskos.unios.hr\/index.php\/wp-json\/wp\/v2\/types\/post"}],"author":[{"embeddable":true,"href":"https:\/\/www.gskos.unios.hr\/index.php\/wp-json\/wp\/v2\/users\/8"}],"replies":[{"embeddable":true,"href":"https:\/\/www.gskos.unios.hr\/index.php\/wp-json\/wp\/v2\/comments?post=16482"}],"version-history":[{"count":2,"href":"https:\/\/www.gskos.unios.hr\/index.php\/wp-json\/wp\/v2\/posts\/16482\/revisions"}],"predecessor-version":[{"id":16486,"href":"https:\/\/www.gskos.unios.hr\/index.php\/wp-json\/wp\/v2\/posts\/16482\/revisions\/16486"}],"wp:featuredmedia":[{"embeddable":true,"href":"https:\/\/www.gskos.unios.hr\/index.php\/wp-json\/wp\/v2\/media\/16484"}],"wp:attachment":[{"href":"https:\/\/www.gskos.unios.hr\/index.php\/wp-json\/wp\/v2\/media?parent=16482"}],"wp:term":[{"taxonomy":"category","embeddable":true,"href":"https:\/\/www.gskos.unios.hr\/index.php\/wp-json\/wp\/v2\/categories?post=16482"},{"taxonomy":"post_tag","embeddable":true,"href":"https:\/\/www.gskos.unios.hr\/index.php\/wp-json\/wp\/v2\/tags?post=16482"}],"curies":[{"name":"wp","href":"https:\/\/api.w.org\/{rel}","templated":true}]}}