{"id":16488,"date":"2022-04-05T08:24:40","date_gmt":"2022-04-05T06:24:40","guid":{"rendered":"https:\/\/www.gskos.unios.hr\/?p=16488"},"modified":"2022-04-05T08:28:51","modified_gmt":"2022-04-05T06:28:51","slug":"predavanje-cudnovate-zgode-segrta-hlapica-i-pocetci-hrvatskog-djecjeg-romana","status":"publish","type":"post","link":"https:\/\/www.gskos.unios.hr\/index.php\/predavanje-cudnovate-zgode-segrta-hlapica-i-pocetci-hrvatskog-djecjeg-romana\/","title":{"rendered":"Predavanje &#8220;\u010cudnovate zgode \u0161egrta Hlapi\u0107a i po\u010detci hrvatskog dje\u010djeg romana&#8221;"},"content":{"rendered":"<p style=\"text-align: justify;\">Gradska i sveu\u010dili\u0161na knji\u017enica Osijek u suradnji s Fakultetom za odgojne i obrazovne znanosti Osijek, u <strong>\u010detvrtak<\/strong>, <strong>7. travnja 2022. godine<\/strong> organizira <strong>predavanje &#8220;\u010cudnovate zgode \u0161egrta Hlapi\u0107a i po\u010detci hrvatskog dje\u010djeg romana&#8221;<\/strong> s po\u010detkom u <strong>12.30 sati <\/strong>u prostoru <strong>American Cornera Osijek.<\/strong><\/p>\n<p style=\"text-align: justify;\">Predavanje \u0107e odr\u017eati <strong>doc. dr. sc. Vedrana \u017divkovi\u0107 Zebec<\/strong>, \u010dije je znanstveno zanimanje usmjereno dje\u010djoj knji\u017eevnosti, posebice hrvatskom dje\u010djem romanu, koji je ujedno i tema ovomjese\u010dne izlo\u017ebe <strong>&#8220;<\/strong><strong>U\u0111ite u pri\u010du<\/strong><strong>&#8221; <\/strong>koja se mo\u017ee pogledati tijekom mjeseca travnja u izlo\u017ebenoj auli GISKO.<\/p>\n<p style=\"text-align: justify;\">Vi\u0161e informacija mo\u017ee se dobiti:<\/p>\n<ul>\n<li style=\"text-align: justify;\">na <a href=\"https:\/\/www.gskos.unios.hr\/index.php\/odjel-za-rad-s-djecom-i-mladima\/\">Odjelu za rad s djecom i mladima GISKO<\/a>.<\/li>\n<\/ul>\n<p><a href=\"https:\/\/www.gskos.unios.hr\/wp-content\/uploads\/2022\/04\/Predavanje-Cudnovate-zgode-e1649139835916.png\"><img loading=\"lazy\" class=\"aligncenter size-full wp-image-16489\" src=\"https:\/\/www.gskos.unios.hr\/wp-content\/uploads\/2022\/04\/Predavanje-Cudnovate-zgode-e1649139835916.png\" alt=\"\" width=\"742\" height=\"1024\" \/><\/a><\/p>\n","protected":false},"excerpt":{"rendered":"<p>Gradska i sveu\u010dili\u0161na knji\u017enica Osijek u suradnji s Fakultetom za odgojne i obrazovne znanosti Osijek, u \u010detvrtak, 7. travnja 2022. godine organizira predavanje &#8220;\u010cudnovate zgode \u0161egrta Hlapi\u0107a i po\u010detci hrvatskog dje\u010djeg romana&#8221; s po\u010detkom u 12.30 sati u prostoru American Cornera Osijek. Predavanje \u0107e odr\u017eati doc. dr. sc. Vedrana \u017divkovi\u0107 Zebec, \u010dije je znanstveno zanimanje<\/p>\n","protected":false},"author":8,"featured_media":16492,"comment_status":"closed","ping_status":"closed","sticky":false,"template":"","format":"standard","meta":{"_mi_skip_tracking":false},"categories":[1,37,40],"tags":[],"_links":{"self":[{"href":"https:\/\/www.gskos.unios.hr\/index.php\/wp-json\/wp\/v2\/posts\/16488"}],"collection":[{"href":"https:\/\/www.gskos.unios.hr\/index.php\/wp-json\/wp\/v2\/posts"}],"about":[{"href":"https:\/\/www.gskos.unios.hr\/index.php\/wp-json\/wp\/v2\/types\/post"}],"author":[{"embeddable":true,"href":"https:\/\/www.gskos.unios.hr\/index.php\/wp-json\/wp\/v2\/users\/8"}],"replies":[{"embeddable":true,"href":"https:\/\/www.gskos.unios.hr\/index.php\/wp-json\/wp\/v2\/comments?post=16488"}],"version-history":[{"count":3,"href":"https:\/\/www.gskos.unios.hr\/index.php\/wp-json\/wp\/v2\/posts\/16488\/revisions"}],"predecessor-version":[{"id":16494,"href":"https:\/\/www.gskos.unios.hr\/index.php\/wp-json\/wp\/v2\/posts\/16488\/revisions\/16494"}],"wp:featuredmedia":[{"embeddable":true,"href":"https:\/\/www.gskos.unios.hr\/index.php\/wp-json\/wp\/v2\/media\/16492"}],"wp:attachment":[{"href":"https:\/\/www.gskos.unios.hr\/index.php\/wp-json\/wp\/v2\/media?parent=16488"}],"wp:term":[{"taxonomy":"category","embeddable":true,"href":"https:\/\/www.gskos.unios.hr\/index.php\/wp-json\/wp\/v2\/categories?post=16488"},{"taxonomy":"post_tag","embeddable":true,"href":"https:\/\/www.gskos.unios.hr\/index.php\/wp-json\/wp\/v2\/tags?post=16488"}],"curies":[{"name":"wp","href":"https:\/\/api.w.org\/{rel}","templated":true}]}}