{"id":16504,"date":"2022-04-08T10:20:36","date_gmt":"2022-04-08T08:20:36","guid":{"rendered":"https:\/\/www.gskos.unios.hr\/?p=16504"},"modified":"2022-04-08T10:23:28","modified_gmt":"2022-04-08T08:23:28","slug":"ffos-biciklijada","status":"publish","type":"post","link":"https:\/\/www.gskos.unios.hr\/index.php\/ffos-biciklijada\/","title":{"rendered":"FFOS biciklijada"},"content":{"rendered":"<p style=\"text-align: justify;\">Povodom Dana planeta Zemlja i manifestacije <em>No\u0107 knjige<\/em>, u subotu 23. 4. 2022., odr\u017eat \u0107e se tradicionalna\u00a0FFOS-ova\u00a0biciklijada na ruti Osijek \u2013 Kopa\u010dki rit. Biciklijada se i ove godine organizira u znak podr\u0161ke nacionalnoj kampanji Hrvatskog knji\u017eni\u010darskog dru\u0161tva za osobe s te\u0161ko\u0107ama \u010ditanja i disleksijom \u201cI ja \u017eelim \u010ditati\u201d, a u njoj mogu sudjelovati svi zainteresirani studenti, nastavnici i gra\u0111ani.<\/p>\n<p style=\"text-align: justify;\">Suorganizatori Biciklijade su Filozofski fakultet Osijek, Klub studenata informacijskih znanosti \u201eLibros\u201c, Gradska i sveu\u010dili\u0161na knji\u017enica Osijek, Osnovna \u0161kola Franje Kre\u017eme, Dru\u0161tvo knji\u017eni\u010dara Slavonije, Baranje i Srijema, te osje\u010dki ogranak Hrvatskog \u010ditateljskog dru\u0161tva.<\/p>\n<p style=\"text-align: justify;\">Polazak iz Osijeka planira se u 9.00 sati s parkirali\u0161ta Filozofskog fakulteta (L. Jaegera 9), a povratak je u ranim popodnevnim satima. Osobe mla\u0111e od 18 godina trebaju imati pratnju, a za a sudionike mla\u0111e od 16 godina obvezno je no\u0161enje za\u0161titne kacige. Prijava za sudjelovanje nije potrebna. U slu\u010daju lo\u0161eg vremena, biciklijada se odga\u0111a za sljede\u0107i, povoljniji vikend.<\/p>\n<p style=\"text-align: justify;\">Udruga <em>Sport za sve<\/em> osigurala je odre\u0111eni broj bicikala za sudionike koji nemaju vlastiti bicikl. Za rezervaciju bicikla i sve dodatne informacije mo\u017eete se obratiti e-po\u0161tom na <a href=\"mailto:biciklijada@ffos.hr\">biciklijada@ffos.hr<\/a>.<\/p>\n<p>&nbsp;<\/p>\n","protected":false},"excerpt":{"rendered":"<p>Povodom Dana planeta Zemlja i manifestacije No\u0107 knjige, u subotu 23. 4. 2022., odr\u017eat \u0107e se tradicionalna\u00a0FFOS-ova\u00a0biciklijada na ruti Osijek \u2013 Kopa\u010dki rit. Biciklijada se i ove godine organizira u znak podr\u0161ke nacionalnoj kampanji Hrvatskog knji\u017eni\u010darskog dru\u0161tva za osobe s te\u0161ko\u0107ama \u010ditanja i disleksijom \u201cI ja \u017eelim \u010ditati\u201d, a u njoj mogu sudjelovati svi zainteresirani<\/p>\n","protected":false},"author":8,"featured_media":16505,"comment_status":"closed","ping_status":"closed","sticky":false,"template":"","format":"standard","meta":{"_mi_skip_tracking":false},"categories":[47],"tags":[],"_links":{"self":[{"href":"https:\/\/www.gskos.unios.hr\/index.php\/wp-json\/wp\/v2\/posts\/16504"}],"collection":[{"href":"https:\/\/www.gskos.unios.hr\/index.php\/wp-json\/wp\/v2\/posts"}],"about":[{"href":"https:\/\/www.gskos.unios.hr\/index.php\/wp-json\/wp\/v2\/types\/post"}],"author":[{"embeddable":true,"href":"https:\/\/www.gskos.unios.hr\/index.php\/wp-json\/wp\/v2\/users\/8"}],"replies":[{"embeddable":true,"href":"https:\/\/www.gskos.unios.hr\/index.php\/wp-json\/wp\/v2\/comments?post=16504"}],"version-history":[{"count":3,"href":"https:\/\/www.gskos.unios.hr\/index.php\/wp-json\/wp\/v2\/posts\/16504\/revisions"}],"predecessor-version":[{"id":16509,"href":"https:\/\/www.gskos.unios.hr\/index.php\/wp-json\/wp\/v2\/posts\/16504\/revisions\/16509"}],"wp:featuredmedia":[{"embeddable":true,"href":"https:\/\/www.gskos.unios.hr\/index.php\/wp-json\/wp\/v2\/media\/16505"}],"wp:attachment":[{"href":"https:\/\/www.gskos.unios.hr\/index.php\/wp-json\/wp\/v2\/media?parent=16504"}],"wp:term":[{"taxonomy":"category","embeddable":true,"href":"https:\/\/www.gskos.unios.hr\/index.php\/wp-json\/wp\/v2\/categories?post=16504"},{"taxonomy":"post_tag","embeddable":true,"href":"https:\/\/www.gskos.unios.hr\/index.php\/wp-json\/wp\/v2\/tags?post=16504"}],"curies":[{"name":"wp","href":"https:\/\/api.w.org\/{rel}","templated":true}]}}