{"id":16522,"date":"2022-04-11T11:03:12","date_gmt":"2022-04-11T09:03:12","guid":{"rendered":"https:\/\/www.gskos.unios.hr\/?p=16522"},"modified":"2022-04-11T11:03:12","modified_gmt":"2022-04-11T09:03:12","slug":"obiljezavanje-150-obljetnice-rodenja-roda-rode","status":"publish","type":"post","link":"https:\/\/www.gskos.unios.hr\/index.php\/obiljezavanje-150-obljetnice-rodenja-roda-rode\/","title":{"rendered":"Obilje\u017eavanje 150. obljetnice ro\u0111enja Roda Rode"},"content":{"rendered":"<p style=\"text-align: justify;\">U organizaciji Austrijskog kulturnog foruma Zagreb, Odsjeka za njema\u010dki jezik i knji\u017eevnost Filozofskog fakulteta Osijek, i Austrijske \u010ditaonice Gradske i sveu\u010dili\u0161ne knji\u017enice Osijek, u <strong>srijedu,<\/strong> <strong>13. travnja 2022. godine<\/strong> s po\u010detkom u <strong>12.00 sati<\/strong>, u prostoru <strong>Studijske \u010ditaonice<\/strong>, prof. dr. sc. Vlado Obad odr\u017eat \u0107e <strong>izlaganje na hrvatskom jeziku <\/strong>pod nazivom<strong> &#8220;Roda Roda&#8221;<\/strong>. Po zavr\u0161etku izlaganja, u izlo\u017ebenoj auli na katu bit \u0107e uprili\u010deno otvorenje dvojezi\u010dne (hrvatsko-njema\u010dke) <strong>izlo\u017ebe postera i knji\u017ene gra\u0111e<\/strong> pod nazivom <strong>&#8220;Roda Roda : radost \u017eivljenja i pisanja = Roda Roda : Lebens- und Schreiblust&#8221;<\/strong>.<\/p>\n<p style=\"text-align: justify;\">Humorist Roda Roda proveo je svoje djetinjstvo i mladost u Slavoniji, kojoj je posvetio velik broj svojih pri\u010da i anegdota. S\u00e1ndor Friedrich Rosenfeld ili Alexander Friedrich Ladislaus Roda Roda, kako se kasnije naziva, ro\u0111en je 13. travnja 1872. u Drnovicama, Moravska (tada u Austro-Ugarskoj, danas u \u010ce\u0161koj).<\/p>\n<p style=\"text-align: justify;\">Povodom<strong> 150. godi\u0161njice Roda Rodina<\/strong> <strong>ro\u0111enja<\/strong> Austrijski kulturni forum Zagreb, Austrijska \u010ditaonica Gradske i sveu\u010dili\u0161ne knji\u017enice Osijek i Filozofski fakultet Osijek na jedan dan o\u017eivljuju uspomenu na nekada slavnog sugra\u0111anina.<\/p>\n<p style=\"text-align: justify;\">Upoznajte jednog od najve\u0107ih zabavlja\u010da austro-ugarske kulturne scene u prvoj polovini 20. stolje\u0107a!<\/p>\n<p style=\"text-align: justify;\">\n<p style=\"text-align: justify;\">Dodatne informacije mogu se dobiti na broj telefona:<\/p>\n<ul>\n<li style=\"text-align: justify;\"><a href=\"https:\/\/www.gskos.unios.hr\/index.php\/austrijska-citaonica\/\">Austrijska \u010ditaonica GISKO<\/a><\/li>\n<li style=\"text-align: justify;\"><a href=\"https:\/\/kulturforum-zagreb.org\/event\/roda-roda\/\">Austrijski kulturni forum Zagreb<\/a><\/li>\n<\/ul>\n<p><a href=\"https:\/\/www.gskos.unios.hr\/wp-content\/uploads\/2022\/04\/Roda.jpg\"><img loading=\"lazy\" class=\"aligncenter size-full wp-image-16524\" src=\"https:\/\/www.gskos.unios.hr\/wp-content\/uploads\/2022\/04\/Roda.jpg\" alt=\"\" width=\"636\" height=\"904\" srcset=\"https:\/\/www.gskos.unios.hr\/wp-content\/uploads\/2022\/04\/Roda.jpg 636w, https:\/\/www.gskos.unios.hr\/wp-content\/uploads\/2022\/04\/Roda-211x300.jpg 211w, https:\/\/www.gskos.unios.hr\/wp-content\/uploads\/2022\/04\/Roda-295x420.jpg 295w\" sizes=\"(max-width: 636px) 100vw, 636px\" \/><\/a><\/p>\n","protected":false},"excerpt":{"rendered":"<p>U organizaciji Austrijskog kulturnog foruma Zagreb, Odsjeka za njema\u010dki jezik i knji\u017eevnost Filozofskog fakulteta Osijek, i Austrijske \u010ditaonice Gradske i sveu\u010dili\u0161ne knji\u017enice Osijek, u srijedu, 13. travnja 2022. godine s po\u010detkom u 12.00 sati, u prostoru Studijske \u010ditaonice, prof. dr. sc. Vlado Obad odr\u017eat \u0107e izlaganje na hrvatskom jeziku pod nazivom &#8220;Roda Roda&#8221;. Po zavr\u0161etku<\/p>\n","protected":false},"author":8,"featured_media":16523,"comment_status":"closed","ping_status":"closed","sticky":false,"template":"","format":"standard","meta":{"_mi_skip_tracking":false},"categories":[36,39],"tags":[],"_links":{"self":[{"href":"https:\/\/www.gskos.unios.hr\/index.php\/wp-json\/wp\/v2\/posts\/16522"}],"collection":[{"href":"https:\/\/www.gskos.unios.hr\/index.php\/wp-json\/wp\/v2\/posts"}],"about":[{"href":"https:\/\/www.gskos.unios.hr\/index.php\/wp-json\/wp\/v2\/types\/post"}],"author":[{"embeddable":true,"href":"https:\/\/www.gskos.unios.hr\/index.php\/wp-json\/wp\/v2\/users\/8"}],"replies":[{"embeddable":true,"href":"https:\/\/www.gskos.unios.hr\/index.php\/wp-json\/wp\/v2\/comments?post=16522"}],"version-history":[{"count":2,"href":"https:\/\/www.gskos.unios.hr\/index.php\/wp-json\/wp\/v2\/posts\/16522\/revisions"}],"predecessor-version":[{"id":16558,"href":"https:\/\/www.gskos.unios.hr\/index.php\/wp-json\/wp\/v2\/posts\/16522\/revisions\/16558"}],"wp:featuredmedia":[{"embeddable":true,"href":"https:\/\/www.gskos.unios.hr\/index.php\/wp-json\/wp\/v2\/media\/16523"}],"wp:attachment":[{"href":"https:\/\/www.gskos.unios.hr\/index.php\/wp-json\/wp\/v2\/media?parent=16522"}],"wp:term":[{"taxonomy":"category","embeddable":true,"href":"https:\/\/www.gskos.unios.hr\/index.php\/wp-json\/wp\/v2\/categories?post=16522"},{"taxonomy":"post_tag","embeddable":true,"href":"https:\/\/www.gskos.unios.hr\/index.php\/wp-json\/wp\/v2\/tags?post=16522"}],"curies":[{"name":"wp","href":"https:\/\/api.w.org\/{rel}","templated":true}]}}