{"id":17064,"date":"2022-06-08T07:40:21","date_gmt":"2022-06-08T05:40:21","guid":{"rendered":"https:\/\/www.gskos.unios.hr\/?p=17064"},"modified":"2022-06-08T07:40:21","modified_gmt":"2022-06-08T05:40:21","slug":"izlozba-djecjih-radova-knjiga-u-godini-citanja","status":"publish","type":"post","link":"https:\/\/www.gskos.unios.hr\/index.php\/izlozba-djecjih-radova-knjiga-u-godini-citanja\/","title":{"rendered":"Izlo\u017eba dje\u010djih radova &#8220;Knjiga u godini \u010ditanja&#8221;"},"content":{"rendered":"<p style=\"text-align: justify;\">Tijekom <strong>lipnja <\/strong>i <strong>srpnja 2022.<\/strong>, u Ogranku <strong>Industrijska \u010detvrt<\/strong> Gradske i sveu\u010dili\u0161ne knji\u017enice Osijek mo\u017ee se pogledati <strong>izlo\u017eba dje\u010djih radova<\/strong> pod nazivom <strong>&#8220;<\/strong><strong>Knjiga u godini \u010ditanja<\/strong><strong>&#8220;<\/strong>, a koja se odr\u017eava u sklopu projekta <a href=\"http:\/\/www.gskos.hr\/?upit=sadrzaj&amp;id=189\">Mala galerija GISKO<\/a>.<\/p>\n<p style=\"text-align: justify;\">Rije\u010d je projektu koji je proveden u O\u0160 Antun Mihanovi\u0107 i O\u0160 August \u0160enoa, u godini \u010ditanja. Suradnjom knji\u017eni\u010darki Anice Bokor (O\u0160 August \u0160enoa) i Marije Rastovski (O\u0160 Antun Mihanovi\u0107) i njihove vjerou\u010diteljice Ru\u017eice Papi\u0107 nastalo je 57 samostalnih, autorskih slikovnica u\u010denik\u00e2 4. razreda iz obiju \u0161kola. Neke su slikovnice vjerskog karaktera, a neke su male sli\u010dice iz \u017eivota. Sva su djela vrlo uspje\u0161no izvedeni radovi u kojima je vidljivo da je ulo\u017eeno jako puno truda i volje i od strane nastavnika, ali i vrijednih u\u010denika.<\/p>\n<p style=\"text-align: justify;\"><a href=\"https:\/\/www.gskos.unios.hr\/wp-content\/uploads\/2022\/06\/viber_slika_2022-06-07_14-00-27-858-e1654666674251.jpg\"><img loading=\"lazy\" class=\"alignleft wp-image-17066 size-full\" src=\"https:\/\/www.gskos.unios.hr\/wp-content\/uploads\/2022\/06\/viber_slika_2022-06-07_14-00-27-858-e1654666674251.jpg\" alt=\"\" width=\"1024\" height=\"576\" \/><\/a>Ovakvi projekti pribli\u017eavaju djeci knjige, ali i stvarala\u010dki kreativni rad te vas pozivamo da pregledate \u0161to su vrijedne u\u010deni\u010dke ruke napravile, a mo\u017eda prona\u0111ete i ideju za to kako zabaviti va\u0161e mali\u0161ane tijekom ljeta. Izlo\u017ebu dje\u010djih radova <em>Knjige u godini \u010ditanja<\/em> je mogu\u0107e pogledati u radno vrijeme Knji\u017enice .<\/p>\n<p style=\"text-align: justify;\"><a href=\"https:\/\/www.youtube.com\/embed\/GP0EVowb_bg\"><strong>Projekt Knjiga u godini \u010ditanja<\/strong><\/a><\/p>\n<p style=\"text-align: justify;\">Dodatne informacije mogu se dobiti na broj telefona:<\/p>\n<ul>\n<li style=\"text-align: justify;\"><a href=\"https:\/\/www.gskos.unios.hr\/index.php\/ogranci\/\">Ogranak Industrijska \u010detvrt GISKO<\/a><\/li>\n<\/ul>\n<p><a href=\"https:\/\/www.gskos.unios.hr\/wp-content\/uploads\/2018\/02\/MALAGALA.jpg\"><img loading=\"lazy\" class=\"alignleft wp-image-7275 size-full\" src=\"https:\/\/www.gskos.unios.hr\/wp-content\/uploads\/2018\/02\/MALAGALA.jpg\" alt=\"\" width=\"2359\" height=\"879\" srcset=\"https:\/\/www.gskos.unios.hr\/wp-content\/uploads\/2018\/02\/MALAGALA.jpg 2359w, https:\/\/www.gskos.unios.hr\/wp-content\/uploads\/2018\/02\/MALAGALA-300x112.jpg 300w, https:\/\/www.gskos.unios.hr\/wp-content\/uploads\/2018\/02\/MALAGALA-768x286.jpg 768w, https:\/\/www.gskos.unios.hr\/wp-content\/uploads\/2018\/02\/MALAGALA-1024x382.jpg 1024w, https:\/\/www.gskos.unios.hr\/wp-content\/uploads\/2018\/02\/MALAGALA-696x259.jpg 696w, https:\/\/www.gskos.unios.hr\/wp-content\/uploads\/2018\/02\/MALAGALA-1068x398.jpg 1068w, https:\/\/www.gskos.unios.hr\/wp-content\/uploads\/2018\/02\/MALAGALA-1127x420.jpg 1127w\" sizes=\"(max-width: 2359px) 100vw, 2359px\" \/><\/a><\/p>\n","protected":false},"excerpt":{"rendered":"<p>Tijekom lipnja i srpnja 2022., u Ogranku Industrijska \u010detvrt Gradske i sveu\u010dili\u0161ne knji\u017enice Osijek mo\u017ee se pogledati izlo\u017eba dje\u010djih radova pod nazivom &#8220;Knjiga u godini \u010ditanja&#8220;, a koja se odr\u017eava u sklopu projekta Mala galerija GISKO. Rije\u010d je projektu koji je proveden u O\u0160 Antun Mihanovi\u0107 i O\u0160 August \u0160enoa, u godini \u010ditanja. Suradnjom knji\u017eni\u010darki<\/p>\n","protected":false},"author":8,"featured_media":17065,"comment_status":"closed","ping_status":"closed","sticky":false,"template":"","format":"standard","meta":{"_mi_skip_tracking":false},"categories":[1,39,50,34],"tags":[],"_links":{"self":[{"href":"https:\/\/www.gskos.unios.hr\/index.php\/wp-json\/wp\/v2\/posts\/17064"}],"collection":[{"href":"https:\/\/www.gskos.unios.hr\/index.php\/wp-json\/wp\/v2\/posts"}],"about":[{"href":"https:\/\/www.gskos.unios.hr\/index.php\/wp-json\/wp\/v2\/types\/post"}],"author":[{"embeddable":true,"href":"https:\/\/www.gskos.unios.hr\/index.php\/wp-json\/wp\/v2\/users\/8"}],"replies":[{"embeddable":true,"href":"https:\/\/www.gskos.unios.hr\/index.php\/wp-json\/wp\/v2\/comments?post=17064"}],"version-history":[{"count":1,"href":"https:\/\/www.gskos.unios.hr\/index.php\/wp-json\/wp\/v2\/posts\/17064\/revisions"}],"predecessor-version":[{"id":17068,"href":"https:\/\/www.gskos.unios.hr\/index.php\/wp-json\/wp\/v2\/posts\/17064\/revisions\/17068"}],"wp:featuredmedia":[{"embeddable":true,"href":"https:\/\/www.gskos.unios.hr\/index.php\/wp-json\/wp\/v2\/media\/17065"}],"wp:attachment":[{"href":"https:\/\/www.gskos.unios.hr\/index.php\/wp-json\/wp\/v2\/media?parent=17064"}],"wp:term":[{"taxonomy":"category","embeddable":true,"href":"https:\/\/www.gskos.unios.hr\/index.php\/wp-json\/wp\/v2\/categories?post=17064"},{"taxonomy":"post_tag","embeddable":true,"href":"https:\/\/www.gskos.unios.hr\/index.php\/wp-json\/wp\/v2\/tags?post=17064"}],"curies":[{"name":"wp","href":"https:\/\/api.w.org\/{rel}","templated":true}]}}