{"id":17090,"date":"2022-06-20T10:28:59","date_gmt":"2022-06-20T08:28:59","guid":{"rendered":"https:\/\/www.gskos.unios.hr\/?p=17090"},"modified":"2022-06-20T10:28:59","modified_gmt":"2022-06-20T08:28:59","slug":"predstavljanje-knjige-rane-i-oziljci-proslosti","status":"publish","type":"post","link":"https:\/\/www.gskos.unios.hr\/index.php\/predstavljanje-knjige-rane-i-oziljci-proslosti\/","title":{"rendered":"Predstavljanje knjige &#8220;Rane i o\u017eiljci pro\u0161losti&#8221;"},"content":{"rendered":"<p style=\"text-align: justify;\">U organizaciji Gradske i sveu\u010dili\u0161ne knji\u017enice Osijek, u <strong>\u010detvrtak,<\/strong> <strong>23. lipnja 2022. godine<\/strong> s po\u010detkom u <strong>18.00 sati<\/strong>, u prostoru <strong>Austrijske \u010ditaonice<\/strong> odr\u017eat \u0107e se <strong>predstavljanje knjige <\/strong>autora <strong>Pavla Biuklije<\/strong> pod nazivom <strong>&#8220;Rane i o\u017eiljci pro\u0161losti&#8221;<\/strong>.<\/p>\n<p style=\"text-align: justify;\">Pavle Biuklija je obi\u010dan &#8220;\u010dovjek iz naroda&#8221; ro\u0111en u Osijeku 1981. godine. Iako je zavr\u0161io ekonomski fakultet, oduvijek su ga zanimali psihologija i filozofija. Ljubav prema pisanju imao je jo\u0161 u osnovnoj \u0161koli, no tu je ljubav prepoznao tek nedavno i nedugo prije nastanka njegova prvijenca &#8220;Rane i o\u017eiljci pro\u0161losti&#8221;. To je autobiografska knjiga samopomo\u0107i \u010dijim je pisanjem, a koriste\u0107i popularnu psihologiju, autor prvenstveno pomogao sebi kroz terapeutski u\u010dinak pisanja te razumijevanje, naizgled, negativnih doga\u0111aja u svojem \u017eivota. Sada kroz nju \u017eeli drugima ponuditi svoja shva\u0107anja i spoznaje kako bi dobili druga\u010diji i pozitivniji pogled na svoj \u017eivot. U svojem privatnom \u017eivotu Pavle je ekstrovertna osoba koja voli dru\u017eenje, dok u intimi svoga uma i dalje istra\u017euje tajne ljudske psihe i duhovnosti te poku\u0161ava razumjeti kako svijet funkcionira. Pojednostavljeno, on je student \u017eivota.<\/p>\n<p style=\"text-align: justify;\">\n<p style=\"text-align: justify;\">Dodatne informacije mogu se dobiti na broj telefona:<\/p>\n<ul style=\"text-align: justify;\">\n<li><a href=\"https:\/\/www.gskos.unios.hr\/index.php\/odsjek_za_odrasle\/\">Posudbeni odjel za odrasle GISKO<\/a><\/li>\n<\/ul>\n<p style=\"text-align: justify;\">\n<p style=\"text-align: justify;\">\n","protected":false},"excerpt":{"rendered":"<p>U organizaciji Gradske i sveu\u010dili\u0161ne knji\u017enice Osijek, u \u010detvrtak, 23. lipnja 2022. godine s po\u010detkom u 18.00 sati, u prostoru Austrijske \u010ditaonice odr\u017eat \u0107e se predstavljanje knjige autora Pavla Biuklije pod nazivom &#8220;Rane i o\u017eiljci pro\u0161losti&#8221;. Pavle Biuklija je obi\u010dan &#8220;\u010dovjek iz naroda&#8221; ro\u0111en u Osijeku 1981. godine. Iako je zavr\u0161io ekonomski fakultet, oduvijek su<\/p>\n","protected":false},"author":7,"featured_media":17091,"comment_status":"closed","ping_status":"closed","sticky":false,"template":"","format":"standard","meta":{"_mi_skip_tracking":false},"categories":[1,36,40],"tags":[],"_links":{"self":[{"href":"https:\/\/www.gskos.unios.hr\/index.php\/wp-json\/wp\/v2\/posts\/17090"}],"collection":[{"href":"https:\/\/www.gskos.unios.hr\/index.php\/wp-json\/wp\/v2\/posts"}],"about":[{"href":"https:\/\/www.gskos.unios.hr\/index.php\/wp-json\/wp\/v2\/types\/post"}],"author":[{"embeddable":true,"href":"https:\/\/www.gskos.unios.hr\/index.php\/wp-json\/wp\/v2\/users\/7"}],"replies":[{"embeddable":true,"href":"https:\/\/www.gskos.unios.hr\/index.php\/wp-json\/wp\/v2\/comments?post=17090"}],"version-history":[{"count":1,"href":"https:\/\/www.gskos.unios.hr\/index.php\/wp-json\/wp\/v2\/posts\/17090\/revisions"}],"predecessor-version":[{"id":17092,"href":"https:\/\/www.gskos.unios.hr\/index.php\/wp-json\/wp\/v2\/posts\/17090\/revisions\/17092"}],"wp:featuredmedia":[{"embeddable":true,"href":"https:\/\/www.gskos.unios.hr\/index.php\/wp-json\/wp\/v2\/media\/17091"}],"wp:attachment":[{"href":"https:\/\/www.gskos.unios.hr\/index.php\/wp-json\/wp\/v2\/media?parent=17090"}],"wp:term":[{"taxonomy":"category","embeddable":true,"href":"https:\/\/www.gskos.unios.hr\/index.php\/wp-json\/wp\/v2\/categories?post=17090"},{"taxonomy":"post_tag","embeddable":true,"href":"https:\/\/www.gskos.unios.hr\/index.php\/wp-json\/wp\/v2\/tags?post=17090"}],"curies":[{"name":"wp","href":"https:\/\/api.w.org\/{rel}","templated":true}]}}