{"id":17844,"date":"2022-11-04T13:52:13","date_gmt":"2022-11-04T12:52:13","guid":{"rendered":"https:\/\/www.gskos.unios.hr\/?p=17844"},"modified":"2022-11-04T14:00:23","modified_gmt":"2022-11-04T13:00:23","slug":"predstavljanje-knjige-trazio-je-zenu-za-druzenje","status":"publish","type":"post","link":"https:\/\/www.gskos.unios.hr\/index.php\/predstavljanje-knjige-trazio-je-zenu-za-druzenje\/","title":{"rendered":"Predstavljanje knjige &#8220;Tra\u017eio je \u017eenu za dru\u017eenje&#8221;"},"content":{"rendered":"<p style=\"text-align: justify;\">Gradska i sveu\u010dili\u0161na knji\u017enica Osijek organizira <strong>predstavljanje knjige <\/strong>pod nazivom <strong>&#8220;Tra\u017eio je \u017eenu za dru\u017eenje&#8221;<\/strong> autora<strong> Marka Tominca<\/strong>. Predstavljanje \u0107e se odr\u017eati u <strong>srijedu, 9. studenog 2022. godine <\/strong>s po\u010detkom u<strong> 18.00 sati<\/strong> u prostoru <strong>American Cornera<\/strong> Gradske i sveu\u010dili\u0161ne knji\u017enice Osijek.<\/p>\n<p style=\"text-align: justify;\">Marko Tominac rodom je iz Vinkovaca. Prva knjiga mu je objavljena 2009. godine, a ovo mu je \u0161esta. &#8220;Tra\u017eio je \u017eenu za dru\u017eenje&#8221; jest roman i tre\u0107i dio trilogije o svjedo\u010danstvu stvarnoga \u017eivota u Slavoniji od 1990. do 2022. godine. Ni\u0161ta neobi\u010dno, ali \u0107e se mnogi obiteljski i radni ljudi prepoznati u nekim situacijama koje se doga\u0111aju u nizu pojedina\u010dnih pri\u010da koje se na kraju ispreple\u0107u u sretan zavr\u0161etak.<\/p>\n<p>Dodatne informacije mogu se dobiti na broj telefona:<\/p>\n<ul>\n<li><a href=\"https:\/\/www.gskos.unios.hr\/index.php\/odsjek_za_odrasle\/\">Posudbeni odjel za odrasle GISKO<\/a><\/li>\n<\/ul>\n<p><a href=\"https:\/\/www.gskos.unios.hr\/wp-content\/uploads\/2022\/11\/Tominac-korice-Trazio-je-scaled.jpg\"><img loading=\"lazy\" class=\"alignnone size-large wp-image-17825\" src=\"https:\/\/www.gskos.unios.hr\/wp-content\/uploads\/2022\/11\/Tominac-korice-Trazio-je-scaled.jpg\" alt=\"\" width=\"696\" height=\"492\" \/><\/a><\/p>\n","protected":false},"excerpt":{"rendered":"<p>Gradska i sveu\u010dili\u0161na knji\u017enica Osijek organizira predstavljanje knjige pod nazivom &#8220;Tra\u017eio je \u017eenu za dru\u017eenje&#8221; autora Marka Tominca. Predstavljanje \u0107e se odr\u017eati u srijedu, 9. studenog 2022. godine s po\u010detkom u 18.00 sati u prostoru American Cornera Gradske i sveu\u010dili\u0161ne knji\u017enice Osijek. Marko Tominac rodom je iz Vinkovaca. Prva knjiga mu je objavljena 2009. godine,<\/p>\n","protected":false},"author":17,"featured_media":17846,"comment_status":"closed","ping_status":"closed","sticky":false,"template":"","format":"standard","meta":{"_mi_skip_tracking":false},"categories":[1,37,47,31,33],"tags":[],"_links":{"self":[{"href":"https:\/\/www.gskos.unios.hr\/index.php\/wp-json\/wp\/v2\/posts\/17844"}],"collection":[{"href":"https:\/\/www.gskos.unios.hr\/index.php\/wp-json\/wp\/v2\/posts"}],"about":[{"href":"https:\/\/www.gskos.unios.hr\/index.php\/wp-json\/wp\/v2\/types\/post"}],"author":[{"embeddable":true,"href":"https:\/\/www.gskos.unios.hr\/index.php\/wp-json\/wp\/v2\/users\/17"}],"replies":[{"embeddable":true,"href":"https:\/\/www.gskos.unios.hr\/index.php\/wp-json\/wp\/v2\/comments?post=17844"}],"version-history":[{"count":4,"href":"https:\/\/www.gskos.unios.hr\/index.php\/wp-json\/wp\/v2\/posts\/17844\/revisions"}],"predecessor-version":[{"id":17851,"href":"https:\/\/www.gskos.unios.hr\/index.php\/wp-json\/wp\/v2\/posts\/17844\/revisions\/17851"}],"wp:featuredmedia":[{"embeddable":true,"href":"https:\/\/www.gskos.unios.hr\/index.php\/wp-json\/wp\/v2\/media\/17846"}],"wp:attachment":[{"href":"https:\/\/www.gskos.unios.hr\/index.php\/wp-json\/wp\/v2\/media?parent=17844"}],"wp:term":[{"taxonomy":"category","embeddable":true,"href":"https:\/\/www.gskos.unios.hr\/index.php\/wp-json\/wp\/v2\/categories?post=17844"},{"taxonomy":"post_tag","embeddable":true,"href":"https:\/\/www.gskos.unios.hr\/index.php\/wp-json\/wp\/v2\/tags?post=17844"}],"curies":[{"name":"wp","href":"https:\/\/api.w.org\/{rel}","templated":true}]}}