{"id":18117,"date":"2022-12-16T10:08:56","date_gmt":"2022-12-16T09:08:56","guid":{"rendered":"https:\/\/www.gskos.unios.hr\/?p=18117"},"modified":"2022-12-16T10:08:56","modified_gmt":"2022-12-16T09:08:56","slug":"predavanje-zasto-ustati-a-ne-odustati","status":"publish","type":"post","link":"https:\/\/www.gskos.unios.hr\/index.php\/predavanje-zasto-ustati-a-ne-odustati\/","title":{"rendered":"Predavanje &#8220;Za\u0161to ustati, a ne odustati?&#8221;"},"content":{"rendered":"<p style=\"text-align: justify;\">U suradnji Kineziolo\u0161kog fakulteta Osijek i Gradske i sveu\u010dili\u0161na knji\u017enica Osijek u <strong>srijedu, 21. prosinca 2022. godine<\/strong> s po\u010detkom u <strong>18.00 sati<\/strong> odr\u017eat \u0107e se <strong>predavanje doc. dr. sc. Danijele Kuna<\/strong> pod nazivom <strong>&#8220;Za\u0161to ustati, a ne odustati?\u201c<\/strong>. Predavanje \u0107e biti odr\u017eano u prostoru <strong>Austrijske \u010ditaonice<\/strong> Gradske i sveu\u010dili\u0161ne knji\u017enice Osijek.<\/p>\n<p style=\"text-align: justify;\">Danijela Kuna docentica je na Kineziolo\u0161kom fakultetu Osijek, nositeljica kolegija iz podru\u010dja fitnesa, rekreacije i sporta, voditeljica Odsjeka za kineziologiju. U slobodno vrijeme radi kao instruktorica skijanja i grupnih programa vje\u017ebanja uz glazbu te se bavi dugopruga\u0161kim tr\u010danjem i triatlonom.<\/p>\n<p style=\"text-align: justify;\">U ovom zanimljivom predavanju Danijela \u0107e govoriti o tome za\u0161to je va\u017eno tjelesno vje\u017ebanje, kakav utjecaj tjelesno vje\u017ebanje ima na biolo\u0161ke i fiziolo\u0161ke mehanizme \u010dovjeka, fitnes i zdravstvenog status u cjelini. Sudionici \u0107e imati priliku nau\u010diti znanstveno utemeljene smjernice i preporuke u vezi pravilne primjene rekreativnih programa vje\u017ebanja u svojoj svakodnevnici.<\/p>\n<p>Dodatne informacije mogu se dobiti na broj telefona:<\/p>\n<ul>\n<li><a href=\"https:\/\/www.gskos.unios.hr\/index.php\/odsjek_za_odrasle\/\">Posudbeni odjel za odrasle GISKO<\/a><\/li>\n<\/ul>\n","protected":false},"excerpt":{"rendered":"<p>U suradnji Kineziolo\u0161kog fakulteta Osijek i Gradske i sveu\u010dili\u0161na knji\u017enica Osijek u srijedu, 21. prosinca 2022. godine s po\u010detkom u 18.00 sati odr\u017eat \u0107e se predavanje doc. dr. sc. Danijele Kuna pod nazivom &#8220;Za\u0161to ustati, a ne odustati?\u201c. Predavanje \u0107e biti odr\u017eano u prostoru Austrijske \u010ditaonice Gradske i sveu\u010dili\u0161ne knji\u017enice Osijek. Danijela Kuna docentica je<\/p>\n","protected":false},"author":17,"featured_media":18118,"comment_status":"closed","ping_status":"closed","sticky":false,"template":"","format":"standard","meta":{"_mi_skip_tracking":false},"categories":[1,47,33,40],"tags":[],"_links":{"self":[{"href":"https:\/\/www.gskos.unios.hr\/index.php\/wp-json\/wp\/v2\/posts\/18117"}],"collection":[{"href":"https:\/\/www.gskos.unios.hr\/index.php\/wp-json\/wp\/v2\/posts"}],"about":[{"href":"https:\/\/www.gskos.unios.hr\/index.php\/wp-json\/wp\/v2\/types\/post"}],"author":[{"embeddable":true,"href":"https:\/\/www.gskos.unios.hr\/index.php\/wp-json\/wp\/v2\/users\/17"}],"replies":[{"embeddable":true,"href":"https:\/\/www.gskos.unios.hr\/index.php\/wp-json\/wp\/v2\/comments?post=18117"}],"version-history":[{"count":2,"href":"https:\/\/www.gskos.unios.hr\/index.php\/wp-json\/wp\/v2\/posts\/18117\/revisions"}],"predecessor-version":[{"id":18120,"href":"https:\/\/www.gskos.unios.hr\/index.php\/wp-json\/wp\/v2\/posts\/18117\/revisions\/18120"}],"wp:featuredmedia":[{"embeddable":true,"href":"https:\/\/www.gskos.unios.hr\/index.php\/wp-json\/wp\/v2\/media\/18118"}],"wp:attachment":[{"href":"https:\/\/www.gskos.unios.hr\/index.php\/wp-json\/wp\/v2\/media?parent=18117"}],"wp:term":[{"taxonomy":"category","embeddable":true,"href":"https:\/\/www.gskos.unios.hr\/index.php\/wp-json\/wp\/v2\/categories?post=18117"},{"taxonomy":"post_tag","embeddable":true,"href":"https:\/\/www.gskos.unios.hr\/index.php\/wp-json\/wp\/v2\/tags?post=18117"}],"curies":[{"name":"wp","href":"https:\/\/api.w.org\/{rel}","templated":true}]}}