{"id":18316,"date":"2023-01-31T07:40:43","date_gmt":"2023-01-31T06:40:43","guid":{"rendered":"https:\/\/www.gskos.unios.hr\/?p=18316"},"modified":"2023-01-31T07:40:43","modified_gmt":"2023-01-31T06:40:43","slug":"razgovor-s-mirovnim-aktivistima-ziva-knjiznica","status":"publish","type":"post","link":"https:\/\/www.gskos.unios.hr\/index.php\/razgovor-s-mirovnim-aktivistima-ziva-knjiznica\/","title":{"rendered":"Razgovor s mirovnim aktivistima &#8220;\u017diva knji\u017enica&#8221;"},"content":{"rendered":"<p style=\"text-align: justify;\">U povodu 25. obljetnice zavr\u0161etka mirne reintegracije hrvatskog Podunavlja, u organizaciji Centra za mir, nenasilje i ljudska prava Osijek, u <strong>srijedu, 1. velja\u010de 2023. godine<\/strong>, u prostoru<strong> Austrijske \u010ditaonice<\/strong> Gradske i sveu\u010dili\u0161ne knji\u017enice Osijek, odr\u017eat \u0107e se <strong>razgovor s mirovnim aktivistima, \u017eivim svjedocima i sudionicima procesa mirne reintegracije hrvatskog Podunavlja<\/strong> pod nazivom <strong>&#8220;\u017diva knji\u017enica&#8221;<\/strong>.<\/p>\n<p style=\"text-align: justify;\">Sudionici ovog razgovora iz prve ruke saznaju kako je upravo ljudski faktor bio klju\u010dan u procesu mirne reintegracije \u2013 posve\u0107enost, entuzijazam, kreativnost i hrabrost onih koji su sudjelovali u tom procesu na svim razinama. O tome iskustvu sudionici \u0107e govoriti kao o dragocjenom \u017eivotnom razdoblju. To iskustvo potrebno je prenijeti mladima i vratiti mu se kako bi se obnovili i pokrenuli procesi integracije i ja\u010danja me\u0111uetni\u010dkog povjerenja i suradnje. Ovaj poduhvat ima mjesto u hrvatskoj povijesti i kulturi.<\/p>\n<p style=\"text-align: justify;\">Mirna reintegracija hrvatskog Podunavlja smatra se najuspje\u0161nijom mirovnom misijom UN-a ikada. Upravo zato \u0161to je POBJEDA MIRA (razumom) postignuta na mjestu herojskog otpora, gdje su stradanja i zlo\u010dini bili prete\u0161ki \u2013 ona je vjerodostojna.\u00a0 Postignuta je zajedni\u010dkim naporom \u2013 politi\u010dkim vodstvom predsjednika Tu\u0111mana i od njega izabranog tima; procesu reintegraciji posve\u0107enih predstavnika lokalnog srpskog stanovni\u0161tva; dobrim mandatom UNTAES-a i odli\u010dnim upravljanjem generala Jacquesa Kleina, doprinosom mirovnih aktivista i aktivistica iz Hrvatske, Srbije i me\u0111unarodnom, podr\u0161kom vjerskih zajednica te osobito htijenjem i hrabro\u0161\u0107u tisu\u0107a i tisu\u0107a \u017eena i mu\u0161karaca. Oni su nakon krvavoga sukoba, toliko izgubljenih \u017eivota i nepoznatih sudbina svojih najbli\u017eih bez osvete prihvatili i iznijeli mirovni proces.<\/p>\n<p>Dodatne informacije o izlo\u017ebi mogu se dobiti na broj telefona:<\/p>\n<ul>\n<li><a href=\"https:\/\/www.gskos.unios.hr\/index.php\/odsjek_za_odrasle\/\">Posudbeni odjel za odrasle GISKO<\/a><\/li>\n<\/ul>\n","protected":false},"excerpt":{"rendered":"<p>U povodu 25. obljetnice zavr\u0161etka mirne reintegracije hrvatskog Podunavlja, u organizaciji Centra za mir, nenasilje i ljudska prava Osijek, u srijedu, 1. velja\u010de 2023. godine, u prostoru Austrijske \u010ditaonice Gradske i sveu\u010dili\u0161ne knji\u017enice Osijek, odr\u017eat \u0107e se razgovor s mirovnim aktivistima, \u017eivim svjedocima i sudionicima procesa mirne reintegracije hrvatskog Podunavlja pod nazivom &#8220;\u017diva knji\u017enica&#8221;. Sudionici<\/p>\n","protected":false},"author":17,"featured_media":18317,"comment_status":"closed","ping_status":"closed","sticky":false,"template":"","format":"standard","meta":{"_mi_skip_tracking":false},"categories":[1,36,47,40],"tags":[],"_links":{"self":[{"href":"https:\/\/www.gskos.unios.hr\/index.php\/wp-json\/wp\/v2\/posts\/18316"}],"collection":[{"href":"https:\/\/www.gskos.unios.hr\/index.php\/wp-json\/wp\/v2\/posts"}],"about":[{"href":"https:\/\/www.gskos.unios.hr\/index.php\/wp-json\/wp\/v2\/types\/post"}],"author":[{"embeddable":true,"href":"https:\/\/www.gskos.unios.hr\/index.php\/wp-json\/wp\/v2\/users\/17"}],"replies":[{"embeddable":true,"href":"https:\/\/www.gskos.unios.hr\/index.php\/wp-json\/wp\/v2\/comments?post=18316"}],"version-history":[{"count":2,"href":"https:\/\/www.gskos.unios.hr\/index.php\/wp-json\/wp\/v2\/posts\/18316\/revisions"}],"predecessor-version":[{"id":18319,"href":"https:\/\/www.gskos.unios.hr\/index.php\/wp-json\/wp\/v2\/posts\/18316\/revisions\/18319"}],"wp:featuredmedia":[{"embeddable":true,"href":"https:\/\/www.gskos.unios.hr\/index.php\/wp-json\/wp\/v2\/media\/18317"}],"wp:attachment":[{"href":"https:\/\/www.gskos.unios.hr\/index.php\/wp-json\/wp\/v2\/media?parent=18316"}],"wp:term":[{"taxonomy":"category","embeddable":true,"href":"https:\/\/www.gskos.unios.hr\/index.php\/wp-json\/wp\/v2\/categories?post=18316"},{"taxonomy":"post_tag","embeddable":true,"href":"https:\/\/www.gskos.unios.hr\/index.php\/wp-json\/wp\/v2\/tags?post=18316"}],"curies":[{"name":"wp","href":"https:\/\/api.w.org\/{rel}","templated":true}]}}