{"id":18321,"date":"2023-01-31T16:46:54","date_gmt":"2023-01-31T15:46:54","guid":{"rendered":"https:\/\/www.gskos.unios.hr\/?p=18321"},"modified":"2023-01-31T17:08:54","modified_gmt":"2023-01-31T16:08:54","slug":"raspored-pricaonica-u-veljaci","status":"publish","type":"post","link":"https:\/\/www.gskos.unios.hr\/index.php\/raspored-pricaonica-u-veljaci\/","title":{"rendered":"Raspored pri\u010daonica u velja\u010di"},"content":{"rendered":"<p style=\"text-align: justify;\">Pri\u010daonice tijekom mjeseca velja\u010de 2023. godine u Gradskoj i sveu\u010dili\u0161noj knji\u017enici Osijek odr\u017eavat \u0107e se u Sredi\u0161njoj knji\u017enici, Ogranku Retfala i Ogranku Industrijska \u010detvrt. Pri\u010daonice su organizirane prema sljede\u0107em rasporedu:<\/p>\n<p style=\"text-align: center;\"><span style=\"text-decoration: underline;\"><strong>Prsti\u0107i pri\u010daju<\/strong><\/span><\/p>\n<p style=\"text-align: center;\">pri\u010de za najmla\u0111e korisnike Knji\u017enice (od ro\u0111enja do tre\u0107e godine starosti) i \u010dlanove njihovih obitelji odr\u017eavat \u0107e se<br \/>\n<strong>srijedom 1. , 8. i 15. velja\u010de 2023. godine od 11.00 do 12.00 sati <\/strong><strong>u igraonici Odjela za rad s djecom i mladima <\/strong><br \/>\n(Sredi\u0161nja knji\u017enica, Europska avenija 24, br. tel.: 211 472).<\/p>\n<p style=\"text-align: center;\"><span style=\"text-decoration: underline;\"><strong>Vrijeme za pri\u010du<\/strong><\/span><\/p>\n<p style=\"text-align: center;\">namijenjeno korisnicima Knji\u017enice starijima od tri godine, odr\u017eavat \u0107e se srijedom<br \/>\n<strong>1., 8. i 15. velja\u010de 2023. godine<\/strong> <strong>od 17.30 do 18.30 sati<\/strong><br \/>\n<strong>u igraonici Odjela za rad s djecom i mladima <\/strong><br \/>\n(Sredi\u0161nja knji\u017enica, Europska avenija 24, br. tel.: 211 472);<\/p>\n<p style=\"text-align: center;\"><strong>1. i 15. velja\u010de 2023. godine<\/strong> <strong>od 17.30 do 18.30 sati<\/strong><br \/>\n<strong>u Ogranku Retfala <\/strong>(Lj. Posavskog 30, br. tel.: 306 069);<\/p>\n<p style=\"text-align: center;\"><strong>8. i 22. velja\u010de 2023. godine<\/strong> <strong>od 17.30 do 18.30 sati<\/strong><br \/>\n<strong>u Ogranak Industrijska \u010detvrt <\/strong>(Vinkova\u010dka 66d, br. tel.: 271 282)<strong>.<\/strong><\/p>\n<p>&nbsp;<\/p>\n<p style=\"text-align: justify;\">Dana 8. velja\u010de Knji\u017enica slavi ro\u0111endan, koji \u0107emo obilje\u017eiti na Odjelu za rad s djecom i mladima. Vi\u0161e informacija o doga\u0111anju nalazi se na sljede\u0107oj poveznici: <a href=\"https:\/\/www.gskos.unios.hr\/index.php\/knjiznici-za-rodendan-kraljevska-pusa\/\" target=\"_blank\" rel=\"noopener\"><strong>Knji\u017enici za ro\u0111endan &#8211; Kraljevska pusa<\/strong><\/a>!<\/p>\n<p style=\"text-align: justify;\">Zainteresirani za sudjelovanje u pri\u010daonicama mogu se prijaviti na broj telefona odjela, odnosno ogranka u koji \u017eele do\u0107i na pri\u010du.<\/p>\n<p style=\"text-align: justify;\">Dodatne informacije mogu se dobiti:<\/p>\n<ul>\n<li>na <a href=\"https:\/\/www.gskos.unios.hr\/index.php\/odjel-za-rad-s-djecom-i-mladima\/\">Odjelu za rad s djecom i mladima Gradske i sveu\u010dili\u0161ne knji\u017enice Osijek<\/a>.<\/li>\n<\/ul>\n<p><img loading=\"lazy\" class=\"aligncenter wp-image-18323 size-full\" src=\"https:\/\/www.gskos.unios.hr\/wp-content\/uploads\/2023\/01\/price-VELJACA-2023.png\" alt=\"\" width=\"2245\" height=\"1587\" srcset=\"https:\/\/www.gskos.unios.hr\/wp-content\/uploads\/2023\/01\/price-VELJACA-2023.png 2245w, https:\/\/www.gskos.unios.hr\/wp-content\/uploads\/2023\/01\/price-VELJACA-2023-300x212.png 300w, https:\/\/www.gskos.unios.hr\/wp-content\/uploads\/2023\/01\/price-VELJACA-2023-1024x724.png 1024w, https:\/\/www.gskos.unios.hr\/wp-content\/uploads\/2023\/01\/price-VELJACA-2023-768x543.png 768w, https:\/\/www.gskos.unios.hr\/wp-content\/uploads\/2023\/01\/price-VELJACA-2023-1536x1086.png 1536w, https:\/\/www.gskos.unios.hr\/wp-content\/uploads\/2023\/01\/price-VELJACA-2023-2048x1448.png 2048w, https:\/\/www.gskos.unios.hr\/wp-content\/uploads\/2023\/01\/price-VELJACA-2023-100x70.png 100w, https:\/\/www.gskos.unios.hr\/wp-content\/uploads\/2023\/01\/price-VELJACA-2023-696x492.png 696w, https:\/\/www.gskos.unios.hr\/wp-content\/uploads\/2023\/01\/price-VELJACA-2023-1068x755.png 1068w, https:\/\/www.gskos.unios.hr\/wp-content\/uploads\/2023\/01\/price-VELJACA-2023-594x420.png 594w\" sizes=\"(max-width: 2245px) 100vw, 2245px\" \/><\/p>\n","protected":false},"excerpt":{"rendered":"<p>Pri\u010daonice tijekom mjeseca velja\u010de 2023. godine u Gradskoj i sveu\u010dili\u0161noj knji\u017enici Osijek odr\u017eavat \u0107e se u Sredi\u0161njoj knji\u017enici, Ogranku Retfala i Ogranku Industrijska \u010detvrt. Pri\u010daonice su organizirane prema sljede\u0107em rasporedu: Prsti\u0107i pri\u010daju pri\u010de za najmla\u0111e korisnike Knji\u017enice (od ro\u0111enja do tre\u0107e godine starosti) i \u010dlanove njihovih obitelji odr\u017eavat \u0107e se srijedom 1. , 8. i<\/p>\n","protected":false},"author":14,"featured_media":18322,"comment_status":"closed","ping_status":"closed","sticky":false,"template":"","format":"standard","meta":{"_mi_skip_tracking":false},"categories":[1,32,31,41],"tags":[],"_links":{"self":[{"href":"https:\/\/www.gskos.unios.hr\/index.php\/wp-json\/wp\/v2\/posts\/18321"}],"collection":[{"href":"https:\/\/www.gskos.unios.hr\/index.php\/wp-json\/wp\/v2\/posts"}],"about":[{"href":"https:\/\/www.gskos.unios.hr\/index.php\/wp-json\/wp\/v2\/types\/post"}],"author":[{"embeddable":true,"href":"https:\/\/www.gskos.unios.hr\/index.php\/wp-json\/wp\/v2\/users\/14"}],"replies":[{"embeddable":true,"href":"https:\/\/www.gskos.unios.hr\/index.php\/wp-json\/wp\/v2\/comments?post=18321"}],"version-history":[{"count":2,"href":"https:\/\/www.gskos.unios.hr\/index.php\/wp-json\/wp\/v2\/posts\/18321\/revisions"}],"predecessor-version":[{"id":18329,"href":"https:\/\/www.gskos.unios.hr\/index.php\/wp-json\/wp\/v2\/posts\/18321\/revisions\/18329"}],"wp:featuredmedia":[{"embeddable":true,"href":"https:\/\/www.gskos.unios.hr\/index.php\/wp-json\/wp\/v2\/media\/18322"}],"wp:attachment":[{"href":"https:\/\/www.gskos.unios.hr\/index.php\/wp-json\/wp\/v2\/media?parent=18321"}],"wp:term":[{"taxonomy":"category","embeddable":true,"href":"https:\/\/www.gskos.unios.hr\/index.php\/wp-json\/wp\/v2\/categories?post=18321"},{"taxonomy":"post_tag","embeddable":true,"href":"https:\/\/www.gskos.unios.hr\/index.php\/wp-json\/wp\/v2\/tags?post=18321"}],"curies":[{"name":"wp","href":"https:\/\/api.w.org\/{rel}","templated":true}]}}