{"id":18333,"date":"2023-02-02T14:10:03","date_gmt":"2023-02-02T13:10:03","guid":{"rendered":"https:\/\/www.gskos.unios.hr\/?p=18333"},"modified":"2023-02-02T14:51:30","modified_gmt":"2023-02-02T13:51:30","slug":"kreativne-radionice-maske-i-3d-olovke","status":"publish","type":"post","link":"https:\/\/www.gskos.unios.hr\/index.php\/kreativne-radionice-maske-i-3d-olovke\/","title":{"rendered":"Kreativne radionice: maske i 3D olovke"},"content":{"rendered":"<p style=\"text-align: justify;\">Odjel za rad s djecom i mladima Gradske i sveu\u010dili\u0161ne knji\u017enice Osijek u mjesecu velja\u010di organizira sljede\u0107e kreativne radionice:<\/p>\n<p style=\"text-align: center;\"><span style=\"text-decoration: underline;\"><strong>Maske<\/strong><\/span><br \/>\n<strong>utorak, 7. velja\u010de 2023. godine<\/strong><br \/>\n<strong>17.00 \u2013 19.00 sati<\/strong><\/p>\n<p style=\"text-align: center;\"><span style=\"text-decoration: underline;\"><strong>3D olovke<\/strong><\/span><br \/>\n<strong>utorak, 28. velja\u010de 2023. godine<\/strong><br \/>\n<strong>17.00 \u2013 19.00 sati<\/strong><\/p>\n<p style=\"text-align: justify;\">Zainteresirani svoje sudjelovanje mogu prijaviti na broj telefona Odjela za rad s djecom i mladima: 211 472.<\/p>\n<p>Dodatne informacije mogu se dobiti:<\/p>\n<ul>\n<li>na <a href=\"https:\/\/www.gskos.unios.hr\/index.php\/odjel-za-rad-s-djecom-i-mladima\/\" target=\"_blank\" rel=\"noopener\">Odjelu za rad s djecom i mladima Gradske i sveu\u010dili\u0161ne knji\u017enice Osijek<\/a>.<\/li>\n<\/ul>\n<p><img loading=\"lazy\" class=\"aligncenter wp-image-18335 size-large\" src=\"https:\/\/www.gskos.unios.hr\/wp-content\/uploads\/2023\/02\/maske-veljaca-2023-724x1024.png\" alt=\"\" width=\"696\" height=\"984\" srcset=\"https:\/\/www.gskos.unios.hr\/wp-content\/uploads\/2023\/02\/maske-veljaca-2023-724x1024.png 724w, https:\/\/www.gskos.unios.hr\/wp-content\/uploads\/2023\/02\/maske-veljaca-2023-212x300.png 212w, https:\/\/www.gskos.unios.hr\/wp-content\/uploads\/2023\/02\/maske-veljaca-2023-768x1086.png 768w, https:\/\/www.gskos.unios.hr\/wp-content\/uploads\/2023\/02\/maske-veljaca-2023-1086x1536.png 1086w, https:\/\/www.gskos.unios.hr\/wp-content\/uploads\/2023\/02\/maske-veljaca-2023-1448x2048.png 1448w, https:\/\/www.gskos.unios.hr\/wp-content\/uploads\/2023\/02\/maske-veljaca-2023-696x985.png 696w, https:\/\/www.gskos.unios.hr\/wp-content\/uploads\/2023\/02\/maske-veljaca-2023-1068x1511.png 1068w, https:\/\/www.gskos.unios.hr\/wp-content\/uploads\/2023\/02\/maske-veljaca-2023-297x420.png 297w, https:\/\/www.gskos.unios.hr\/wp-content\/uploads\/2023\/02\/maske-veljaca-2023.png 1587w\" sizes=\"(max-width: 696px) 100vw, 696px\" \/><img loading=\"lazy\" class=\"aligncenter wp-image-18334 size-large\" src=\"https:\/\/www.gskos.unios.hr\/wp-content\/uploads\/2023\/02\/3D-olovke-veljaca-2023-724x1024.png\" alt=\"\" width=\"696\" height=\"984\" srcset=\"https:\/\/www.gskos.unios.hr\/wp-content\/uploads\/2023\/02\/3D-olovke-veljaca-2023-724x1024.png 724w, https:\/\/www.gskos.unios.hr\/wp-content\/uploads\/2023\/02\/3D-olovke-veljaca-2023-212x300.png 212w, https:\/\/www.gskos.unios.hr\/wp-content\/uploads\/2023\/02\/3D-olovke-veljaca-2023-768x1086.png 768w, https:\/\/www.gskos.unios.hr\/wp-content\/uploads\/2023\/02\/3D-olovke-veljaca-2023-1086x1536.png 1086w, https:\/\/www.gskos.unios.hr\/wp-content\/uploads\/2023\/02\/3D-olovke-veljaca-2023-1448x2048.png 1448w, https:\/\/www.gskos.unios.hr\/wp-content\/uploads\/2023\/02\/3D-olovke-veljaca-2023-696x985.png 696w, https:\/\/www.gskos.unios.hr\/wp-content\/uploads\/2023\/02\/3D-olovke-veljaca-2023-1068x1511.png 1068w, https:\/\/www.gskos.unios.hr\/wp-content\/uploads\/2023\/02\/3D-olovke-veljaca-2023-297x420.png 297w, https:\/\/www.gskos.unios.hr\/wp-content\/uploads\/2023\/02\/3D-olovke-veljaca-2023.png 1587w\" sizes=\"(max-width: 696px) 100vw, 696px\" \/><\/p>\n","protected":false},"excerpt":{"rendered":"<p>Odjel za rad s djecom i mladima Gradske i sveu\u010dili\u0161ne knji\u017enice Osijek u mjesecu velja\u010di organizira sljede\u0107e kreativne radionice: Maske utorak, 7. velja\u010de 2023. godine 17.00 \u2013 19.00 sati 3D olovke utorak, 28. velja\u010de 2023. godine 17.00 \u2013 19.00 sati Zainteresirani svoje sudjelovanje mogu prijaviti na broj telefona Odjela za rad s djecom i mladima:<\/p>\n","protected":false},"author":17,"featured_media":18338,"comment_status":"closed","ping_status":"closed","sticky":false,"template":"","format":"standard","meta":{"_mi_skip_tracking":false},"categories":[1,32,31,41],"tags":[],"_links":{"self":[{"href":"https:\/\/www.gskos.unios.hr\/index.php\/wp-json\/wp\/v2\/posts\/18333"}],"collection":[{"href":"https:\/\/www.gskos.unios.hr\/index.php\/wp-json\/wp\/v2\/posts"}],"about":[{"href":"https:\/\/www.gskos.unios.hr\/index.php\/wp-json\/wp\/v2\/types\/post"}],"author":[{"embeddable":true,"href":"https:\/\/www.gskos.unios.hr\/index.php\/wp-json\/wp\/v2\/users\/17"}],"replies":[{"embeddable":true,"href":"https:\/\/www.gskos.unios.hr\/index.php\/wp-json\/wp\/v2\/comments?post=18333"}],"version-history":[{"count":4,"href":"https:\/\/www.gskos.unios.hr\/index.php\/wp-json\/wp\/v2\/posts\/18333\/revisions"}],"predecessor-version":[{"id":18341,"href":"https:\/\/www.gskos.unios.hr\/index.php\/wp-json\/wp\/v2\/posts\/18333\/revisions\/18341"}],"wp:featuredmedia":[{"embeddable":true,"href":"https:\/\/www.gskos.unios.hr\/index.php\/wp-json\/wp\/v2\/media\/18338"}],"wp:attachment":[{"href":"https:\/\/www.gskos.unios.hr\/index.php\/wp-json\/wp\/v2\/media?parent=18333"}],"wp:term":[{"taxonomy":"category","embeddable":true,"href":"https:\/\/www.gskos.unios.hr\/index.php\/wp-json\/wp\/v2\/categories?post=18333"},{"taxonomy":"post_tag","embeddable":true,"href":"https:\/\/www.gskos.unios.hr\/index.php\/wp-json\/wp\/v2\/tags?post=18333"}],"curies":[{"name":"wp","href":"https:\/\/api.w.org\/{rel}","templated":true}]}}