{"id":18386,"date":"2023-02-14T16:59:31","date_gmt":"2023-02-14T15:59:31","guid":{"rendered":"https:\/\/www.gskos.unios.hr\/?p=18386"},"modified":"2023-02-21T13:07:33","modified_gmt":"2023-02-21T12:07:33","slug":"festival-jezika-2023","status":"publish","type":"post","link":"https:\/\/www.gskos.unios.hr\/index.php\/festival-jezika-2023\/","title":{"rendered":"Festival jezika 2023."},"content":{"rendered":"<p style=\"text-align: justify;\">Gradska i sveu\u010dili\u0161na knji\u017enica Osijek manifestacijom <strong>Festival jezika u razdoblju od 16. do<\/strong> <strong>21. velja\u010de 2023. godine<\/strong> obilje\u017eava Me\u0111unarodni dan materinskoga jezika. Utorak 21. velja\u010de, Me\u0111unarodni dan materinskog jezika, ujedno je i fa\u0161ni\u010dki utorak, stoga su tema ovogodi\u0161njeg festivala poklade (fa\u0161nik, mesopust, krnjeval, krnoval, pokladi, pust, fa\u0161njek ili ma\u0161kare). U svijetu, pa tako i u Hrvatskoj postoji mnogo obi\u010daja. Obi\u010daji, nazivi i pokladne pjesme mijenjaju se, ali jedno ostaje zajedni\u010dko \u2013 veselje. Misija Festivala jezika dijeljenje je radosti i ljubavi prema lijepoj rije\u010di i \u010ditanju na materinskom jeziku.<\/p>\n<p style=\"text-align: justify;\">Lijepo \u010ditanje naglas na materinskom jeziku Knji\u017enica organizira s ciljem poticanja lijepog glasnog \u010ditanja i ljubavi prema knjizi i o\u010duvanju materinskog jezika. Sudionici, \u010ditaju\u0107i odabrani tekst u trajanju 2-3 minute, predstavljaju materinski\u00a0 jezik, pokazuju vje\u0161tinu lijepoga \u010ditanja te pokazuju \u010ditateljsku zrelost pri osobnom odabiru zanimljivog literarnog predlo\u0161ka koji postaje knji\u017eevna preporuka vr\u0161njacima.<\/p>\n<p style=\"text-align: justify;\">Dio programa Festivala odr\u017eavat \u0107e se u\u017eivo u prostorima Knji\u017enice, a dio online. Videosnimke \u0107e biti dostupne na dru\u0161tvenim mre\u017eama Knji\u017enice: Facebook stranicama:\u00a0<a href=\"https:\/\/www.facebook.com\/GiskoKnjiznic\">@GiskoKnjiznic<\/a> i <a href=\"https:\/\/www.facebook.com\/cuvariprica\">@\u010cuvari pri\u010da<\/a> te YouTube kanalu:\u00a0<a href=\"https:\/\/www.youtube.com\/@gradskaisveucilisnaknjizni7145\">Gradska i sveu\u010dili\u0161ne knji\u017enica Osijek<\/a>.<\/p>\n<p>Vi\u0161e informacija mo\u017ee se dobiti:<\/p>\n<ul>\n<li>na <a href=\"https:\/\/www.gskos.unios.hr\/index.php\/odjel-za-rad-s-djecom-i-mladima\/\">Odjelu za rad s djecom i mladima GISKO<\/a>.<\/li>\n<\/ul>\n<p><img loading=\"lazy\" class=\"aligncenter wp-image-18387 size-full\" src=\"https:\/\/www.gskos.unios.hr\/wp-content\/uploads\/2023\/02\/festival-plakat_ogledni_manja_rezolucija-01.png\" alt=\"\" width=\"1754\" height=\"2481\" srcset=\"https:\/\/www.gskos.unios.hr\/wp-content\/uploads\/2023\/02\/festival-plakat_ogledni_manja_rezolucija-01.png 1754w, https:\/\/www.gskos.unios.hr\/wp-content\/uploads\/2023\/02\/festival-plakat_ogledni_manja_rezolucija-01-212x300.png 212w, https:\/\/www.gskos.unios.hr\/wp-content\/uploads\/2023\/02\/festival-plakat_ogledni_manja_rezolucija-01-724x1024.png 724w, https:\/\/www.gskos.unios.hr\/wp-content\/uploads\/2023\/02\/festival-plakat_ogledni_manja_rezolucija-01-768x1086.png 768w, https:\/\/www.gskos.unios.hr\/wp-content\/uploads\/2023\/02\/festival-plakat_ogledni_manja_rezolucija-01-1086x1536.png 1086w, https:\/\/www.gskos.unios.hr\/wp-content\/uploads\/2023\/02\/festival-plakat_ogledni_manja_rezolucija-01-1448x2048.png 1448w, https:\/\/www.gskos.unios.hr\/wp-content\/uploads\/2023\/02\/festival-plakat_ogledni_manja_rezolucija-01-696x984.png 696w, https:\/\/www.gskos.unios.hr\/wp-content\/uploads\/2023\/02\/festival-plakat_ogledni_manja_rezolucija-01-1068x1511.png 1068w, https:\/\/www.gskos.unios.hr\/wp-content\/uploads\/2023\/02\/festival-plakat_ogledni_manja_rezolucija-01-297x420.png 297w\" sizes=\"(max-width: 1754px) 100vw, 1754px\" \/><\/p>\n","protected":false},"excerpt":{"rendered":"<p>Gradska i sveu\u010dili\u0161na knji\u017enica Osijek manifestacijom Festival jezika u razdoblju od 16. do 21. velja\u010de 2023. godine obilje\u017eava Me\u0111unarodni dan materinskoga jezika. Utorak 21. velja\u010de, Me\u0111unarodni dan materinskog jezika, ujedno je i fa\u0161ni\u010dki utorak, stoga su tema ovogodi\u0161njeg festivala poklade (fa\u0161nik, mesopust, krnjeval, krnoval, pokladi, pust, fa\u0161njek ili ma\u0161kare). U svijetu, pa tako i u<\/p>\n","protected":false},"author":14,"featured_media":18388,"comment_status":"closed","ping_status":"closed","sticky":false,"template":"","format":"standard","meta":{"_mi_skip_tracking":false},"categories":[1,57,32],"tags":[],"_links":{"self":[{"href":"https:\/\/www.gskos.unios.hr\/index.php\/wp-json\/wp\/v2\/posts\/18386"}],"collection":[{"href":"https:\/\/www.gskos.unios.hr\/index.php\/wp-json\/wp\/v2\/posts"}],"about":[{"href":"https:\/\/www.gskos.unios.hr\/index.php\/wp-json\/wp\/v2\/types\/post"}],"author":[{"embeddable":true,"href":"https:\/\/www.gskos.unios.hr\/index.php\/wp-json\/wp\/v2\/users\/14"}],"replies":[{"embeddable":true,"href":"https:\/\/www.gskos.unios.hr\/index.php\/wp-json\/wp\/v2\/comments?post=18386"}],"version-history":[{"count":4,"href":"https:\/\/www.gskos.unios.hr\/index.php\/wp-json\/wp\/v2\/posts\/18386\/revisions"}],"predecessor-version":[{"id":18412,"href":"https:\/\/www.gskos.unios.hr\/index.php\/wp-json\/wp\/v2\/posts\/18386\/revisions\/18412"}],"wp:featuredmedia":[{"embeddable":true,"href":"https:\/\/www.gskos.unios.hr\/index.php\/wp-json\/wp\/v2\/media\/18388"}],"wp:attachment":[{"href":"https:\/\/www.gskos.unios.hr\/index.php\/wp-json\/wp\/v2\/media?parent=18386"}],"wp:term":[{"taxonomy":"category","embeddable":true,"href":"https:\/\/www.gskos.unios.hr\/index.php\/wp-json\/wp\/v2\/categories?post=18386"},{"taxonomy":"post_tag","embeddable":true,"href":"https:\/\/www.gskos.unios.hr\/index.php\/wp-json\/wp\/v2\/tags?post=18386"}],"curies":[{"name":"wp","href":"https:\/\/api.w.org\/{rel}","templated":true}]}}