{"id":18455,"date":"2023-03-02T07:37:44","date_gmt":"2023-03-02T06:37:44","guid":{"rendered":"https:\/\/www.gskos.unios.hr\/?p=18455"},"modified":"2023-03-02T07:37:44","modified_gmt":"2023-03-02T06:37:44","slug":"izlozba-slikarskih-radova-netom-probudena","status":"publish","type":"post","link":"https:\/\/www.gskos.unios.hr\/index.php\/izlozba-slikarskih-radova-netom-probudena\/","title":{"rendered":"Izlo\u017eba slikarskih radova &#8220;Netom probu\u0111ena&#8221;"},"content":{"rendered":"<p style=\"text-align: justify;\">Tijekom mjeseca<strong> o\u017eujka <\/strong>u<strong> Ogranku Donji grad Gradske i sveu\u010dili\u0161ne knji\u017enice Osijek <\/strong>mo\u017ee se pogledati <strong>izlo\u017eba slikarskih radova autorice<\/strong> <strong>Anite \u0160ar\u010devi\u0107 <\/strong>pod nazivom <strong>&#8220;Netom probu\u0111ena&#8221;<\/strong>, a koja se odr\u017eava u sklopu projekta <a href=\"http:\/\/www.gskos.hr\/?upit=sadrzaj&amp;id=189\">Mala galerija GISKO<\/a>.<\/p>\n<p style=\"text-align: justify;\">Anita \u0160ar\u010devi\u0107, po struci pravnica i pedagoginja, slikanjem se bavi unazad godinu dana. Svojim slikama poku\u0161ava prikazati snagu i ljepotu \u017eene. Autorica slika raznim tehnikama, a trenutno su joj omiljene akrilne boje i ulje na platnu. Ovo joj je prva samostalna izlo\u017eba u GISKO-u.<\/p>\n<p>Dodatne informacije o izlo\u017ebi mogu se dobiti na broj telefona:<\/p>\n<ul>\n<li><a href=\"http:\/\/www.gskos.unios.hr\/?upit=sadrzaj&amp;id=161\">Ogranak Donji grad<\/a> GISKO 031\/506-110<\/li>\n<li>Anita \u0160ar\u010devi\u0107 0916002239<\/li>\n<\/ul>\n<p><a href=\"https:\/\/www.gskos.unios.hr\/wp-content\/uploads\/2023\/03\/332067824_634994798437806_7801603687478007229_n.jpg\"><img loading=\"lazy\" class=\"aligncenter size-large wp-image-18309\" src=\"https:\/\/www.gskos.unios.hr\/wp-content\/uploads\/2023\/03\/332067824_634994798437806_7801603687478007229_n.jpg\" alt=\"\" width=\"640\" height=\"1024\" \/><\/a><\/p>\n","protected":false},"excerpt":{"rendered":"<p>Tijekom mjeseca o\u017eujka u Ogranku Donji grad Gradske i sveu\u010dili\u0161ne knji\u017enice Osijek mo\u017ee se pogledati izlo\u017eba slikarskih radova autorice Anite \u0160ar\u010devi\u0107 pod nazivom &#8220;Netom probu\u0111ena&#8221;, a koja se odr\u017eava u sklopu projekta Mala galerija GISKO. Anita \u0160ar\u010devi\u0107, po struci pravnica i pedagoginja, slikanjem se bavi unazad godinu dana. Svojim slikama poku\u0161ava prikazati snagu i ljepotu<\/p>\n","protected":false},"author":17,"featured_media":18457,"comment_status":"closed","ping_status":"closed","sticky":false,"template":"","format":"standard","meta":{"_mi_skip_tracking":false},"categories":[1,39,47,34],"tags":[],"_links":{"self":[{"href":"https:\/\/www.gskos.unios.hr\/index.php\/wp-json\/wp\/v2\/posts\/18455"}],"collection":[{"href":"https:\/\/www.gskos.unios.hr\/index.php\/wp-json\/wp\/v2\/posts"}],"about":[{"href":"https:\/\/www.gskos.unios.hr\/index.php\/wp-json\/wp\/v2\/types\/post"}],"author":[{"embeddable":true,"href":"https:\/\/www.gskos.unios.hr\/index.php\/wp-json\/wp\/v2\/users\/17"}],"replies":[{"embeddable":true,"href":"https:\/\/www.gskos.unios.hr\/index.php\/wp-json\/wp\/v2\/comments?post=18455"}],"version-history":[{"count":2,"href":"https:\/\/www.gskos.unios.hr\/index.php\/wp-json\/wp\/v2\/posts\/18455\/revisions"}],"predecessor-version":[{"id":18459,"href":"https:\/\/www.gskos.unios.hr\/index.php\/wp-json\/wp\/v2\/posts\/18455\/revisions\/18459"}],"wp:featuredmedia":[{"embeddable":true,"href":"https:\/\/www.gskos.unios.hr\/index.php\/wp-json\/wp\/v2\/media\/18457"}],"wp:attachment":[{"href":"https:\/\/www.gskos.unios.hr\/index.php\/wp-json\/wp\/v2\/media?parent=18455"}],"wp:term":[{"taxonomy":"category","embeddable":true,"href":"https:\/\/www.gskos.unios.hr\/index.php\/wp-json\/wp\/v2\/categories?post=18455"},{"taxonomy":"post_tag","embeddable":true,"href":"https:\/\/www.gskos.unios.hr\/index.php\/wp-json\/wp\/v2\/tags?post=18455"}],"curies":[{"name":"wp","href":"https:\/\/api.w.org\/{rel}","templated":true}]}}