{"id":18511,"date":"2023-03-29T08:17:43","date_gmt":"2023-03-29T06:17:43","guid":{"rendered":"https:\/\/www.gskos.unios.hr\/?p=18511"},"modified":"2023-03-29T10:19:36","modified_gmt":"2023-03-29T08:19:36","slug":"privremeno-zatvaranje-posudbenog-odjela-za-odrasle-gornji-grad-gradske-i-sveucilisne-knjiznice-osijek-zbog-revizije-knjiznicne-grade-2","status":"publish","type":"post","link":"https:\/\/www.gskos.unios.hr\/index.php\/privremeno-zatvaranje-posudbenog-odjela-za-odrasle-gornji-grad-gradske-i-sveucilisne-knjiznice-osijek-zbog-revizije-knjiznicne-grade-2\/","title":{"rendered":"Privremeno zatvaranje Posudbenog odjela za odrasle Gornji grad Gradske i sveu\u010dili\u0161ne knji\u017enice Osijek zbog revizije knji\u017eni\u010dne gra\u0111e"},"content":{"rendered":"<p style=\"text-align: justify;\">Gradska i sveu\u010dili\u0161na knji\u017enica Osijek podsje\u0107a korisnike da zbog <strong>zakonske obveze provo\u0111enja revizije knji\u017eni\u010dne gra\u0111e, Posudbeni odjel za odrasle Gornji grad (Europska avenija 24) ne\u0107e raditi<\/strong> za korisnike od <strong>ponedjeljka, 20. o\u017eujka<\/strong> do <strong>subote, 1. travnja 2023. godine<\/strong>. Svu zadu\u017eenu gra\u0111u korisnici \u0107e <strong><u>mo\u0107i vratiti isklju\u010divo na Odjelu za rad s djecom i mladima Gornji grad<\/u><\/strong>, a \u017eeljenu gra\u0111u posu\u0111ivati u ograncima \u2013 Donji Grad, Industrijska \u010detvrt, Jug II i Retfala. <strong>Posudbeni odjel za odrasle Gornji grad ponovno \u0107e po\u010deti s redovnim radom<\/strong> u <strong>ponedjeljak, 3. travnja 2023. godine<\/strong>.<\/p>\n<p style=\"text-align: justify;\">Gradska i sveu\u010dili\u0161na knji\u017enica Osijek unaprijed zahvaljuje svojim korisnicima i naj\u0161iroj javnosti na razumijevanju!<\/p>\n<p>Dodatne informacije mo\u017eete dobiti na broj telefona:<\/p>\n<ul>\n<li>Gradska i sveu\u010dili\u0161na knji\u017enica Osijek 031\/211-233<\/li>\n<li>Odjel za rad s djecom i mladima GISKO 031\/211-472<\/li>\n<\/ul>\n<p>Ravnateljica GISKO-a<\/p>\n<p>Dubravka Pa\u0111en Farka\u0161, vi\u0161a knji\u017eni\u010darka<\/p>\n","protected":false},"excerpt":{"rendered":"<p>Gradska i sveu\u010dili\u0161na knji\u017enica Osijek podsje\u0107a korisnike da zbog zakonske obveze provo\u0111enja revizije knji\u017eni\u010dne gra\u0111e, Posudbeni odjel za odrasle Gornji grad (Europska avenija 24) ne\u0107e raditi za korisnike od ponedjeljka, 20. o\u017eujka do subote, 1. travnja 2023. godine. Svu zadu\u017eenu gra\u0111u korisnici \u0107e mo\u0107i vratiti isklju\u010divo na Odjelu za rad s djecom i mladima Gornji<\/p>\n","protected":false},"author":12,"featured_media":12015,"comment_status":"closed","ping_status":"closed","sticky":false,"template":"","format":"standard","meta":{"_mi_skip_tracking":false},"categories":[47,31,33],"tags":[],"_links":{"self":[{"href":"https:\/\/www.gskos.unios.hr\/index.php\/wp-json\/wp\/v2\/posts\/18511"}],"collection":[{"href":"https:\/\/www.gskos.unios.hr\/index.php\/wp-json\/wp\/v2\/posts"}],"about":[{"href":"https:\/\/www.gskos.unios.hr\/index.php\/wp-json\/wp\/v2\/types\/post"}],"author":[{"embeddable":true,"href":"https:\/\/www.gskos.unios.hr\/index.php\/wp-json\/wp\/v2\/users\/12"}],"replies":[{"embeddable":true,"href":"https:\/\/www.gskos.unios.hr\/index.php\/wp-json\/wp\/v2\/comments?post=18511"}],"version-history":[{"count":1,"href":"https:\/\/www.gskos.unios.hr\/index.php\/wp-json\/wp\/v2\/posts\/18511\/revisions"}],"predecessor-version":[{"id":18512,"href":"https:\/\/www.gskos.unios.hr\/index.php\/wp-json\/wp\/v2\/posts\/18511\/revisions\/18512"}],"wp:featuredmedia":[{"embeddable":true,"href":"https:\/\/www.gskos.unios.hr\/index.php\/wp-json\/wp\/v2\/media\/12015"}],"wp:attachment":[{"href":"https:\/\/www.gskos.unios.hr\/index.php\/wp-json\/wp\/v2\/media?parent=18511"}],"wp:term":[{"taxonomy":"category","embeddable":true,"href":"https:\/\/www.gskos.unios.hr\/index.php\/wp-json\/wp\/v2\/categories?post=18511"},{"taxonomy":"post_tag","embeddable":true,"href":"https:\/\/www.gskos.unios.hr\/index.php\/wp-json\/wp\/v2\/tags?post=18511"}],"curies":[{"name":"wp","href":"https:\/\/api.w.org\/{rel}","templated":true}]}}