{"id":18714,"date":"2023-05-05T11:53:31","date_gmt":"2023-05-05T09:53:31","guid":{"rendered":"https:\/\/www.gskos.unios.hr\/?p=18714"},"modified":"2023-05-05T11:53:31","modified_gmt":"2023-05-05T09:53:31","slug":"izlozba-podunavske-svabe-kultura-i-povijest","status":"publish","type":"post","link":"https:\/\/www.gskos.unios.hr\/index.php\/izlozba-podunavske-svabe-kultura-i-povijest\/","title":{"rendered":"Izlo\u017eba &#8220;Podunavske \u0160vabe \u2013 kultura i povijest&#8221;"},"content":{"rendered":"<p style=\"text-align: justify;\">U organizaciji Njema\u010dke zajednice \u2013 Zemaljske udruge podunavskih \u0160vaba u Hrvatskoj i Gradske i sveu\u010dili\u0161ne knji\u017enice Osijek, u <strong>ponedjeljak, 8. svibnja 2023. godine<\/strong> s po\u010detkom u <strong>18.00 sati<\/strong>, u izlo\u017ebenoj auli u prizemlju, bit \u0107e uprili\u010deno otvorenje <strong>izlo\u017ebe<\/strong> pod nazivom <strong>&#8220;Podunavske \u0160vabe \u2013 kultura i povijest&#8221;<\/strong>. Izlo\u017eba je nastala u produkciji Sredi\u0161njeg muzeja Podunavskih \u0160vaba i referenta za kulturu Jugoisto\u010dne Europe.<\/p>\n<p style=\"text-align: justify;\">Sadr\u017eajno se ova putuju\u0107a izlo\u017eba naslanja na stalni postav Sredi\u0161njeg muzeja Podunavskih \u0160vaba: &#8220;Prostori \u2013 vremena \u2013 ljudi&#8221;. Pojedina\u010dni elementi imaju sljede\u0107e teme:<\/p>\n<p style=\"text-align: justify;\">Sredi\u0161nji muzej Dunavske \u0160vape u Ulmu, Podunavsko-\u0161vapsko naseljeno podru\u010dje, Seobe sa zapada na istok \u2013 Iseljavanje Podunavskih \u0160vaba u jugoisto\u010dnu Europu u 18. i 19. Stolje\u0107u, \u017divot na selu (\u017divot Podunavskih \u0160vaba na selu i rad u poljoprivredi), \u017divot u gradu (\u017divot Podunavskih \u0160vaba u gradovima i industrijalizacija), Susjedi, narodnosti (Me\u0111uetni\u010dki su\u017eivot Podunavskih \u0160vaba s etni\u010dkim skupinama u jugoisto\u010dnoj Europi), Bijeg, protjerivanje, deportacija (doga\u0111aji 20. stolje\u0107a), Neub\u00fcrger (Integracija Podunavskih \u0160vaba u Saveznu Republiku Njema\u010dku), \u017divot u socijalizmu (\u017divot Podunavskih \u0160vaba u socijalisti\u010dkim zemljama jugoisto\u010dne Europe nakon 1945.),Europa nakon 1989.<\/p>\n<p>Izlo\u017ebom se \u017eeli prikazati povijest Podunavskih \u0160vaba u Europi te kako se njihov polo\u017eaj mijenjao kroz povijest do danas.<\/p>\n<p>Dodatne informacije mogu se dobiti na brojeve telefona:<\/p>\n<ul>\n<li><a href=\"https:\/\/www.gskos.unios.hr\/index.php\/studijska-citaonica\/\">Posudbeni<\/a> odjel za odrasle GISKO 031\/211-233<\/li>\n<\/ul>\n","protected":false},"excerpt":{"rendered":"<p>U organizaciji Njema\u010dke zajednice \u2013 Zemaljske udruge podunavskih \u0160vaba u Hrvatskoj i Gradske i sveu\u010dili\u0161ne knji\u017enice Osijek, u ponedjeljak, 8. svibnja 2023. godine s po\u010detkom u 18.00 sati, u izlo\u017ebenoj auli u prizemlju, bit \u0107e uprili\u010deno otvorenje izlo\u017ebe pod nazivom &#8220;Podunavske \u0160vabe \u2013 kultura i povijest&#8221;. Izlo\u017eba je nastala u produkciji Sredi\u0161njeg muzeja Podunavskih \u0160vaba<\/p>\n","protected":false},"author":17,"featured_media":18715,"comment_status":"closed","ping_status":"closed","sticky":false,"template":"","format":"standard","meta":{"_mi_skip_tracking":false},"categories":[1,39,47],"tags":[],"_links":{"self":[{"href":"https:\/\/www.gskos.unios.hr\/index.php\/wp-json\/wp\/v2\/posts\/18714"}],"collection":[{"href":"https:\/\/www.gskos.unios.hr\/index.php\/wp-json\/wp\/v2\/posts"}],"about":[{"href":"https:\/\/www.gskos.unios.hr\/index.php\/wp-json\/wp\/v2\/types\/post"}],"author":[{"embeddable":true,"href":"https:\/\/www.gskos.unios.hr\/index.php\/wp-json\/wp\/v2\/users\/17"}],"replies":[{"embeddable":true,"href":"https:\/\/www.gskos.unios.hr\/index.php\/wp-json\/wp\/v2\/comments?post=18714"}],"version-history":[{"count":1,"href":"https:\/\/www.gskos.unios.hr\/index.php\/wp-json\/wp\/v2\/posts\/18714\/revisions"}],"predecessor-version":[{"id":18716,"href":"https:\/\/www.gskos.unios.hr\/index.php\/wp-json\/wp\/v2\/posts\/18714\/revisions\/18716"}],"wp:featuredmedia":[{"embeddable":true,"href":"https:\/\/www.gskos.unios.hr\/index.php\/wp-json\/wp\/v2\/media\/18715"}],"wp:attachment":[{"href":"https:\/\/www.gskos.unios.hr\/index.php\/wp-json\/wp\/v2\/media?parent=18714"}],"wp:term":[{"taxonomy":"category","embeddable":true,"href":"https:\/\/www.gskos.unios.hr\/index.php\/wp-json\/wp\/v2\/categories?post=18714"},{"taxonomy":"post_tag","embeddable":true,"href":"https:\/\/www.gskos.unios.hr\/index.php\/wp-json\/wp\/v2\/tags?post=18714"}],"curies":[{"name":"wp","href":"https:\/\/api.w.org\/{rel}","templated":true}]}}