{"id":18728,"date":"2023-05-08T14:25:02","date_gmt":"2023-05-08T12:25:02","guid":{"rendered":"https:\/\/www.gskos.unios.hr\/?p=18728"},"modified":"2023-05-09T12:17:53","modified_gmt":"2023-05-09T10:17:53","slug":"katedra-za-ustavno-i-europsko-pravo-pravnog-fakulteta-osijek-u-suradniji-s-europskim-dokumentacijskim-centrom-knjiznice-i-studentskim-zborom-fakulteta-tradicionalno-organizira-dane-europe-pravos-u","status":"publish","type":"post","link":"https:\/\/www.gskos.unios.hr\/index.php\/katedra-za-ustavno-i-europsko-pravo-pravnog-fakulteta-osijek-u-suradniji-s-europskim-dokumentacijskim-centrom-knjiznice-i-studentskim-zborom-fakulteta-tradicionalno-organizira-dane-europe-pravos-u\/","title":{"rendered":"Dani Europe PRAVOS od 8. do 12. svibnja"},"content":{"rendered":"<p style=\"text-align: justify;\">Katedra za ustavno i europsko pravo Pravnog fakulteta Osijek u suradniji s Europskim dokumentacijskim centrom Knji\u017enice i Studentskim zborom Fakulteta tradicionalno organizira Dane Europe PRAVOS u tjednu od 8. do 12. svibnja 2023. godine.<\/p>\n<p style=\"text-align: justify;\">Na Dan Europe, koji se obilje\u017eava 9. svibnja svake godine, slavi se mir i jedinstvo u Europi te povezuje s temom koja je za tu godinu dogovorom odabrana kao klju\u010dna u komunikaciji europskih institucija prema gra\u0111anima.\u00a0 Godina 2023. progla\u0161ena je <a href=\"https:\/\/croatia.representation.ec.europa.eu\/news\/europska-godina-vjestina-2023-2022-10-12_hr\">Europskom godinom vje\u0161tina<\/a>. Europska godina vje\u0161tina dat \u0107e novi poticaj cjelo\u017eivotnom u\u010denju i time omogu\u0107iti ljudima i poduze\u0107ima sudjelovanje u zelenoj i digitalnoj tranziciji, s posebnim naglaskom na inovacije i konkurentnost.<\/p>\n<p style=\"text-align: justify;\">Zbog toga su na programu ovogodi\u0161njeg obilje\u017eavanja\u00a0predavanja o posjedovanju relevantnih vje\u0161tina, osobito u podru\u010dju prava, te poticanje cjelo\u017eivotnog u\u010denja kako bi studenti i ostali zainteresirani gra\u0111ani bili \u0161to spremniji za tr\u017ei\u0161te rada. Na programu su i aktualne teme od interesa za mlade kao i druge\u00a0 u podru\u010dju politika i zakonodovastva Europske unije s nizom predavanja profesora Fakulteta u suradnji s mnogobrojnim gostima predava\u010dim i partnerima.<\/p>\n<p style=\"text-align: justify;\">Tako\u0111er, u predvorju glavne zgrade Fakulteta postavljena je izlo\u017eba povodom Dana Europe i Europske godine vje\u0161tina s naglaskom na zelene i digitalne vje\u0161tine.<\/p>\n<p style=\"text-align: justify;\">Prema programu, 10. svibnja (srijeda)\u00a0 odr\u017eati \u0107e se Tribina: U\u010di, razvijaj vje\u0161tine, podijeli znanje! organizirana u suradnji s EUROPE DIRECT Osijek , EUROPE DIRECT Slavonski Brod i Katedrom za privatno pravo- Projekt Time to Become Digital in LaW- DIGinLaw na kojoj \u0107e sudjelovati preko video veze voditelj Predstavni\u0161tva Europske komisije u Hrvatskoj gospodin Ognian Zlatev.<\/p>\n<p style=\"text-align: justify;\">Cjelokupni program \u00a0obilje\u017eavanja Dana Europe PRAVOS \u00a02023. i Europske godine vje\u0161tina \u00a0mo\u017eete pogledati i na mre\u017enim stranicama Pravnog fakulteta u Osijeku: <a href=\"https:\/\/www.pravos.unios.hr\/pravos\/dani-europe-od-8-do-12-svibnja-2023-godine-na-pravnom-fakultetu-u-osijeku\/\">https:\/\/www.pravos.unios.hr\/pravos\/dani-europe-od-8-do-12-svibnja-2023-godine-na-pravnom-fakultetu-u-osijeku\/<\/a><\/p>\n<p><a href=\"https:\/\/www.gskos.unios.hr\/wp-content\/uploads\/2023\/05\/Dani-Europe-PRAVOS_program_2023-scaled.jpg\"><img loading=\"lazy\" class=\"alignnone wp-image-18732 size-full\" src=\"https:\/\/www.gskos.unios.hr\/wp-content\/uploads\/2023\/05\/Dani-Europe-PRAVOS_program_2023-scaled.jpg\" alt=\"\" width=\"1811\" height=\"2560\" srcset=\"https:\/\/www.gskos.unios.hr\/wp-content\/uploads\/2023\/05\/Dani-Europe-PRAVOS_program_2023-scaled.jpg 1811w, https:\/\/www.gskos.unios.hr\/wp-content\/uploads\/2023\/05\/Dani-Europe-PRAVOS_program_2023-212x300.jpg 212w, https:\/\/www.gskos.unios.hr\/wp-content\/uploads\/2023\/05\/Dani-Europe-PRAVOS_program_2023-724x1024.jpg 724w, https:\/\/www.gskos.unios.hr\/wp-content\/uploads\/2023\/05\/Dani-Europe-PRAVOS_program_2023-768x1086.jpg 768w, https:\/\/www.gskos.unios.hr\/wp-content\/uploads\/2023\/05\/Dani-Europe-PRAVOS_program_2023-1086x1536.jpg 1086w, https:\/\/www.gskos.unios.hr\/wp-content\/uploads\/2023\/05\/Dani-Europe-PRAVOS_program_2023-1449x2048.jpg 1449w, https:\/\/www.gskos.unios.hr\/wp-content\/uploads\/2023\/05\/Dani-Europe-PRAVOS_program_2023-696x984.jpg 696w, https:\/\/www.gskos.unios.hr\/wp-content\/uploads\/2023\/05\/Dani-Europe-PRAVOS_program_2023-1068x1510.jpg 1068w, https:\/\/www.gskos.unios.hr\/wp-content\/uploads\/2023\/05\/Dani-Europe-PRAVOS_program_2023-297x420.jpg 297w\" sizes=\"(max-width: 1811px) 100vw, 1811px\" \/><\/a><a href=\"https:\/\/www.gskos.unios.hr\/wp-content\/uploads\/2023\/05\/Tribina-plakat-scaled.jpg\"><img loading=\"lazy\" class=\"alignnone wp-image-18733 size-full\" src=\"https:\/\/www.gskos.unios.hr\/wp-content\/uploads\/2023\/05\/Tribina-plakat-scaled.jpg\" alt=\"\" width=\"1829\" height=\"2560\" srcset=\"https:\/\/www.gskos.unios.hr\/wp-content\/uploads\/2023\/05\/Tribina-plakat-scaled.jpg 1829w, https:\/\/www.gskos.unios.hr\/wp-content\/uploads\/2023\/05\/Tribina-plakat-214x300.jpg 214w, https:\/\/www.gskos.unios.hr\/wp-content\/uploads\/2023\/05\/Tribina-plakat-731x1024.jpg 731w, https:\/\/www.gskos.unios.hr\/wp-content\/uploads\/2023\/05\/Tribina-plakat-768x1075.jpg 768w, https:\/\/www.gskos.unios.hr\/wp-content\/uploads\/2023\/05\/Tribina-plakat-1097x1536.jpg 1097w, https:\/\/www.gskos.unios.hr\/wp-content\/uploads\/2023\/05\/Tribina-plakat-1463x2048.jpg 1463w, https:\/\/www.gskos.unios.hr\/wp-content\/uploads\/2023\/05\/Tribina-plakat-696x974.jpg 696w, https:\/\/www.gskos.unios.hr\/wp-content\/uploads\/2023\/05\/Tribina-plakat-1068x1495.jpg 1068w, https:\/\/www.gskos.unios.hr\/wp-content\/uploads\/2023\/05\/Tribina-plakat-300x420.jpg 300w\" sizes=\"(max-width: 1829px) 100vw, 1829px\" \/><\/a><\/p>\n","protected":false},"excerpt":{"rendered":"<p>Katedra za ustavno i europsko pravo Pravnog fakulteta Osijek u suradniji s Europskim dokumentacijskim centrom Knji\u017enice i Studentskim zborom Fakulteta tradicionalno organizira Dane Europe PRAVOS u tjednu od 8. do 12. svibnja 2023. godine. Na Dan Europe, koji se obilje\u017eava 9. svibnja svake godine, slavi se mir i jedinstvo u Europi te povezuje s temom<\/p>\n","protected":false},"author":16,"featured_media":18731,"comment_status":"closed","ping_status":"closed","sticky":false,"template":"","format":"standard","meta":{"_mi_skip_tracking":false},"categories":[47],"tags":[],"_links":{"self":[{"href":"https:\/\/www.gskos.unios.hr\/index.php\/wp-json\/wp\/v2\/posts\/18728"}],"collection":[{"href":"https:\/\/www.gskos.unios.hr\/index.php\/wp-json\/wp\/v2\/posts"}],"about":[{"href":"https:\/\/www.gskos.unios.hr\/index.php\/wp-json\/wp\/v2\/types\/post"}],"author":[{"embeddable":true,"href":"https:\/\/www.gskos.unios.hr\/index.php\/wp-json\/wp\/v2\/users\/16"}],"replies":[{"embeddable":true,"href":"https:\/\/www.gskos.unios.hr\/index.php\/wp-json\/wp\/v2\/comments?post=18728"}],"version-history":[{"count":6,"href":"https:\/\/www.gskos.unios.hr\/index.php\/wp-json\/wp\/v2\/posts\/18728\/revisions"}],"predecessor-version":[{"id":18740,"href":"https:\/\/www.gskos.unios.hr\/index.php\/wp-json\/wp\/v2\/posts\/18728\/revisions\/18740"}],"wp:featuredmedia":[{"embeddable":true,"href":"https:\/\/www.gskos.unios.hr\/index.php\/wp-json\/wp\/v2\/media\/18731"}],"wp:attachment":[{"href":"https:\/\/www.gskos.unios.hr\/index.php\/wp-json\/wp\/v2\/media?parent=18728"}],"wp:term":[{"taxonomy":"category","embeddable":true,"href":"https:\/\/www.gskos.unios.hr\/index.php\/wp-json\/wp\/v2\/categories?post=18728"},{"taxonomy":"post_tag","embeddable":true,"href":"https:\/\/www.gskos.unios.hr\/index.php\/wp-json\/wp\/v2\/tags?post=18728"}],"curies":[{"name":"wp","href":"https:\/\/api.w.org\/{rel}","templated":true}]}}