{"id":18948,"date":"2023-06-23T15:46:18","date_gmt":"2023-06-23T13:46:18","guid":{"rendered":"https:\/\/www.gskos.unios.hr\/?p=18948"},"modified":"2025-06-25T18:34:15","modified_gmt":"2025-06-25T16:34:15","slug":"medunarodni-festival-slikovnice-cuvari-prica-ilustratori-i-pisci-u-gostima","status":"publish","type":"post","link":"https:\/\/www.gskos.unios.hr\/index.php\/medunarodni-festival-slikovnice-cuvari-prica-ilustratori-i-pisci-u-gostima\/","title":{"rendered":"Me\u0111unarodni festival slikovnice &#8220;\u010cuvari pri\u010da&#8221;: Ilustratori i pisci u gostima"},"content":{"rendered":"<p style=\"text-align: justify;\">Ljeto u Gradskoj i sveu\u010dili\u0161noj knji\u017enici Osijek, kao i Osje\u010dko ljeto kulture, zapo\u010dinju Me\u0111unarodnim festivalom slikovnice &#8220;\u010cuvari pri\u010da&#8221;. Festival \u0107e se odr\u017eavati u petak 30. lipnja i subotu 1. srpnja 2023. godine. Ovogodi\u0161nja je tema Ilustratori i pisci u gostima, a njegovu organizaciju podr\u017eali su Ministarstvo kulture i medija u RH, Veleposlanstvo SAD-a u Hrvatskoj i Austrijski kulturni forum. Kao \u0161to i sam naziv govori, a oni koji su imali prilike sudjelovati, iz prve ruke to i znaju, festival je vrijeme susreta, \u0161to u\u017eivo, \u0161to online, s kreativcima iz raznih grana umjetnosti i iz raznih dijelova svijeta. Program je bogat i raznolik, a pozvani su da nam se pridru\u017ee i djeca i odrasli. Ve\u0107ina doga\u0111anja odr\u017eava se u prostorima Gradske i sveu\u010dili\u0161na knji\u017enice Osijek, a izlo\u017ebu ilustracija i instalacija sudionika Festivala mo\u0107i \u0107e se posjetiti u Kulturnom centru Osijek.<\/p>\n<p style=\"text-align: justify;\">U nastavku navodimo program festivala. Zbog \u0161to kvalitetnije provedbe, na neka doga\u0111anja obavezno je najaviti sudjelovanje prijavom, putem poveznice koja se nalazi uz opis doga\u0111anja. Na doga\u0111anja koja nemaju poveznicu na obrazac za prijavu, dolazak je mogu\u0107 bez prethodne najave. Prijave se otvaraju u ponedjeljak 26. lipnja. Obrazac je kreiran za prijavljivanje sudjelovanja jedne osobe. Ukoliko prijavljujete vi\u0161e osoba, molimo ispunite jedan obrazac po osobi.<\/p>\n<h4 style=\"text-align: center;\"><strong>Me\u0111unarodni festival slikovnice \u010cuvari pri\u010da: Ilustratori i pisci u gostima<\/strong><br \/>\n<strong>30. lipnja i 1. srpnja 2023. godine<\/strong><br \/>\n<strong>PROGRAM<\/strong><\/h4>\n<h3 style=\"text-align: center;\"><span style=\"text-decoration: underline;\"><strong>PETAK (30. lipnja 2023. godine)<\/strong><\/span><\/h3>\n<p style=\"text-align: center;\">od 10.00 do 16.00 sati<br \/>\n<strong>\u010cUVARI PRI\u010cA<\/strong><br \/>\nizrada zastavica Festivala \u010cuvari pri\u010da uz pri\u010du<br \/>\nDvori\u0161te Gradske i sveu\u010dili\u0161ne knji\u017enice Osijek<\/p>\n<p style=\"text-align: center;\">od 10.00 do 11.00 sati<br \/>\n<strong>TKO SE SKRIVA IZA MASKE?<\/strong><br \/>\nkreativna radionica<br \/>\nvoditeljica: <strong>\u017deljka Mezi\u0107<\/strong><br \/>\n<span style=\"text-decoration: underline;\">American Corner Gradske i sveu\u010dili\u0161ne knji\u017enice Osijek<\/span><br \/>\n<strong>Obrazac za prijavu<\/strong><\/p>\n<p style=\"text-align: center;\">od 11.00 do 12.00 sati<br \/>\n<strong>KARAKTER DIZAJN<\/strong><br \/>\nkreativna radionica<br \/>\nvoditeljica: <strong>Marijana Jeli\u0107<\/strong><br \/>\n<span style=\"text-decoration: underline;\">American Corner Gradske i sveu\u010dili\u0161ne knji\u017enice Osijek<\/span><br \/>\n<strong>Obrazac za prijavu<\/strong><\/p>\n<p style=\"text-align: center;\">od 12.00 do 13.00 sati<br \/>\n<strong>SUSRET S ILUSTRATOROM<\/strong><br \/>\nvoditelj: <strong>Dra\u017een Jerabek<\/strong><br \/>\n<span style=\"text-decoration: underline;\">American Corner Gradske i sveu\u010dili\u0161ne knji\u017enice Osijek<\/span><br \/>\n<strong>Obrazac za prijavu<\/strong><\/p>\n<p style=\"text-align: center;\">od 13.00 do 14.00 sati<br \/>\n<strong>UPOZNAJTE ILUSTRATORICU<\/strong><br \/>\nvideo dru\u017eenje i kreativna radionica s <strong>Judith Auer<\/strong><br \/>\n<span style=\"text-decoration: underline;\">Austrijska \u010ditaonica Gradske i sveu\u010dili\u0161ne knji\u017enice Osijek<\/span><br \/>\n<strong>Obrazac za prijavu<\/strong><\/p>\n<p style=\"text-align: center;\">od 14.30 do 16.00 sati<br \/>\n<strong>STORYWALK<\/strong><br \/>\npri\u010daonica<br \/>\nvoditeljice: <strong>Ivana Turk <\/strong>i <strong>Merien Hadrovi\u0107<\/strong><br \/>\n<span style=\"text-decoration: underline;\">Dvori\u0161te Gradske i sveu\u010dili\u0161ne knji\u017enice Osijek<\/span><br \/>\n<strong>Obrazac za prijavu<\/strong><\/p>\n<p style=\"text-align: center;\">od 16.00 do 17.00 sati<br \/>\n<strong>STIHOM DO SLIKE<\/strong><br \/>\nkreativna radionica<br \/>\nvoditeljica: <strong>Davorka Androi\u0107<\/strong><br \/>\n<span style=\"text-decoration: underline;\">American Corner Gradske i sveu\u010dili\u0161ne knji\u017enice Osijek<\/span><br \/>\n<strong>Obrazac za prijavu<\/strong><\/p>\n<p style=\"text-align: center;\">od 17.00 do 18.00 sati<br \/>\n<strong>SUSRET S PISCEM<\/strong><br \/>\nvoditelj: <strong>Bruno Mezi\u0107<\/strong><br \/>\n<span style=\"text-decoration: underline;\">Dvori\u0161te Gradske i sveu\u010dili\u0161ne knji\u017enice Osijek<\/span><br \/>\n<strong>Obrazac za prijavu<\/strong><\/p>\n<p style=\"text-align: center;\">od 18.00 do 19.00 sati<br \/>\n<strong>\u010cUDESNA ISTRA<\/strong><br \/>\nvoditelj: <strong>Zdenko Ba\u0161i\u0107<\/strong><br \/>\n<span style=\"text-decoration: underline;\">Dvori\u0161te Gradske i sveu\u010dili\u0161ne knji\u017enice Osijek<\/span><br \/>\n<strong>Obrazac za prijavu<\/strong><\/p>\n<p style=\"text-align: center;\">od 19.00 do 20.00 sati<br \/>\n<strong>PUTOVANJE U \u010cUDOLANDIJU<\/strong><br \/>\nizlo\u017eba radova <strong>Janka Cicvari\u0107a<\/strong><br \/>\n<span style=\"text-decoration: underline;\">Izlo\u017ebena aula Gradske i sveu\u010dili\u0161ne knji\u017enice Osijek<\/span><\/p>\n<p style=\"text-align: center;\">od 19.15 do 20.00 sati<br \/>\n<strong>PRI\u010cOM TE ZOVEM<\/strong><br \/>\ninteraktivna pri\u010daonica<br \/>\nvoditeljica: <strong>Margareta Per\u0161i\u0107<\/strong><br \/>\n<span style=\"text-decoration: underline;\">Dvori\u0161te Gradske i sveu\u010dili\u0161ne knji\u017enice Osijek<\/span><\/p>\n<h3><\/h3>\n<h3 style=\"text-align: center;\"><span style=\"text-decoration: underline;\"><strong>SUBOTA (1. srpnja 2023. godine)<\/strong><\/span><\/h3>\n<p style=\"text-align: center;\">od 10.00 do 16.00 sati<br \/>\n<strong>\u010cUVARI PRI\u010cA<\/strong><br \/>\nizrada zastavica Festivala \u010cuvari pri\u010da uz pri\u010du<br \/>\n<span style=\"text-decoration: underline;\">Dvori\u0161te Gradske i sveu\u010dili\u0161ne knji\u017enice Osijek<\/span><\/p>\n<p style=\"text-align: center;\">od 10.00 do 11.30 sati<br \/>\n<strong>VISILICA U STILU KLIMTA I MONDRIANA<\/strong><br \/>\nkreativna radionica<br \/>\nvoditeljica: <strong>\u017deljka Mezi\u0107<\/strong><br \/>\n<span style=\"text-decoration: underline;\">American Corner Gradske i sveu\u010dili\u0161ne knji\u017enice Osijek<\/span><br \/>\n<strong>Obrazac za prijavu<\/strong><\/p>\n<p style=\"text-align: center;\">od 13.00 do 14.00 sati<br \/>\n<strong>\u010cUVARI<\/strong> <strong>PRI\u010cA<\/strong><br \/>\n<strong>izlo\u017eba<\/strong> ilustracija i instalacija sudionika Festivala<br \/>\n<span style=\"text-decoration: underline;\">Kulturni centar Osijek<\/span> (Ul. Kneza Trpimira 2\/A)<\/p>\n<p style=\"text-align: center;\">od 16.00 do 17.00 sati<br \/>\n<strong>KAZALI\u0160TE U KOFERU<\/strong><br \/>\nvoditeljica: <strong>Tihana Ostre\u0161<\/strong><br \/>\n<span style=\"text-decoration: underline;\">Dvori\u0161te Gradske i sveu\u010dili\u0161ne knji\u017enice Osijek<\/span><br \/>\n<strong>Obrazac za prijavu<\/strong><\/p>\n<p style=\"text-align: center;\">od 17.00 do 18.00 sati<br \/>\n<strong>PRI\u010cOM TE ZOVEM<\/strong><br \/>\ninteraktivna pri\u010daonica<br \/>\nvoditeljica: <strong>Margareta Per\u0161i\u0107<\/strong><br \/>\n<span style=\"text-decoration: underline;\">Dvori\u0161te Gradske i sveu\u010dili\u0161ne knji\u017enice Osijek<\/span><br \/>\n<strong>Obrazac za prijavu<\/strong><\/p>\n<p style=\"text-align: center;\">od 18.00 do 20.00 sati<br \/>\n<strong>LEGI\u0106I NA SCENI<\/strong><br \/>\ninteraktivna radionica<br \/>\nvoditeljice: <strong>Iris Tomi\u0107 <\/strong>i <strong>Gabriela Red\u017ei\u0107<\/strong><br \/>\n(<strong>Udruga za izvo\u0111a\u010dke umjetnosti Malo Drama, Malo Art<\/strong>)<br \/>\n<span style=\"text-decoration: underline;\">Austrijska \u010ditaonica Gradske i sveu\u010dili\u0161ne knji\u017enice Osijek<\/span><br \/>\n<strong>Obrazac za prijavu<\/strong><\/p>\n<p style=\"text-align: center;\">od 19.00 do 20.00 sati<br \/>\n<strong>KAZALI\u0160TE SJENA<\/strong><br \/>\nVoditeljice: <strong>Andreja Gro\u0161elj<\/strong>,<strong> Ivana Turk<\/strong> i <strong>Jelena Pal\u010dok<\/strong><br \/>\npri\u010daonica<br \/>\n<span style=\"text-decoration: underline;\">Igraonica Odjela za rad s djecom i mladima<\/span><br \/>\n<strong>Obrazac za prijavu<\/strong><\/p>\n<p style=\"text-align: center;\">od 20.00 do 20.30 sati<br \/>\n<strong>BUBNJEVI PRI\u010cAJU PRI\u010cE<\/strong><br \/>\n<strong>RitmOS<\/strong> &#8211; bubnjarska skupina<br \/>\n<span style=\"text-decoration: underline;\">Dvori\u0161te Gradske i sveu\u010dili\u0161ne knji\u017enice Osijek<\/span><\/p>\n<p>Ilustratori i pisci u gostima: <strong><a href=\"https:\/\/drive.google.com\/file\/d\/1i_XrUvZqhwDRprYzOTCY2n0n33-J2Xtn\/view?usp=sharing\" target=\"_blank\" rel=\"noopener\">PROGRAM<\/a><\/strong><br \/>\nIlustratori i pisci u gostima: <strong><a href=\"https:\/\/drive.google.com\/file\/d\/1zHHqJyLAqQrQuFXXyXMTH2_BEjBUB_fu\/view?usp=sharing\" target=\"_blank\" rel=\"noopener\">KATALOG IZLO\u017dBE<\/a><\/strong><\/p>\n<p>Dodatne informacije mogu se dobiti:<br \/>\n\u2022 <a href=\"https:\/\/www.gskos.unios.hr\/index.php\/odjel-za-rad-s-djecom-i-mladima\/\" target=\"_blank\" rel=\"noopener\">na Odjelu za rad s djecom i mladima Gradske i sveu\u010dili\u0161ne knji\u017enice Osijek<\/a>.<\/p>\n<p><img loading=\"lazy\" class=\"alignnone size-large wp-image-18952\" src=\"https:\/\/www.gskos.unios.hr\/wp-content\/uploads\/2023\/06\/PROGRAMcp23-1024x687.png\" alt=\"\" width=\"696\" height=\"467\" srcset=\"https:\/\/www.gskos.unios.hr\/wp-content\/uploads\/2023\/06\/PROGRAMcp23-1024x687.png 1024w, https:\/\/www.gskos.unios.hr\/wp-content\/uploads\/2023\/06\/PROGRAMcp23-300x201.png 300w, https:\/\/www.gskos.unios.hr\/wp-content\/uploads\/2023\/06\/PROGRAMcp23-768x515.png 768w, https:\/\/www.gskos.unios.hr\/wp-content\/uploads\/2023\/06\/PROGRAMcp23-696x467.png 696w, https:\/\/www.gskos.unios.hr\/wp-content\/uploads\/2023\/06\/PROGRAMcp23-1068x717.png 1068w, https:\/\/www.gskos.unios.hr\/wp-content\/uploads\/2023\/06\/PROGRAMcp23-626x420.png 626w, https:\/\/www.gskos.unios.hr\/wp-content\/uploads\/2023\/06\/PROGRAMcp23.png 1264w\" sizes=\"(max-width: 696px) 100vw, 696px\" \/><\/p>\n","protected":false},"excerpt":{"rendered":"<p>Ljeto u Gradskoj i sveu\u010dili\u0161noj knji\u017enici Osijek, kao i Osje\u010dko ljeto kulture, zapo\u010dinju Me\u0111unarodnim festivalom slikovnice &#8220;\u010cuvari pri\u010da&#8221;. Festival \u0107e se odr\u017eavati u petak 30. lipnja i subotu 1. srpnja 2023. godine. Ovogodi\u0161nja je tema Ilustratori i pisci u gostima, a njegovu organizaciju podr\u017eali su Ministarstvo kulture i medija u RH, Veleposlanstvo SAD-a u Hrvatskoj<\/p>\n","protected":false},"author":12,"featured_media":18955,"comment_status":"closed","ping_status":"closed","sticky":false,"template":"","format":"standard","meta":{"_mi_skip_tracking":false},"categories":[1,48,39,32,31,41],"tags":[],"_links":{"self":[{"href":"https:\/\/www.gskos.unios.hr\/index.php\/wp-json\/wp\/v2\/posts\/18948"}],"collection":[{"href":"https:\/\/www.gskos.unios.hr\/index.php\/wp-json\/wp\/v2\/posts"}],"about":[{"href":"https:\/\/www.gskos.unios.hr\/index.php\/wp-json\/wp\/v2\/types\/post"}],"author":[{"embeddable":true,"href":"https:\/\/www.gskos.unios.hr\/index.php\/wp-json\/wp\/v2\/users\/12"}],"replies":[{"embeddable":true,"href":"https:\/\/www.gskos.unios.hr\/index.php\/wp-json\/wp\/v2\/comments?post=18948"}],"version-history":[{"count":8,"href":"https:\/\/www.gskos.unios.hr\/index.php\/wp-json\/wp\/v2\/posts\/18948\/revisions"}],"predecessor-version":[{"id":21961,"href":"https:\/\/www.gskos.unios.hr\/index.php\/wp-json\/wp\/v2\/posts\/18948\/revisions\/21961"}],"wp:featuredmedia":[{"embeddable":true,"href":"https:\/\/www.gskos.unios.hr\/index.php\/wp-json\/wp\/v2\/media\/18955"}],"wp:attachment":[{"href":"https:\/\/www.gskos.unios.hr\/index.php\/wp-json\/wp\/v2\/media?parent=18948"}],"wp:term":[{"taxonomy":"category","embeddable":true,"href":"https:\/\/www.gskos.unios.hr\/index.php\/wp-json\/wp\/v2\/categories?post=18948"},{"taxonomy":"post_tag","embeddable":true,"href":"https:\/\/www.gskos.unios.hr\/index.php\/wp-json\/wp\/v2\/tags?post=18948"}],"curies":[{"name":"wp","href":"https:\/\/api.w.org\/{rel}","templated":true}]}}