{"id":18993,"date":"2023-07-04T09:35:43","date_gmt":"2023-07-04T07:35:43","guid":{"rendered":"https:\/\/www.gskos.unios.hr\/?p=18993"},"modified":"2023-07-04T10:25:34","modified_gmt":"2023-07-04T08:25:34","slug":"izlozba-crteza-korak-vise","status":"publish","type":"post","link":"https:\/\/www.gskos.unios.hr\/index.php\/izlozba-crteza-korak-vise\/","title":{"rendered":"Izlo\u017eba crte\u017ea &#8220;Korak vi\u0161e&#8221;"},"content":{"rendered":"<p style=\"text-align: justify;\">Tijekom<strong> mjeseca srpnja <\/strong>u<strong> Ogranku Donji grad Gradske i sveu\u010dili\u0161ne knji\u017enice Osijek <\/strong>mo\u017ee se pogledati <strong>izlo\u017eba crte\u017ea<\/strong> autora <strong>Marijana Gazdi\u0107a<\/strong> pod nazivom <strong>&#8220;Korak vi\u0161e&#8221;<\/strong> koja prikazuje sakralne, etno i motive prirode, a koja se odr\u017eava u sklopu projekta <a href=\"http:\/\/www.gskos.hr\/?upit=sadrzaj&amp;id=189\">Mala galerija GISKO<\/a>.<\/p>\n<p style=\"text-align: justify;\">Marijan Gazdi\u0107 ro\u0111en je 1997. godine u Osijeku. Crta od \u0161kolske dobi te je stru\u010dno pra\u0107en, usmjeravan i potican od strane likovnih pedagoga pri Centru &#8220;Ivan \u0160tark&#8221; Zorice \u0110urani\u0107 i Ivane Lon\u010dari\u0107. Mentorice ga motiviraju na sudjelovanje na brojnim likovnim natje\u010dajima u Hrvatskoj i inozemstvu, gdje biva nagra\u0111ivan u redovnoj konkurenciji. Umjetnik je crte\u017ee gradio strukturnim crtama koriste\u0107i rapidograf pri realizaciji svojih radova. Nizanje i gra\u0111enje s pomo\u0107u linija Marijana uvodi podsvjesno u stanje kontemplacije pa kao \u0161to zrnca na krunici uvode u molitvu, tako on ni\u017ee crtice i odlazi dublje i dalje, u duhovno\u2026 Ima izgra\u0111en i prepoznatljiv stil, a u svoje radove ula\u017ee puno vremena, volje i ljubavi. Oku\u0161ao se i u koloristi\u010dkim slikarskim tehnikama. Autoru je ovo prva izlo\u017eba u projektu Mala galerija GISKO.<\/p>\n<p>Dodatne informacije o izlo\u017ebi mogu se dobiti na broj telefona:<\/p>\n<ul>\n<li><a href=\"http:\/\/www.gskos.unios.hr\/?upit=sadrzaj&amp;id=161\">Ogranak Donji grad<\/a> GISKO<\/li>\n<li>Marijan Gazdi\u0107 091 726 9718<\/li>\n<\/ul>\n<p><a href=\"https:\/\/www.gskos.unios.hr\/wp-content\/uploads\/2023\/07\/357986830_1414268776087843_5322574181643987705_n.jpg\"><img loading=\"lazy\" class=\"alignnone size-large wp-image-18589\" src=\"https:\/\/www.gskos.unios.hr\/wp-content\/uploads\/2023\/07\/357986830_1414268776087843_5322574181643987705_n.jpg\" alt=\"\" width=\"696\" height=\"1017\" \/><\/a><\/p>\n","protected":false},"excerpt":{"rendered":"<p>Tijekom mjeseca srpnja u Ogranku Donji grad Gradske i sveu\u010dili\u0161ne knji\u017enice Osijek mo\u017ee se pogledati izlo\u017eba crte\u017ea autora Marijana Gazdi\u0107a pod nazivom &#8220;Korak vi\u0161e&#8221; koja prikazuje sakralne, etno i motive prirode, a koja se odr\u017eava u sklopu projekta Mala galerija GISKO. Marijan Gazdi\u0107 ro\u0111en je 1997. godine u Osijeku. Crta od \u0161kolske dobi te je<\/p>\n","protected":false},"author":17,"featured_media":18994,"comment_status":"closed","ping_status":"closed","sticky":false,"template":"","format":"standard","meta":{"_mi_skip_tracking":false},"categories":[1,39,47,34],"tags":[],"_links":{"self":[{"href":"https:\/\/www.gskos.unios.hr\/index.php\/wp-json\/wp\/v2\/posts\/18993"}],"collection":[{"href":"https:\/\/www.gskos.unios.hr\/index.php\/wp-json\/wp\/v2\/posts"}],"about":[{"href":"https:\/\/www.gskos.unios.hr\/index.php\/wp-json\/wp\/v2\/types\/post"}],"author":[{"embeddable":true,"href":"https:\/\/www.gskos.unios.hr\/index.php\/wp-json\/wp\/v2\/users\/17"}],"replies":[{"embeddable":true,"href":"https:\/\/www.gskos.unios.hr\/index.php\/wp-json\/wp\/v2\/comments?post=18993"}],"version-history":[{"count":3,"href":"https:\/\/www.gskos.unios.hr\/index.php\/wp-json\/wp\/v2\/posts\/18993\/revisions"}],"predecessor-version":[{"id":18999,"href":"https:\/\/www.gskos.unios.hr\/index.php\/wp-json\/wp\/v2\/posts\/18993\/revisions\/18999"}],"wp:featuredmedia":[{"embeddable":true,"href":"https:\/\/www.gskos.unios.hr\/index.php\/wp-json\/wp\/v2\/media\/18994"}],"wp:attachment":[{"href":"https:\/\/www.gskos.unios.hr\/index.php\/wp-json\/wp\/v2\/media?parent=18993"}],"wp:term":[{"taxonomy":"category","embeddable":true,"href":"https:\/\/www.gskos.unios.hr\/index.php\/wp-json\/wp\/v2\/categories?post=18993"},{"taxonomy":"post_tag","embeddable":true,"href":"https:\/\/www.gskos.unios.hr\/index.php\/wp-json\/wp\/v2\/tags?post=18993"}],"curies":[{"name":"wp","href":"https:\/\/api.w.org\/{rel}","templated":true}]}}