{"id":19107,"date":"2023-08-29T11:33:24","date_gmt":"2023-08-29T09:33:24","guid":{"rendered":"https:\/\/www.gskos.unios.hr\/?p=19107"},"modified":"2023-09-04T11:34:29","modified_gmt":"2023-09-04T09:34:29","slug":"izlozba-fotografija-tate-i-djeca-u-hrvatskoj","status":"publish","type":"post","link":"https:\/\/www.gskos.unios.hr\/index.php\/izlozba-fotografija-tate-i-djeca-u-hrvatskoj\/","title":{"rendered":"Izlo\u017eba fotografija &#8220;Tate i djeca u Hrvatskoj&#8221;"},"content":{"rendered":"<p style=\"text-align: justify;\">U organizaciji Udruge Status M i Gradske i sveu\u010dili\u0161ne knji\u017enice Osijek u <strong>ponedjeljak, 4. rujna 2023. godine<\/strong> s po\u010detkom u <strong>18.00 sati<\/strong> odr\u017eat \u0107e otvorenje <strong>izlo\u017ebe fotografija Festivala tata<\/strong> pod nazivom <strong>&#8220;Tate i djeca u Hrvatskoj&#8221;<\/strong>. Otvorenje \u0107e biti odr\u017eano u <strong>izlo\u017ebenoj auli na katu<\/strong> Gradske i sveu\u010dili\u0161ne knji\u017enice Osijek.<\/p>\n<p style=\"text-align: justify;\">Organizacija Status M neprofitna je udruga iz Zagreba koja radi s mladima, a posebice dje\u010dacima i mu\u0161karcima na prevenciji nasilja i promociji rodne ravnopravnosti. Tako\u0111er, u fokusu imaju o\u010deve te poti\u010du mu\u0161karce da postanu bri\u017eni i anga\u017eirani roditelji koji su aktivno uklju\u010deni u odgoj i brigu za svoju djecu.<\/p>\n<p style=\"text-align: justify;\">Osamdeset posto mu\u0161karaca tijekom svog \u017eivota postat \u0107e o\u010devi, ali gotovo svi mu\u0161karci imat \u0107e priliku biti na neki na\u010din uklju\u010deni u \u017eivot djeteta. Aktivni anga\u017eman mu\u0161karaca u \u017eivotima njihove djece i partnerica nosi brojne dobrobiti \u017eenama, djeci, ali i samim mu\u0161karcima: pozitivni u\u010dinak na rast i razvoj djeteta, pobolj\u0161anje zdravlja majke, kvalitetniji partnerski odnosi, smanjenje nasilja nad \u017eenama i djecom te razvoj dugoro\u010dne povezanosti izme\u0111u oca i djeteta.<\/p>\n<p style=\"text-align: justify;\">Ve\u0107 \u0161estu godinu organizira se Festival tata. On je jedinstvena manifestacija u Hrvatskoj posve\u0107ena bri\u017enom o\u010dinstvu, a cilj joj je educirati i potaknuti o\u010deve na aktivno uklju\u010divanje u odgoj djece te pokretanje rasprave o va\u017enosti anga\u017eiranog o\u010dinstva. Festival tata zapo\u010dinje foto natje\u010dajem kojim se poziva o\u010deve da po\u0161alju fotografije sebe u svakodnevnim situacijama s djetetom kojima ilustriraju izazove i radosti obiteljskog \u017eivota, brige i zajedni\u010dkog provo\u0111enja vremena. Nakon foto natje\u010daja, svake godine organizira se izlo\u017eba nagra\u0111enih fotografija. Izlo\u017eba je do sada bila postavljena u galerijskim prostorima u Zagrebu, Vara\u017edinu, Dubrovniku i Makarskoj te zagreba\u010dkom Zrinjevcu. Ove godine izlo\u017eba dolazi na istok Hrvatske, odnosno u Osijek.<\/p>\n<p>Dodatne informacije o izlo\u017ebi mogu se dobiti na broj telefona:<br \/>\n\u2022 Posudbeni odjel za odrasle GISKO<\/p>\n<p><a href=\"https:\/\/www.gskos.unios.hr\/wp-content\/uploads\/2023\/08\/Festival-tata-1.png\"><img loading=\"lazy\" class=\"alignnone size-large wp-image-19109\" src=\"https:\/\/www.gskos.unios.hr\/wp-content\/uploads\/2023\/08\/Festival-tata-1-1024x576.png\" alt=\"\" width=\"696\" height=\"392\" srcset=\"https:\/\/www.gskos.unios.hr\/wp-content\/uploads\/2023\/08\/Festival-tata-1-1024x576.png 1024w, https:\/\/www.gskos.unios.hr\/wp-content\/uploads\/2023\/08\/Festival-tata-1-300x169.png 300w, https:\/\/www.gskos.unios.hr\/wp-content\/uploads\/2023\/08\/Festival-tata-1-768x432.png 768w, https:\/\/www.gskos.unios.hr\/wp-content\/uploads\/2023\/08\/Festival-tata-1-1536x864.png 1536w, https:\/\/www.gskos.unios.hr\/wp-content\/uploads\/2023\/08\/Festival-tata-1-696x392.png 696w, https:\/\/www.gskos.unios.hr\/wp-content\/uploads\/2023\/08\/Festival-tata-1-1068x601.png 1068w, https:\/\/www.gskos.unios.hr\/wp-content\/uploads\/2023\/08\/Festival-tata-1-747x420.png 747w, https:\/\/www.gskos.unios.hr\/wp-content\/uploads\/2023\/08\/Festival-tata-1.png 1920w\" sizes=\"(max-width: 696px) 100vw, 696px\" \/><\/a><\/p>\n","protected":false},"excerpt":{"rendered":"<p>U organizaciji Udruge Status M i Gradske i sveu\u010dili\u0161ne knji\u017enice Osijek u ponedjeljak, 4. rujna 2023. godine s po\u010detkom u 18.00 sati odr\u017eat \u0107e otvorenje izlo\u017ebe fotografija Festivala tata pod nazivom &#8220;Tate i djeca u Hrvatskoj&#8221;. Otvorenje \u0107e biti odr\u017eano u izlo\u017ebenoj auli na katu Gradske i sveu\u010dili\u0161ne knji\u017enice Osijek. Organizacija Status M neprofitna je<\/p>\n","protected":false},"author":16,"featured_media":19108,"comment_status":"closed","ping_status":"closed","sticky":false,"template":"","format":"standard","meta":{"_mi_skip_tracking":false},"categories":[1,39,47,31,33],"tags":[],"_links":{"self":[{"href":"https:\/\/www.gskos.unios.hr\/index.php\/wp-json\/wp\/v2\/posts\/19107"}],"collection":[{"href":"https:\/\/www.gskos.unios.hr\/index.php\/wp-json\/wp\/v2\/posts"}],"about":[{"href":"https:\/\/www.gskos.unios.hr\/index.php\/wp-json\/wp\/v2\/types\/post"}],"author":[{"embeddable":true,"href":"https:\/\/www.gskos.unios.hr\/index.php\/wp-json\/wp\/v2\/users\/16"}],"replies":[{"embeddable":true,"href":"https:\/\/www.gskos.unios.hr\/index.php\/wp-json\/wp\/v2\/comments?post=19107"}],"version-history":[{"count":3,"href":"https:\/\/www.gskos.unios.hr\/index.php\/wp-json\/wp\/v2\/posts\/19107\/revisions"}],"predecessor-version":[{"id":19128,"href":"https:\/\/www.gskos.unios.hr\/index.php\/wp-json\/wp\/v2\/posts\/19107\/revisions\/19128"}],"wp:featuredmedia":[{"embeddable":true,"href":"https:\/\/www.gskos.unios.hr\/index.php\/wp-json\/wp\/v2\/media\/19108"}],"wp:attachment":[{"href":"https:\/\/www.gskos.unios.hr\/index.php\/wp-json\/wp\/v2\/media?parent=19107"}],"wp:term":[{"taxonomy":"category","embeddable":true,"href":"https:\/\/www.gskos.unios.hr\/index.php\/wp-json\/wp\/v2\/categories?post=19107"},{"taxonomy":"post_tag","embeddable":true,"href":"https:\/\/www.gskos.unios.hr\/index.php\/wp-json\/wp\/v2\/tags?post=19107"}],"curies":[{"name":"wp","href":"https:\/\/api.w.org\/{rel}","templated":true}]}}