{"id":19162,"date":"2023-09-20T14:12:39","date_gmt":"2023-09-20T12:12:39","guid":{"rendered":"https:\/\/www.gskos.unios.hr\/?p=19162"},"modified":"2023-09-20T14:13:30","modified_gmt":"2023-09-20T12:13:30","slug":"predavanja-i-obilasci-izlozbi-osjecke-kolekcionarske-price-i-satovi-i-urari-od-turskog-do-modernog-osijeka","status":"publish","type":"post","link":"https:\/\/www.gskos.unios.hr\/index.php\/predavanja-i-obilasci-izlozbi-osjecke-kolekcionarske-price-i-satovi-i-urari-od-turskog-do-modernog-osijeka\/","title":{"rendered":"Predavanja i obilasci izlo\u017ebi &#8220;Osje\u010dke kolekcionarske pri\u010de&#8221; i &#8220;Satovi i urari \u2013 od turskog do modernog Osijeka&#8221;"},"content":{"rendered":"<p style=\"text-align: justify;\">U sklopu petog Sedeco festivala 2023., u izlo\u017ebenim aulama u prizemlju i na katu Gradske i sveu\u010dili\u0161ne knji\u017enice Osijek, postavljene su dvije izlo\u017ebe autora Stjepana Kadovi\u0107a. U cilju \u0161to bolje prezentacije navedenih izlo\u017ebi, autor \u0107e u <strong>utorak, 26. rujna 2023. i srijedu, 27.rujna 2023. <\/strong>s po\u010detkom u <strong>12.00 sati<\/strong>, odr\u017eati stru\u010dna <strong>predavanja<\/strong> u prostoru Austrijske \u010ditaonice. <strong><u>Nakon svakog predavanja biti \u0107e organiziran obilazak izlo\u017ebe uz stru\u010dno vodstvo.<\/u><\/strong><\/p>\n<ul>\n<li>\n<p style=\"text-align: justify;\"><strong>26. rujna 2023. (utorak) odr\u017eat \u0107e se predavanje &#8220;Osje\u010dke kolekcionarske pri\u010de&#8221;. <\/strong>To je svojevrsna kronika osje\u010dkog kolekcionarstva, koje ima dugu tradiciju u Osijeku. Kolekcionari kao donatori i osniva\u010di dana\u0161njih osje\u010dkih muzeja: Muzeja Slavonije Osijek, Arheolo\u0161kog muzeja i Muzeja likovnih umjetnosti. Rad Arheolo\u0161kog kluba &#8220;Mursa&#8221;. Osnivanje prvog sajma antikviteta u Osijeku. SEDECO festival kao kolekcionarski projekt.\u00a0 Kolekcionarske pri\u010de u kojima autor navodi pri\u010de na temelju kolekcionarskih predmeta, pa tako opisuje pozadinu nastanka prvog sajma antikviteta na osnovu izlo\u017eenih fotografija duha generala Beckersa. Kroz kolekcionarske predmete, ispri\u010dane su mnoge pri\u010de, poznate, ali i nepoznate pri\u010de, o poznatim i uglednim Osje\u010danima. Predvi\u0111eno vrijeme trajanja: 12.00-13.00 sati. Predava\u010d: Stjepan Kadovi\u0107, mag. oec.<\/p>\n<\/li>\n<li>\n<p style=\"text-align: justify;\"><strong>27. rujna 2023. (srijeda) odr\u017eat \u0107e se <\/strong><strong>predavanje &#8220;Satovi i urari \u2013 od turskog do modernog Osijeka&#8221;. <\/strong>To je svojevrsna kronika osje\u010dkog urarstva. Satovi osje\u010dkih urara u depoima MSO i Muzeja za umjetnost i obrt iz Zagreba te privatnim kolekcijama. Osje\u010dki gradski i javni satovi. Zanimljivi satovi iz kolekcije autora. Predvi\u0111eno vrijeme trajanja: 12.00-13.00 sati.<\/p>\n<\/li>\n<\/ul>\n<p>Dodatne informacije mogu se dobiti na broj telefona:<\/p>\n<ul>\n<li><a href=\"https:\/\/www.gskos.unios.hr\/index.php\/odsjek_za_odrasle\/\">Posudbeni odjel za odrasle GISKO<\/a><\/li>\n<li>Autor i predava\u010d: 091 478 000 6<\/li>\n<\/ul>\n<p><a href=\"https:\/\/www.gskos.unios.hr\/wp-content\/uploads\/2023\/09\/Javni-satovi-novi-i-stari.jpg\"><img loading=\"lazy\" class=\"aligncenter size-full wp-image-19167\" src=\"https:\/\/www.gskos.unios.hr\/wp-content\/uploads\/2023\/09\/Javni-satovi-novi-i-stari.jpg\" alt=\"\" width=\"674\" height=\"927\" srcset=\"https:\/\/www.gskos.unios.hr\/wp-content\/uploads\/2023\/09\/Javni-satovi-novi-i-stari.jpg 674w, https:\/\/www.gskos.unios.hr\/wp-content\/uploads\/2023\/09\/Javni-satovi-novi-i-stari-218x300.jpg 218w, https:\/\/www.gskos.unios.hr\/wp-content\/uploads\/2023\/09\/Javni-satovi-novi-i-stari-305x420.jpg 305w\" sizes=\"(max-width: 674px) 100vw, 674px\" \/><\/a><\/p>\n","protected":false},"excerpt":{"rendered":"<p>U sklopu petog Sedeco festivala 2023., u izlo\u017ebenim aulama u prizemlju i na katu Gradske i sveu\u010dili\u0161ne knji\u017enice Osijek, postavljene su dvije izlo\u017ebe autora Stjepana Kadovi\u0107a. U cilju \u0161to bolje prezentacije navedenih izlo\u017ebi, autor \u0107e u utorak, 26. rujna 2023. i srijedu, 27.rujna 2023. s po\u010detkom u 12.00 sati, odr\u017eati stru\u010dna predavanja u prostoru Austrijske<\/p>\n","protected":false},"author":16,"featured_media":19166,"comment_status":"closed","ping_status":"closed","sticky":false,"template":"","format":"standard","meta":{"_mi_skip_tracking":false},"categories":[1,47,31,33,40],"tags":[],"_links":{"self":[{"href":"https:\/\/www.gskos.unios.hr\/index.php\/wp-json\/wp\/v2\/posts\/19162"}],"collection":[{"href":"https:\/\/www.gskos.unios.hr\/index.php\/wp-json\/wp\/v2\/posts"}],"about":[{"href":"https:\/\/www.gskos.unios.hr\/index.php\/wp-json\/wp\/v2\/types\/post"}],"author":[{"embeddable":true,"href":"https:\/\/www.gskos.unios.hr\/index.php\/wp-json\/wp\/v2\/users\/16"}],"replies":[{"embeddable":true,"href":"https:\/\/www.gskos.unios.hr\/index.php\/wp-json\/wp\/v2\/comments?post=19162"}],"version-history":[{"count":6,"href":"https:\/\/www.gskos.unios.hr\/index.php\/wp-json\/wp\/v2\/posts\/19162\/revisions"}],"predecessor-version":[{"id":19170,"href":"https:\/\/www.gskos.unios.hr\/index.php\/wp-json\/wp\/v2\/posts\/19162\/revisions\/19170"}],"wp:featuredmedia":[{"embeddable":true,"href":"https:\/\/www.gskos.unios.hr\/index.php\/wp-json\/wp\/v2\/media\/19166"}],"wp:attachment":[{"href":"https:\/\/www.gskos.unios.hr\/index.php\/wp-json\/wp\/v2\/media?parent=19162"}],"wp:term":[{"taxonomy":"category","embeddable":true,"href":"https:\/\/www.gskos.unios.hr\/index.php\/wp-json\/wp\/v2\/categories?post=19162"},{"taxonomy":"post_tag","embeddable":true,"href":"https:\/\/www.gskos.unios.hr\/index.php\/wp-json\/wp\/v2\/tags?post=19162"}],"curies":[{"name":"wp","href":"https:\/\/api.w.org\/{rel}","templated":true}]}}