{"id":19352,"date":"2023-11-03T07:39:12","date_gmt":"2023-11-03T06:39:12","guid":{"rendered":"https:\/\/www.gskos.unios.hr\/?p=19352"},"modified":"2023-11-03T07:39:12","modified_gmt":"2023-11-03T06:39:12","slug":"knjizevna-vecer-s-ivanom-sojat","status":"publish","type":"post","link":"https:\/\/www.gskos.unios.hr\/index.php\/knjizevna-vecer-s-ivanom-sojat\/","title":{"rendered":"Knji\u017eevna ve\u010der s Ivanom \u0160ojat"},"content":{"rendered":"<p style=\"text-align: justify;\">U povodu Mjeseca hrvatske knjige 2023., u organizaciji Gradske i sveu\u010dili\u0161ne knji\u017enice Osijek, u <strong>srijedu, 8. studenog 2023.<\/strong> s po\u010detkom u <strong>18.00 sati<\/strong> odr\u017eat \u0107e se <strong>knji\u017eevna ve\u010der<\/strong> sa <strong>Ivanom \u0160ojat<\/strong>. Uz autoricu, na knji\u017eevnoj ve\u010deri sudjeluju: novinarka i spisateljica <strong>\u017deljka \u017divkovi\u0107<\/strong> i novinar <strong>Sa\u0161a Drini\u0107<\/strong>. Predstavljanje \u0107e biti odr\u017eano u prostoru <strong>Studijske \u010ditaonice<\/strong> Gradske i sveu\u010dili\u0161ne knji\u017enice Osijek.<\/p>\n<p style=\"text-align: justify;\">Ivana \u0160ojat hrvatska je knji\u017eevnica i prevoditeljica, ro\u0111ena u Osijeku, treptaj prije sudbonosnog prolje\u0107a 1971. Taj, jakim emocijama nabijeni trenutak ro\u0111enja, mo\u017eda dijelom i obja\u0161njava sve njezine interese: od pjevanja, pisanja djel\u00e2 najrazli\u010ditijih \u017eanrovskih odrednica, prevo\u0111enja, do slikanja, vrtlarenja i ratovanja \u2013 neko\u0107 pu\u0161kom, a sad perom. Iz njezina velikog knji\u017eevnog opusa, Osje\u010danima je zasigurno srcu najvi\u0161e prirastao &#8220;Unterstadt&#8221;. Odlikovana je za promicanje hrvatske kulture u zemlji i inozemstvu.<\/p>\n<p>Dodatne informacije mogu se dobiti na broj telefona:<\/p>\n<ul>\n<li><a href=\"https:\/\/www.gskos.unios.hr\/index.php\/odsjek_za_odrasle\/\">Posudbeni odjel za odrasle GISKO<\/a> 031\/211-233<\/li>\n<\/ul>\n","protected":false},"excerpt":{"rendered":"<p>U povodu Mjeseca hrvatske knjige 2023., u organizaciji Gradske i sveu\u010dili\u0161ne knji\u017enice Osijek, u srijedu, 8. studenog 2023. s po\u010detkom u 18.00 sati odr\u017eat \u0107e se knji\u017eevna ve\u010der sa Ivanom \u0160ojat. Uz autoricu, na knji\u017eevnoj ve\u010deri sudjeluju: novinarka i spisateljica \u017deljka \u017divkovi\u0107 i novinar Sa\u0161a Drini\u0107. Predstavljanje \u0107e biti odr\u017eano u prostoru Studijske \u010ditaonice Gradske<\/p>\n","protected":false},"author":16,"featured_media":19353,"comment_status":"closed","ping_status":"closed","sticky":false,"template":"","format":"standard","meta":{"_mi_skip_tracking":false},"categories":[1,51,31,40,35],"tags":[],"_links":{"self":[{"href":"https:\/\/www.gskos.unios.hr\/index.php\/wp-json\/wp\/v2\/posts\/19352"}],"collection":[{"href":"https:\/\/www.gskos.unios.hr\/index.php\/wp-json\/wp\/v2\/posts"}],"about":[{"href":"https:\/\/www.gskos.unios.hr\/index.php\/wp-json\/wp\/v2\/types\/post"}],"author":[{"embeddable":true,"href":"https:\/\/www.gskos.unios.hr\/index.php\/wp-json\/wp\/v2\/users\/16"}],"replies":[{"embeddable":true,"href":"https:\/\/www.gskos.unios.hr\/index.php\/wp-json\/wp\/v2\/comments?post=19352"}],"version-history":[{"count":3,"href":"https:\/\/www.gskos.unios.hr\/index.php\/wp-json\/wp\/v2\/posts\/19352\/revisions"}],"predecessor-version":[{"id":19356,"href":"https:\/\/www.gskos.unios.hr\/index.php\/wp-json\/wp\/v2\/posts\/19352\/revisions\/19356"}],"wp:featuredmedia":[{"embeddable":true,"href":"https:\/\/www.gskos.unios.hr\/index.php\/wp-json\/wp\/v2\/media\/19353"}],"wp:attachment":[{"href":"https:\/\/www.gskos.unios.hr\/index.php\/wp-json\/wp\/v2\/media?parent=19352"}],"wp:term":[{"taxonomy":"category","embeddable":true,"href":"https:\/\/www.gskos.unios.hr\/index.php\/wp-json\/wp\/v2\/categories?post=19352"},{"taxonomy":"post_tag","embeddable":true,"href":"https:\/\/www.gskos.unios.hr\/index.php\/wp-json\/wp\/v2\/tags?post=19352"}],"curies":[{"name":"wp","href":"https:\/\/api.w.org\/{rel}","templated":true}]}}