{"id":19433,"date":"2023-11-07T09:55:21","date_gmt":"2023-11-07T08:55:21","guid":{"rendered":"https:\/\/www.gskos.unios.hr\/?p=19433"},"modified":"2023-11-07T10:47:21","modified_gmt":"2023-11-07T09:47:21","slug":"izlozba-slikarskih-radova-retrospektiva-3","status":"publish","type":"post","link":"https:\/\/www.gskos.unios.hr\/index.php\/izlozba-slikarskih-radova-retrospektiva-3\/","title":{"rendered":"Izlo\u017eba slikarskih radova &#8220;Retrospektiva&#8221;"},"content":{"rendered":"<p style=\"text-align: justify;\"> Tijekom mjeseca<strong> studenog <\/strong>u<strong> Ogranku Donji grad Gradske i sveu\u010dili\u0161ne knji\u017enice Osijek <\/strong>mo\u017ee se pogledati <strong>izlo\u017eba slikarskih radova autorice<\/strong> <strong>Edite Star\u010devi\u0107 <\/strong>pod nazivom <strong>&#8220;Retrospektiva<em>&#8220;<\/em><\/strong>, a koja se odr\u017eava u sklopu projekta <a href=\"http:\/\/www.gskos.hr\/?upit=sadrzaj&amp;id=189\">Mala galerija GISKO<\/a>. \u00a0Edita Star\u010devi\u0107 ro\u0111ena je u Osijeku, \u017eivi u \u010cepinu i \u010dlanica je likovne udruge &#8220;LU\u010c&#8221; iz \u010cepina. Po zanimanju je u\u010diteljica razredne nastave, predaje likovnu kulturu u O\u0160 Antunovac i vodi likovnu grupu u\u010denika. Slikanjem se bavi intenzivno od 2005. godine. Naj\u010de\u0161\u0107e slika u omiljenoj tehnici ulja na platnu. Povremeno slika i drugim tehnikama, kao \u0161to su akril, pastel i enkaustika. Motivi su raznovrsni: pejza\u017ei, mrtva priroda, cvije\u0107e, \u017eivotinje i sl.<\/p>\n<p>Dodatne informacije o izlo\u017ebi mogu se dobiti na broj telefona:<\/p>\n<ul>\n<li><a href=\"http:\/\/www.gskos.unios.hr\/?upit=sadrzaj&amp;id=161\">Ogranak Donji grad<\/a> GISKO 031\/506-110<\/li>\n<li>Edita Star\u010devi\u0107 0997092198<\/li>\n<\/ul>\n<p><a href=\"https:\/\/www.gskos.unios.hr\/wp-content\/uploads\/2023\/11\/viber_slika_2023-10-31_15-25-03-756-768x1065-1.jpg\"><img loading=\"lazy\" src=\"https:\/\/www.gskos.unios.hr\/wp-content\/uploads\/2023\/11\/viber_slika_2023-10-31_15-25-03-756-768x1065-1.jpg\" alt=\"\" width=\"654\" height=\"961\" class=\"aligncenter size-full wp-image-19440\" srcset=\"https:\/\/www.gskos.unios.hr\/wp-content\/uploads\/2023\/11\/viber_slika_2023-10-31_15-25-03-756-768x1065-1.jpg 654w, https:\/\/www.gskos.unios.hr\/wp-content\/uploads\/2023\/11\/viber_slika_2023-10-31_15-25-03-756-768x1065-1-204x300.jpg 204w, https:\/\/www.gskos.unios.hr\/wp-content\/uploads\/2023\/11\/viber_slika_2023-10-31_15-25-03-756-768x1065-1-286x420.jpg 286w\" sizes=\"(max-width: 654px) 100vw, 654px\" \/><\/a><\/p>\n","protected":false},"excerpt":{"rendered":"<p>Tijekom mjeseca studenog u Ogranku Donji grad Gradske i sveu\u010dili\u0161ne knji\u017enice Osijek mo\u017ee se pogledati izlo\u017eba slikarskih radova autorice Edite Star\u010devi\u0107 pod nazivom &#8220;Retrospektiva&#8220;, a koja se odr\u017eava u sklopu projekta Mala galerija GISKO. \u00a0Edita Star\u010devi\u0107 ro\u0111ena je u Osijeku, \u017eivi u \u010cepinu i \u010dlanica je likovne udruge &#8220;LU\u010c&#8221; iz \u010cepina. Po zanimanju je u\u010diteljica<\/p>\n","protected":false},"author":16,"featured_media":19439,"comment_status":"closed","ping_status":"closed","sticky":false,"template":"","format":"standard","meta":{"_mi_skip_tracking":false},"categories":[1,39,50,47,34],"tags":[],"_links":{"self":[{"href":"https:\/\/www.gskos.unios.hr\/index.php\/wp-json\/wp\/v2\/posts\/19433"}],"collection":[{"href":"https:\/\/www.gskos.unios.hr\/index.php\/wp-json\/wp\/v2\/posts"}],"about":[{"href":"https:\/\/www.gskos.unios.hr\/index.php\/wp-json\/wp\/v2\/types\/post"}],"author":[{"embeddable":true,"href":"https:\/\/www.gskos.unios.hr\/index.php\/wp-json\/wp\/v2\/users\/16"}],"replies":[{"embeddable":true,"href":"https:\/\/www.gskos.unios.hr\/index.php\/wp-json\/wp\/v2\/comments?post=19433"}],"version-history":[{"count":3,"href":"https:\/\/www.gskos.unios.hr\/index.php\/wp-json\/wp\/v2\/posts\/19433\/revisions"}],"predecessor-version":[{"id":19442,"href":"https:\/\/www.gskos.unios.hr\/index.php\/wp-json\/wp\/v2\/posts\/19433\/revisions\/19442"}],"wp:featuredmedia":[{"embeddable":true,"href":"https:\/\/www.gskos.unios.hr\/index.php\/wp-json\/wp\/v2\/media\/19439"}],"wp:attachment":[{"href":"https:\/\/www.gskos.unios.hr\/index.php\/wp-json\/wp\/v2\/media?parent=19433"}],"wp:term":[{"taxonomy":"category","embeddable":true,"href":"https:\/\/www.gskos.unios.hr\/index.php\/wp-json\/wp\/v2\/categories?post=19433"},{"taxonomy":"post_tag","embeddable":true,"href":"https:\/\/www.gskos.unios.hr\/index.php\/wp-json\/wp\/v2\/tags?post=19433"}],"curies":[{"name":"wp","href":"https:\/\/api.w.org\/{rel}","templated":true}]}}