{"id":19464,"date":"2023-11-08T14:22:52","date_gmt":"2023-11-08T13:22:52","guid":{"rendered":"https:\/\/www.gskos.unios.hr\/?p=19464"},"modified":"2023-11-14T12:38:53","modified_gmt":"2023-11-14T11:38:53","slug":"13-dani-austrijske-kulture-u-osijeku","status":"publish","type":"post","link":"https:\/\/www.gskos.unios.hr\/index.php\/13-dani-austrijske-kulture-u-osijeku\/","title":{"rendered":"13. dani austrijske kulture u Osijeku"},"content":{"rendered":"<p style=\"text-align: justify;\"><strong>Sadr\u017eaj:<\/strong><br \/>\nAustrijski kulturni forum Zagreb u suradnji s Austrijskom \u010ditaonicom Gradske i sveu\u010dili\u0161ne knji\u017enice Osijek, Odsjekom za njema\u010dki jezik i knji\u017eevnost Filozofskog fakulteta Osijek , Akademijom za umjetnost i kulturu u Osijeku te Kinematografima Osijek \u2013 kinom Urania, u razdoblju od <strong>ponedjeljka, 13.<\/strong> do <strong>petka, 17. studenoga 2023. godine<\/strong> organizira <strong>trinaeste<\/strong> za redom <strong>Dane austrijske kulture u Osijeku.<\/strong><\/p>\n<p style=\"text-align: justify;\">13. dani austrijske kulture u Osijeku bit \u0107e otvoreni <strong>izlo\u017ebom studenata<\/strong> Odsjeka za kreativne tehnologije Akademije za umjetnost i kulturu u Osijeku pod nazivom &#8220;Nova stvarnost \u2013 pod utjecajem ekspresionisti\u010dkog stvarala\u0161tva Egona Schielea&#8221; 13. studenog u 19.30 sati u Galeriji Knifer. Studentski radovi nastali su pod mentorstvom doc. art. Sheron Pimpi-Steiner te uz podr\u0161ku vi\u0161e asistentice Ivane \u017divkovi\u0107, a mogu se razgledati do 17. studenog 2023. Otvorenju \u0107e prisustvovati predstavnici Veleposlanstva Republike Austrije.<br \/>\nProgram u Austrijskoj \u010ditaonici Gradske i sveu\u010dili\u0161ne knji\u017enice Osijek bit \u0107e posve\u0107en dvjema obljetnicama u podru\u010dju knji\u017eevnosti: doc. dr. sc. Stephanie Jug odr\u017eat \u0107e predavanje povodom 50. obljetnice smrti Ingeborg Bachmann, nakon \u010dega \u0107e se odr\u017eati sve\u010dana dodjela nagrada pobjednicima kreativnog spisateljskog natje\u010daja &#8220;Ti si zadatak&#8221; povodom 140. ro\u0111endana Franza Kafke.<br \/>\nFilmski program ove se godine sastoji od filmske adaptacije popularnih knjiga za djecu austrijske spisateljice Christine N\u00f6stlinger &#8220;Franzove dogodov\u0161tine&#8221;, Revije austrijskog kratkog filma te nagra\u0111ivanog igranog filma &#8220;Vera&#8221;.<br \/>\nDani austrijske kulture u Osijeku primjer su kako se s pomo\u0107u stalne znati\u017eelje mo\u017ee graditi razumijevanje i znanje jednih o drugima, ali istodobno i na\u010deti velika pitanja na\u0161eg vremena u kulturnom dijalogu. Rije\u010d je o vidu suradnje koju obilje\u017eavaju osobni susreti u sklopu kulturnih doga\u0111anja.<\/p>\n<p style=\"text-align: justify;\"><strong>Program 13. dana austrijske kulture u Osijeku<\/strong><br \/>\n<strong>13. \u2013 17. studenog 2023.<\/strong><\/p>\n<p style=\"text-align: justify;\"><strong>13. studenog \u2013 17.30 sati<\/strong> \u2013 Kino Urania, Ul. Vjekoslava Hengla 1<br \/>\n<strong>Prikazivanje filma Franzove dogodov\u0161tine<\/strong><br \/>\nAT\/DE, 2022, 78\u2032<br \/>\nJezik: njema\u010dki s hrvatskim podnaslovima<br \/>\nRedatelj: Johannes Schmid<br \/>\nScenarij: Sarah Wassermair<br \/>\nGlume: Jossi Jantschitsch, Nora Reidinger, Leo Wacha, Ursula Strauss, Simon Schwarz, Maria Bill, Rainer Egger, Julia Edtmeier, Anton Noori, Philipp Dornauer, Deniz Cooper, Elisabeth Wasserscheid, Laurenz Haider, Arwen Hollweg u.a.<br \/>\nProdukcija: NGF &#8211; Nikolaus Geyrhalter Filmproduktion GmbH (A), if&#8230; Productions Film GmbH (D)<br \/>\nUzrast: 10+<br \/>\nKada Franz otkrije influencera Hanka Haberera, njegovi najbolji prijatelji Gabi i Eduard isprva su sumnji\u010davi. No Franz, koji je najmanji u svom razredu, spreman je poslu\u0161ati svaki savjet. U\u010ditelj i popularna djevoj\u010dica Elfi zadaju mu glavobolje, a sve se jo\u0161 vi\u0161e zaplete kada nestane Gabi. Franz i Eduard kre\u0107u u odva\u017enu potragu za nestalom prijateljicom i putem nalaze ne\u0161to neprocjenjivo \u2013 najve\u0107e prijateljstvo na svijetu.<br \/>\nFranzove dogodov\u0161tine o\u010daravaju\u0107a su adaptacija popularnih knjiga Christine N\u00f6stlinger i filmska pustolovina za cijelu obitelj.<br \/>\n<a href=\"https:\/\/www.geyrhalterfilm.com\/geschichten_vom_franz\">https:\/\/www.geyrhalterfilm.com\/geschichten_vom_franz<\/a><br \/>\n<a href=\"https:\/\/kinematografi-osijek.hr\/tjedni-pregled\/\">https:\/\/kinematografi-osijek.hr\/tjedni-pregled\/<\/a><\/p>\n<p style=\"text-align: justify;\"><strong>13. \u2013 17. studenog<\/strong> \u2013 Galerija Knifer, Istarska bb, Eurodom<br \/>\n<strong>Izlo\u017eba radova studentica i studenata Akademije za umjetnost i kulturu u Osijeku &#8220;Nova stvarnost &#8211; pod utjecajem ekspresionisti\u010dkog stvarala\u0161tva Egona Schielea&#8221;<\/strong><br \/>\n<strong>Otvorenje: 13. studenog \u2013 19.30 sati<\/strong><br \/>\nU sklopu obilje\u017eavanja austrijske kulture studentice i studenti Odsjeka za kreativne tehnologije AUKOS, pod mentorstvom doc. art. Sheron Pimpi-Steiner te uz podr\u0161ku vi\u0161e asistentice Ivane \u017divkovi\u0107 izra\u017eavaju se kroz kazali\u0161ni dizajn. Kako je austrijska kultura imala veliki utjecaj na razvoj umjetnosti u Osijeku, studenti su kao upori\u0161te vlastita stvarala\u0161tva za ovu prigodu koristili odlike istaknutog pravca ekspresionizma referiraju\u0107i se na eminentnog austrijskog umjetnika Egona Schielea. Radovi se baziraju na oblikovanju i izradi lutaka kroz koje studentice i studenti izra\u017eavaju vlastito unutarnje stanje uzimaju\u0107i u obzir likovni rukopis Egona Schielea.<br \/>\n<a href=\"http:\/\/www.uaos.unios.hr\">www.uaos.unios.hr<\/a><\/p>\n<p style=\"text-align: justify;\"><strong>13. \u2013 16. studenog<\/strong> \u2013 18.00 sati \u2013 Dvorana kinokluba Urania, Ul. Vjekoslava Hengla 1<br \/>\n<strong>Revija austrijskog kratkog filma 2023.<\/strong><br \/>\nRevija austrijskih kratkih filmova suradnja je izme\u0111u Akademije austrijskog filma i Saveznog ministarstva za europske i me\u0111unarodne poslove koja postoji od 2012., a nastavlja se do danas u pro\u0161irenom obliku. Revija godi\u0161nje obuhva\u0107a one austrijske kratke filmove koji se priznanjima i festivalskim uspjesima kvalificiraju za kandidaturu za Austrijsku filmsku nagradu u kategoriji &#8220;kratkog filma&#8221;, i to po stru\u010dnom izboru filmskih kustosa s najcjenjenijih austrijskih filmskih festivala za taj format, poput VIS Vienna Shorts.<br \/>\nPetnaest filmova, 340 minuta filmskih do\u017eivljaja &#8220;iz pera&#8221; \u010detrnaestero redateljica i redatelja te jednog kolektiva umjetnica \u2013 tako bi se mogla u brojkama sa\u017eeti Revija austrijskog kratkog filma 2022. Predstavljeni filmovi vode nas na putovanja, pokazuju nam zanimljiva mjesta, stvaraju nove svjetove i predstavljaju ljude i njihove izmi\u0161ljene ili stvarne \u017eivote. Promatramo jednog plesa\u010da koji naoko stoji dok se prostor oko njega kre\u0107e. Svjedoci smo toga kako filmska vrpca postaje vlakom i pripovijeda pri\u010du o analognom filmu. Putujemo Kolumbijom i Srbijom, dobivamo uvide u intergalakti\u010dki svijet opere, \u0161etamo \u0161umama i virimo u privatne stambene prostore.<br \/>\nFilmovi obuhva\u0107aju cijeli dijapazon tema i stilova, od aktualnih goru\u0107ih pitanja u austrijskom dru\u0161tvu do eksperimentalnih istra\u017eivanja velikana poput Petera Tscherkasskyja. Projekcije se odvijaju u blokovima od sat vremena, uz podnaslove na engleskom jeziku.<br \/>\n<a href=\"http:\/\/www.facebook.com\/OesterreichischerFilmpreis\">www.facebook.com\/OesterreichischerFilmpreis<\/a><br \/>\n<a href=\"https:\/\/kinematografi-osijek.hr\/tjedni-pregled\/\">https:\/\/kinematografi-osijek.hr\/tjedni-pregled\/<\/a><\/p>\n<p style=\"text-align: justify;\"><strong>14. studenog \u2013 16.00 sati &#8211; Austrijska \u010ditaonica GISKO-a, Europska avenija 24<\/strong><br \/>\n<strong>Predavanje i \u010ditanje povodom 50. godi\u0161njice smrti Ingeborg Bachmann &#8220;Istinu je od \u010dovjeka mogu\u0107e o\u010dekivati&#8221;<\/strong><br \/>\n<strong>doc. dr. sc. Stephanie Jug i studentice i studenti Odsjeka za njema\u010dki jezik i knji\u017eevnost Filozofskog fakulteta u Osijeku<\/strong><br \/>\nIngeborg Bachmann jedna je od najzna\u010dajnijih autorica 20. stolje\u0107a na njema\u010dkom jeziku. Austrijanka ro\u0111ena u Klagenfurtu u svojim dramskim, proznim i lirskim tekstovima suo\u010dava \u010ditatelja s \u010desto tu\u017enom istinom jer smatra da je \u010dovjek sposoban s njom se suo\u010diti. To, \u0161tovi\u0161e, smatra zadatkom svakog pisca. \u017divotni put autorice, kao i povijest njene obitelji, ispunjeni su kobnim obratima, ali i potragom za ostvarenjem, za apstraktnim vrijednostima poput ljubavi, sre\u0107e i zadovoljstva. Njena tragi\u010dna smrt 17. listopada 1973. u Rimu to\u010dka je na &#8220;i&#8221; egzistencijalne patnje koja je upravljala njenim \u017eivotnim putovanjem. Predavanje na hrvatskom jeziku predstavit \u0107e \u017eivot i najzna\u010dajnija djela ove iznimne autorice. Poezija koju nam je ostavila poziva na odgonetavanje, preispitivanje te je i u dana\u0161njem smislu vrlo aktualna. Uz predavanje, studentice i studenti \u010ditat \u0107e izabrane pjesme u njema\u010dkom originalu i u hrvatskom prijevodu Trude Stama\u0107.<\/p>\n<p style=\"text-align: justify;\"><strong>14. studenog<\/strong> \u2013 17.00 sati \u2013 Austrijska \u010ditaonica GISKO-a, Europska avenija 24<br \/>\n<strong>Progla\u0161enje pobjednika natje\u010daja kreativnog pisanja &#8220;Ti si zadatak&#8221; <\/strong><br \/>\n<strong>Natje\u010daj povodom 140. ro\u0111endana Franza Kafke<\/strong><br \/>\nAustrijska \u010ditaonica GISKO-a raspisala je po\u010detkom listopada natje\u010daj u kreativnom pisanju povodom 140. ro\u0111endana Franza Kafke. Prijaviti se moglo proznim tekstom na hrvatskom ili njema\u010dkom jeziku.<br \/>\nFranz Kafka ro\u0111en je 3. srpnja 1883. u Pragu. Svojim je tekstovima potaknuo mnogo mladih ljudi na razmi\u0161ljanje. Osim proze, i njegovi aforizmi do danas predstavljaju zagonetku kojoj je te\u0161ko odoljeti. Aforizmom &#8220;Ti si zadatak. Nijednog u\u010denika nadaleko i na\u0161iroko&#8221; Kafka nam je ostavio izazov, koji svatko za sebe mo\u017ee prihvatiti. To je svojevrsna potraga za smislom i prije svega poziv za kreativno bavljenje sobom samim i svojom okolinom.<\/p>\n<p style=\"text-align: justify;\"><strong>16. studenog<\/strong> \u2013 19.00 \u2013 Kino Urania, Ul. Vjekoslava Hengla 1<br \/>\n<strong>Prikazivanje filma &#8220;Vera&#8221;<\/strong><br \/>\nAT, 2023., 115\u2032, jezik: talijanski s hrvatskim podnaslovima<br \/>\nRedatelji: Tizza Covi i Rainer Frimmel<br \/>\nScenarij: Tizza Covi<br \/>\nKamera: Rainer Frimmel<br \/>\nMonta\u017ea: Tizza Covi<br \/>\nGlume: Vera Gemma, Daniel de Palma, Sebastian Dascalu, Annamaria Ciancamerla, Walter Saabel<br \/>\nProdukcija: Vento Film<br \/>\nNagrade: najbolja re\u017eija u natjecaju &#8220;Orizzonti&#8221; na Venecijanskom filmskom festivalu 2022., najbolja glumica (Vera Gemma)<br \/>\nGlumica Vera Gemma \u017eivi u sjeni svoga slavnog pokojnog oca, nekada\u0161nje zvijezde italovesterna Giuliana Gemme. Umaraju je rimsko visoko dru\u0161tvo, nebrojene plasti\u010dne operacije i povr\u0161ne veze. Kada nakon automobilske nesre\u0107e postane privr\u017eena ozlije\u0111enom sinu iz jedne radni\u010dke obitelji, raspli\u0107e se fascinantna, ali i tragi\u010dna moralna parabola kojom se jo\u0161 jednom nastoji povezati bogate sa siroma\u0161nima i izgubljene s prona\u0111enima. \u010cinjenica da film ne samo dopu\u0161ta, nego i pozdravlja takva proturje\u010dja otkriva nje\u017ean humanizam ovog djela.<\/p>\n<p style=\"text-align: justify;\"><a href=\"https:\/\/www.austrianfilms.com\/film\/vera\">https:\/\/www.austrianfilms.com\/film\/vera<\/a><br \/>\n<a href=\"https:\/\/kinematografi-osijek.hr\/tjedni-pregled\/\">https:\/\/kinematografi-osijek.hr\/tjedni-pregled\/<\/a><\/p>\n<p style=\"text-align: justify;\">Vi\u0161e informacija mo\u017ee se dobiti na broj telefona:<br \/>\n\u2022 <a href=\"https:\/\/www.gskos.unios.hr\/index.php\/austrijska-citaonica\/\">Austrijska \u010ditaonica GISKO<\/a><br \/>\n\u2022 <a href=\"https:\/\/kulturforum-zagreb.org\/de\/home\/\">Austrijski kulturni forum Zagreb<\/a><\/p>\n<p style=\"text-align: justify;\"><a href=\"https:\/\/www.gskos.unios.hr\/wp-content\/uploads\/2023\/11\/Nova-stvarnost-plakat-izlozbe--e1699449758799.jpg\"><img loading=\"lazy\" class=\"alignleft size-medium wp-image-19465\" src=\"https:\/\/www.gskos.unios.hr\/wp-content\/uploads\/2023\/11\/Nova-stvarnost-plakat-izlozbe--e1699449758799-214x300.jpg\" alt=\"\" width=\"214\" height=\"300\" srcset=\"https:\/\/www.gskos.unios.hr\/wp-content\/uploads\/2023\/11\/Nova-stvarnost-plakat-izlozbe--e1699449758799-214x300.jpg 214w, https:\/\/www.gskos.unios.hr\/wp-content\/uploads\/2023\/11\/Nova-stvarnost-plakat-izlozbe--e1699449758799-696x974.jpg 696w, https:\/\/www.gskos.unios.hr\/wp-content\/uploads\/2023\/11\/Nova-stvarnost-plakat-izlozbe--e1699449758799-300x420.jpg 300w, https:\/\/www.gskos.unios.hr\/wp-content\/uploads\/2023\/11\/Nova-stvarnost-plakat-izlozbe--e1699449758799.jpg 732w\" sizes=\"(max-width: 214px) 100vw, 214px\" \/><\/a><\/p>\n","protected":false},"excerpt":{"rendered":"<p>Sadr\u017eaj: Austrijski kulturni forum Zagreb u suradnji s Austrijskom \u010ditaonicom Gradske i sveu\u010dili\u0161ne knji\u017enice Osijek, Odsjekom za njema\u010dki jezik i knji\u017eevnost Filozofskog fakulteta Osijek , Akademijom za umjetnost i kulturu u Osijeku te Kinematografima Osijek \u2013 kinom Urania, u razdoblju od ponedjeljka, 13. do petka, 17. studenoga 2023. godine organizira trinaeste za redom Dane austrijske<\/p>\n","protected":false},"author":8,"featured_media":19466,"comment_status":"closed","ping_status":"closed","sticky":false,"template":"","format":"standard","meta":{"_mi_skip_tracking":false},"categories":[1,36],"tags":[],"_links":{"self":[{"href":"https:\/\/www.gskos.unios.hr\/index.php\/wp-json\/wp\/v2\/posts\/19464"}],"collection":[{"href":"https:\/\/www.gskos.unios.hr\/index.php\/wp-json\/wp\/v2\/posts"}],"about":[{"href":"https:\/\/www.gskos.unios.hr\/index.php\/wp-json\/wp\/v2\/types\/post"}],"author":[{"embeddable":true,"href":"https:\/\/www.gskos.unios.hr\/index.php\/wp-json\/wp\/v2\/users\/8"}],"replies":[{"embeddable":true,"href":"https:\/\/www.gskos.unios.hr\/index.php\/wp-json\/wp\/v2\/comments?post=19464"}],"version-history":[{"count":4,"href":"https:\/\/www.gskos.unios.hr\/index.php\/wp-json\/wp\/v2\/posts\/19464\/revisions"}],"predecessor-version":[{"id":19499,"href":"https:\/\/www.gskos.unios.hr\/index.php\/wp-json\/wp\/v2\/posts\/19464\/revisions\/19499"}],"wp:featuredmedia":[{"embeddable":true,"href":"https:\/\/www.gskos.unios.hr\/index.php\/wp-json\/wp\/v2\/media\/19466"}],"wp:attachment":[{"href":"https:\/\/www.gskos.unios.hr\/index.php\/wp-json\/wp\/v2\/media?parent=19464"}],"wp:term":[{"taxonomy":"category","embeddable":true,"href":"https:\/\/www.gskos.unios.hr\/index.php\/wp-json\/wp\/v2\/categories?post=19464"},{"taxonomy":"post_tag","embeddable":true,"href":"https:\/\/www.gskos.unios.hr\/index.php\/wp-json\/wp\/v2\/tags?post=19464"}],"curies":[{"name":"wp","href":"https:\/\/api.w.org\/{rel}","templated":true}]}}