{"id":19543,"date":"2023-11-23T11:53:45","date_gmt":"2023-11-23T10:53:45","guid":{"rendered":"https:\/\/www.gskos.unios.hr\/?p=19543"},"modified":"2023-11-27T10:45:24","modified_gmt":"2023-11-27T09:45:24","slug":"izlozba-100-godina-hrvatske-knjizevnosti-u-fondovima-nacionalne-biblioteke-crne-gore-i-okrugli-stol-podsjecanje-na-lik-i-knjizevno-djelo-akademika-milorada-nikcevica","status":"publish","type":"post","link":"https:\/\/www.gskos.unios.hr\/index.php\/izlozba-100-godina-hrvatske-knjizevnosti-u-fondovima-nacionalne-biblioteke-crne-gore-i-okrugli-stol-podsjecanje-na-lik-i-knjizevno-djelo-akademika-milorada-nikcevica\/","title":{"rendered":"OTKAZANO! Izlo\u017eba &#8220;100 godina hrvatske knji\u017eevnosti u fondovima Nacionalne biblioteke Crne Gore&#8221; i  Okrugli stol &#8220;Podsje\u0107anje na lik i knji\u017eevno djelo akademika Milorada Nik\u010devi\u0107a&#8221;"},"content":{"rendered":"<p>&nbsp;<\/p>\n<p>&nbsp;<\/p>\n<p style=\"text-align: center;\"><a href=\"https:\/\/www.gskos.unios.hr\/wp-content\/uploads\/2020\/11\/OTKAZANO-3-1.jpg\"><img loading=\"lazy\" class=\"alignnone wp-image-13054\" src=\"https:\/\/www.gskos.unios.hr\/wp-content\/uploads\/2020\/11\/OTKAZANO-3-1-300x112.jpg\" alt=\"\" width=\"611\" height=\"228\" srcset=\"https:\/\/www.gskos.unios.hr\/wp-content\/uploads\/2020\/11\/OTKAZANO-3-1-300x112.jpg 300w, https:\/\/www.gskos.unios.hr\/wp-content\/uploads\/2020\/11\/OTKAZANO-3-1-768x287.jpg 768w, https:\/\/www.gskos.unios.hr\/wp-content\/uploads\/2020\/11\/OTKAZANO-3-1-696x260.jpg 696w, https:\/\/www.gskos.unios.hr\/wp-content\/uploads\/2020\/11\/OTKAZANO-3-1.jpg 778w\" sizes=\"(max-width: 611px) 100vw, 611px\" \/><\/a><\/p>\n<p style=\"text-align: justify;\">\n<p style=\"text-align: justify;\">U organizaciji Crnogorskog kulturnog dru\u0161tva Montenegro Montenegrina Osijek, Gradske i sveu\u010dili\u0161ne knji\u017enice Osijek i Nacionalne biblioteke Crne Gore &#8220;\u0110ur\u0111e Crnojevi\u0107&#8221; Cetinje, u <strong>utorak, 28. studenog 2023.<\/strong>, s po\u010detkom<strong> u 18.00 sati<\/strong>, u izlo\u017ebenim aulama Gradske i sveu\u010dili\u0161ne knji\u017enice Osijek, bit \u0107e uprili\u010deno otvorenje izlo\u017ebe knji\u017eevnih naslova i tekstova hrvatskih knji\u017eevnika iz fondova Nacionalne biblioteke Crne Gore pod nazivom <strong>&#8220;<\/strong><strong>100 godina hrvatske knji\u017eevnosti u fondovima Nacionalne biblioteke Crne Gore<\/strong><strong>&#8220;<\/strong>. Po otvorenju izlo\u017ebe, u prostoru <strong>Austrijske \u010ditaonice<\/strong>, s po\u010detkom u <strong>18.30 sati<\/strong>, odr\u017eat \u0107e se <strong>okrugli<\/strong> <strong>stol<\/strong> pod nazivom <strong>&#8220;<\/strong><strong>Podsje\u0107anje na lik i djelo akademika Milorada Nik\u010devi\u0107a<\/strong><strong>&#8220;<\/strong>.<\/p>\n<p style=\"text-align: justify;\">U realizaciji ovih dviju kulturnih manifestacija sudjelovat \u0107e: doma\u0107ini manifestacije Gradske i sveu\u010dili\u0161ne knji\u017enice Osijek, ravnateljica Nacionalne biblioteke &#8220;\u0110ur\u0111e Crnojevi\u0107&#8221;, mr. sc. Dragica Lompar sa suradnicima, dopredsjednica Ogranka Osijek Matice hrvatske, izv. prof. dr. sc. Tatjana Ile\u0161 i predsjednik Saveza Crnogoraca Hrvatske Ljubo Radovi\u0107. Savez Crnogoraca Hrvatske i njegove \u010dlanice vi\u0161e desetlje\u0107a uspje\u0161no organiziraju me\u0111unarodne kulturne manifestacije dvaju susjednih i prijateljskih naroda Hrvatske i Crne Gore, dviju njihovih domovina. Izlo\u017ebu sufinancira Grad Osijek, a Okrugli stol Uprava za suradnju s dijasporom Crne Gore.<\/p>\n<p style=\"text-align: justify;\">Dodatne informacije mogu se dobiti na broj telefona:<\/p>\n<p style=\"text-align: justify;\"><a href=\"https:\/\/www.gskos.unios.hr\/index.php\/odsjek_za_odrasle\/\">Posudbeni odjel za odrasle GISKO<\/a> 031\/211-233<\/p>\n<p><a href=\"https:\/\/www.gskos.unios.hr\/wp-content\/uploads\/2023\/11\/100-godina-pozivnica-e1700736748975.png\"><img loading=\"lazy\" class=\" wp-image-19546 aligncenter\" src=\"https:\/\/www.gskos.unios.hr\/wp-content\/uploads\/2023\/11\/100-godina-pozivnica-e1700736748975-300x150.png\" alt=\"\" width=\"354\" height=\"177\" srcset=\"https:\/\/www.gskos.unios.hr\/wp-content\/uploads\/2023\/11\/100-godina-pozivnica-e1700736748975-300x150.png 300w, https:\/\/www.gskos.unios.hr\/wp-content\/uploads\/2023\/11\/100-godina-pozivnica-e1700736748975-768x384.png 768w, https:\/\/www.gskos.unios.hr\/wp-content\/uploads\/2023\/11\/100-godina-pozivnica-e1700736748975-696x348.png 696w, https:\/\/www.gskos.unios.hr\/wp-content\/uploads\/2023\/11\/100-godina-pozivnica-e1700736748975-840x420.png 840w, https:\/\/www.gskos.unios.hr\/wp-content\/uploads\/2023\/11\/100-godina-pozivnica-e1700736748975.png 1024w\" sizes=\"(max-width: 354px) 100vw, 354px\" \/><\/a><\/p>\n","protected":false},"excerpt":{"rendered":"<p>&nbsp; &nbsp; U organizaciji Crnogorskog kulturnog dru\u0161tva Montenegro Montenegrina Osijek, Gradske i sveu\u010dili\u0161ne knji\u017enice Osijek i Nacionalne biblioteke Crne Gore &#8220;\u0110ur\u0111e Crnojevi\u0107&#8221; Cetinje, u utorak, 28. studenog 2023., s po\u010detkom u 18.00 sati, u izlo\u017ebenim aulama Gradske i sveu\u010dili\u0161ne knji\u017enice Osijek, bit \u0107e uprili\u010deno otvorenje izlo\u017ebe knji\u017eevnih naslova i tekstova hrvatskih knji\u017eevnika iz fondova Nacionalne<\/p>\n","protected":false},"author":8,"featured_media":19544,"comment_status":"closed","ping_status":"closed","sticky":false,"template":"","format":"standard","meta":{"_mi_skip_tracking":false},"categories":[1,36,39],"tags":[],"_links":{"self":[{"href":"https:\/\/www.gskos.unios.hr\/index.php\/wp-json\/wp\/v2\/posts\/19543"}],"collection":[{"href":"https:\/\/www.gskos.unios.hr\/index.php\/wp-json\/wp\/v2\/posts"}],"about":[{"href":"https:\/\/www.gskos.unios.hr\/index.php\/wp-json\/wp\/v2\/types\/post"}],"author":[{"embeddable":true,"href":"https:\/\/www.gskos.unios.hr\/index.php\/wp-json\/wp\/v2\/users\/8"}],"replies":[{"embeddable":true,"href":"https:\/\/www.gskos.unios.hr\/index.php\/wp-json\/wp\/v2\/comments?post=19543"}],"version-history":[{"count":5,"href":"https:\/\/www.gskos.unios.hr\/index.php\/wp-json\/wp\/v2\/posts\/19543\/revisions"}],"predecessor-version":[{"id":19559,"href":"https:\/\/www.gskos.unios.hr\/index.php\/wp-json\/wp\/v2\/posts\/19543\/revisions\/19559"}],"wp:featuredmedia":[{"embeddable":true,"href":"https:\/\/www.gskos.unios.hr\/index.php\/wp-json\/wp\/v2\/media\/19544"}],"wp:attachment":[{"href":"https:\/\/www.gskos.unios.hr\/index.php\/wp-json\/wp\/v2\/media?parent=19543"}],"wp:term":[{"taxonomy":"category","embeddable":true,"href":"https:\/\/www.gskos.unios.hr\/index.php\/wp-json\/wp\/v2\/categories?post=19543"},{"taxonomy":"post_tag","embeddable":true,"href":"https:\/\/www.gskos.unios.hr\/index.php\/wp-json\/wp\/v2\/tags?post=19543"}],"curies":[{"name":"wp","href":"https:\/\/api.w.org\/{rel}","templated":true}]}}