{"id":19761,"date":"2023-12-12T08:00:12","date_gmt":"2023-12-12T07:00:12","guid":{"rendered":"https:\/\/www.gskos.unios.hr\/?p=19761"},"modified":"2024-01-12T11:47:59","modified_gmt":"2024-01-12T10:47:59","slug":"predstavljanje-slikovnice-nem-felek","status":"publish","type":"post","link":"https:\/\/www.gskos.unios.hr\/index.php\/predstavljanje-slikovnice-nem-felek\/","title":{"rendered":"Predstavljanje slikovnice &#8220;Nem F\u00e9lek&#8221;"},"content":{"rendered":"<p style=\"text-align: justify;\">U organizaciji Gradske i sveu\u010dili\u0161ne knji\u017enice Osijek, u<strong> \u010detvrtak, 14. prosinca 2023.<\/strong>, s po\u010detkom u<strong> 9.00 sati, <\/strong>u prostoru Prosvjetno-kulturnom centar Ma\u0111ara u Republici Hrvatskoj bit \u0107e uprili\u010deno <strong>predstavljanje slikovnice<\/strong> pod nazivom <strong>&#8220;Nem F\u00e9lek&#8221;<\/strong>\u00a0(u originalu &#8220;Nije me strah&#8221;) spisateljice <strong>Dubravke Pa\u0111en Farka\u0161<\/strong> i ilustratora <strong>Dra\u017eena Jerabeka<\/strong>. Slikovnica je iza\u0161la u novom izdanju na <strong>ma\u0111arskom jeziku<\/strong>, u prijevodu <strong>izv. prof. dr. sc. Ane Lehocki-Samard\u017ei\u0107.<\/strong><\/p>\n<p style=\"text-align: justify;\">Slikovnica govori o dje\u010daku Tinu koji se bojao ba\u0161 svega. Dje\u010daka su prijatelji zvali &#8220;Tin pla\u0161ljivi mamin sin&#8221;, sve dok jednoga dana nije odlu\u010dio da \u0107e postati hrabar i potpuno s\u00e2m oti\u0107i kroz veliki park do trgovine. Na putu se hrabro borio sa stra\u0161nim buljookim puzavcima, crnim paucima, zmajevima i hodaju\u0107im grmovima. Susreo se sa stra\u0161nim zmajem i najve\u0107im od svih u\u017easa \u2013 zubatim djecozgrabom! Hodaju\u0107i tako parkom do trgovine, Tin je otkrio da su se sve ove stra\u0161ne stvari skrivale samo u njegovoj glavi.<\/p>\n<p>Dodatne informacije mogu se dobiti na:<\/p>\n<ul>\n<li><a href=\"https:\/\/www.gskos.unios.hr\/index.php\/odjel-za-rad-s-djecom-i-mladima\/\">Odjel za rad s djecom i mladima <\/a>GISKO 031\/211-472<\/li>\n<\/ul>\n<p><img loading=\"lazy\" class=\"aligncenter wp-image-19762 \" src=\"https:\/\/www.gskos.unios.hr\/wp-content\/uploads\/2024\/01\/410343156_752173850277035_3027728363831227014_n-768x1024.jpg\" alt=\"\" width=\"503\" height=\"671\" srcset=\"https:\/\/www.gskos.unios.hr\/wp-content\/uploads\/2024\/01\/410343156_752173850277035_3027728363831227014_n-768x1024.jpg 768w, https:\/\/www.gskos.unios.hr\/wp-content\/uploads\/2024\/01\/410343156_752173850277035_3027728363831227014_n-225x300.jpg 225w, https:\/\/www.gskos.unios.hr\/wp-content\/uploads\/2024\/01\/410343156_752173850277035_3027728363831227014_n-1152x1536.jpg 1152w, https:\/\/www.gskos.unios.hr\/wp-content\/uploads\/2024\/01\/410343156_752173850277035_3027728363831227014_n-696x928.jpg 696w, https:\/\/www.gskos.unios.hr\/wp-content\/uploads\/2024\/01\/410343156_752173850277035_3027728363831227014_n-1068x1424.jpg 1068w, https:\/\/www.gskos.unios.hr\/wp-content\/uploads\/2024\/01\/410343156_752173850277035_3027728363831227014_n-315x420.jpg 315w, https:\/\/www.gskos.unios.hr\/wp-content\/uploads\/2024\/01\/410343156_752173850277035_3027728363831227014_n.jpg 1536w\" sizes=\"(max-width: 503px) 100vw, 503px\" \/><\/p>\n","protected":false},"excerpt":{"rendered":"<p>U organizaciji Gradske i sveu\u010dili\u0161ne knji\u017enice Osijek, u \u010detvrtak, 14. prosinca 2023., s po\u010detkom u 9.00 sati, u prostoru Prosvjetno-kulturnom centar Ma\u0111ara u Republici Hrvatskoj bit \u0107e uprili\u010deno predstavljanje slikovnice pod nazivom &#8220;Nem F\u00e9lek&#8221;\u00a0(u originalu &#8220;Nije me strah&#8221;) spisateljice Dubravke Pa\u0111en Farka\u0161 i ilustratora Dra\u017eena Jerabeka. Slikovnica je iza\u0161la u novom izdanju na ma\u0111arskom jeziku,<\/p>\n","protected":false},"author":12,"featured_media":19766,"comment_status":"closed","ping_status":"closed","sticky":false,"template":"","format":"standard","meta":{"_mi_skip_tracking":false},"categories":[1,32,40],"tags":[],"_links":{"self":[{"href":"https:\/\/www.gskos.unios.hr\/index.php\/wp-json\/wp\/v2\/posts\/19761"}],"collection":[{"href":"https:\/\/www.gskos.unios.hr\/index.php\/wp-json\/wp\/v2\/posts"}],"about":[{"href":"https:\/\/www.gskos.unios.hr\/index.php\/wp-json\/wp\/v2\/types\/post"}],"author":[{"embeddable":true,"href":"https:\/\/www.gskos.unios.hr\/index.php\/wp-json\/wp\/v2\/users\/12"}],"replies":[{"embeddable":true,"href":"https:\/\/www.gskos.unios.hr\/index.php\/wp-json\/wp\/v2\/comments?post=19761"}],"version-history":[{"count":3,"href":"https:\/\/www.gskos.unios.hr\/index.php\/wp-json\/wp\/v2\/posts\/19761\/revisions"}],"predecessor-version":[{"id":19771,"href":"https:\/\/www.gskos.unios.hr\/index.php\/wp-json\/wp\/v2\/posts\/19761\/revisions\/19771"}],"wp:featuredmedia":[{"embeddable":true,"href":"https:\/\/www.gskos.unios.hr\/index.php\/wp-json\/wp\/v2\/media\/19766"}],"wp:attachment":[{"href":"https:\/\/www.gskos.unios.hr\/index.php\/wp-json\/wp\/v2\/media?parent=19761"}],"wp:term":[{"taxonomy":"category","embeddable":true,"href":"https:\/\/www.gskos.unios.hr\/index.php\/wp-json\/wp\/v2\/categories?post=19761"},{"taxonomy":"post_tag","embeddable":true,"href":"https:\/\/www.gskos.unios.hr\/index.php\/wp-json\/wp\/v2\/tags?post=19761"}],"curies":[{"name":"wp","href":"https:\/\/api.w.org\/{rel}","templated":true}]}}