{"id":19885,"date":"2024-02-15T14:26:15","date_gmt":"2024-02-15T13:26:15","guid":{"rendered":"https:\/\/www.gskos.unios.hr\/?p=19885"},"modified":"2024-02-15T14:26:15","modified_gmt":"2024-02-15T13:26:15","slug":"festival-jezika-2024","status":"publish","type":"post","link":"https:\/\/www.gskos.unios.hr\/index.php\/festival-jezika-2024\/","title":{"rendered":"Festival jezika 2024."},"content":{"rendered":"<p style=\"text-align: justify;\">Odjel za rad s djecom i mladima i Austrijska \u010ditaonica Gradske i sveu\u010dili\u0161ne knji\u017enice Osijek <strong>od 2012<\/strong>. <strong>godine<\/strong> obilje\u017eavaju Me\u0111unarodni dan materinskoga jezika. Program pod nazivom <strong>&#8220;Festival jezika&#8221;<\/strong> odvijat \u0107e se u razdoblju od<strong> 21. <\/strong>do<strong> 23. velja\u010de 2024. godine <\/strong>s ciljem razvijanja ljubavi prema pisanoj rije\u010di te produbljivanja svijesti o potrebi o\u010duvanja materinskog jezika.<\/p>\n<p style=\"text-align: justify;\">Budu\u0107i da<strong> 21. velja\u010de 2024. <\/strong>zapo\u010dinje <strong>&#8220;Mjesec hrvatskoga jezika&#8221;<\/strong>, ove godine nagla\u0161avamo zna\u010daj mjesnog govora te na\u0161e sugra\u0111ane podsje\u0107amo na prepoznatljiv <em>sleng<\/em> Osje\u010dana plakatom pod nazivom <strong>&#8220;Gibajmo do Knji\u017ebe&#8221;.<\/strong> Poslu\u0161at \u0107emo osje\u010dki sleng i be\u0107arac, igrati se, \u010ditati, pjevati na hrvatskom, njema\u010dkom, ma\u0111arskom i ukrajinskom jeziku.<\/p>\n<p style=\"text-align: justify;\">Odluku o progla\u0161enju Me\u0111unarodnog dana materinskoga jezika, 1999. godine donijela je <strong>Organizacija za obrazovanje, znanost i kulturu pri Ujedinjenim narodima (UNESCO)<\/strong> s ciljem promicanja jezi\u010dne raznolikosti i vi\u0161ejezi\u010dnoga obrazovanja. UNESCO \u017eeli podsjetiti da jezici nisu samo vitalan dio civilizacijskoga kulturnog naslije\u0111a, ve\u0107 i nezamjenjivi izraz ljudske kreativnosti i razli\u010ditosti. Ovakvim se doga\u0111anjima pridonosi kulturnoj razmjeni, \u010duvanju tradicionalnih vrijednosti, \u0161irenju multikulturalnosti te se materinski jezik predstavlja pri\u010dom, pjesmom, plesom i obi\u010dajima.<\/p>\n<p style=\"text-align: justify;\">Dio programa odr\u017eat \u0107e se u prostoru igraonice Odjela za rad s djecom i mladima, a dio \u0107e biti predstavljen\u00a0na <a href=\"https:\/\/www.youtube.com\/@gradskaisveucilisnaknjizni7145\">YouTube kanalu Gradske i sveu\u010dili\u0161ne knji\u017enice Osijek.<\/a><\/p>\n<p style=\"text-align: justify;\">\n<p style=\"text-align: justify;\">Dodatne informacije mogu se dobiti na broj telefona:<\/p>\n<ul>\n<li style=\"text-align: justify;\"><a href=\"https:\/\/www.gskos.unios.hr\/index.php\/odjel-za-rad-s-djecom-i-mladima\/\">Odjel za rad s djecom i mladima GISKO<\/a> 031\/211-472<\/li>\n<\/ul>\n<p><a href=\"https:\/\/www.gskos.unios.hr\/wp-content\/uploads\/2024\/02\/Slika_prepravak-bez-tranda.png\"><img loading=\"lazy\" class=\"alignleft size-medium wp-image-19886\" src=\"https:\/\/www.gskos.unios.hr\/wp-content\/uploads\/2024\/02\/Slika_prepravak-bez-tranda-300x166.png\" alt=\"\" width=\"300\" height=\"166\" srcset=\"https:\/\/www.gskos.unios.hr\/wp-content\/uploads\/2024\/02\/Slika_prepravak-bez-tranda-300x166.png 300w, https:\/\/www.gskos.unios.hr\/wp-content\/uploads\/2024\/02\/Slika_prepravak-bez-tranda-1024x565.png 1024w, https:\/\/www.gskos.unios.hr\/wp-content\/uploads\/2024\/02\/Slika_prepravak-bez-tranda-768x424.png 768w, https:\/\/www.gskos.unios.hr\/wp-content\/uploads\/2024\/02\/Slika_prepravak-bez-tranda-696x385.png 696w, https:\/\/www.gskos.unios.hr\/wp-content\/uploads\/2024\/02\/Slika_prepravak-bez-tranda-1068x589.png 1068w, https:\/\/www.gskos.unios.hr\/wp-content\/uploads\/2024\/02\/Slika_prepravak-bez-tranda-761x420.png 761w, https:\/\/www.gskos.unios.hr\/wp-content\/uploads\/2024\/02\/Slika_prepravak-bez-tranda.png 1450w\" sizes=\"(max-width: 300px) 100vw, 300px\" \/><\/a><\/p>\n","protected":false},"excerpt":{"rendered":"<p>Odjel za rad s djecom i mladima i Austrijska \u010ditaonica Gradske i sveu\u010dili\u0161ne knji\u017enice Osijek od 2012. godine obilje\u017eavaju Me\u0111unarodni dan materinskoga jezika. Program pod nazivom &#8220;Festival jezika&#8221; odvijat \u0107e se u razdoblju od 21. do 23. velja\u010de 2024. godine s ciljem razvijanja ljubavi prema pisanoj rije\u010di te produbljivanja svijesti o potrebi o\u010duvanja materinskog jezika.<\/p>\n","protected":false},"author":8,"featured_media":19887,"comment_status":"closed","ping_status":"closed","sticky":false,"template":"","format":"standard","meta":{"_mi_skip_tracking":false},"categories":[1,36,57,32],"tags":[],"_links":{"self":[{"href":"https:\/\/www.gskos.unios.hr\/index.php\/wp-json\/wp\/v2\/posts\/19885"}],"collection":[{"href":"https:\/\/www.gskos.unios.hr\/index.php\/wp-json\/wp\/v2\/posts"}],"about":[{"href":"https:\/\/www.gskos.unios.hr\/index.php\/wp-json\/wp\/v2\/types\/post"}],"author":[{"embeddable":true,"href":"https:\/\/www.gskos.unios.hr\/index.php\/wp-json\/wp\/v2\/users\/8"}],"replies":[{"embeddable":true,"href":"https:\/\/www.gskos.unios.hr\/index.php\/wp-json\/wp\/v2\/comments?post=19885"}],"version-history":[{"count":1,"href":"https:\/\/www.gskos.unios.hr\/index.php\/wp-json\/wp\/v2\/posts\/19885\/revisions"}],"predecessor-version":[{"id":19888,"href":"https:\/\/www.gskos.unios.hr\/index.php\/wp-json\/wp\/v2\/posts\/19885\/revisions\/19888"}],"wp:featuredmedia":[{"embeddable":true,"href":"https:\/\/www.gskos.unios.hr\/index.php\/wp-json\/wp\/v2\/media\/19887"}],"wp:attachment":[{"href":"https:\/\/www.gskos.unios.hr\/index.php\/wp-json\/wp\/v2\/media?parent=19885"}],"wp:term":[{"taxonomy":"category","embeddable":true,"href":"https:\/\/www.gskos.unios.hr\/index.php\/wp-json\/wp\/v2\/categories?post=19885"},{"taxonomy":"post_tag","embeddable":true,"href":"https:\/\/www.gskos.unios.hr\/index.php\/wp-json\/wp\/v2\/tags?post=19885"}],"curies":[{"name":"wp","href":"https:\/\/api.w.org\/{rel}","templated":true}]}}