{"id":19892,"date":"2024-02-19T14:16:25","date_gmt":"2024-02-19T13:16:25","guid":{"rendered":"https:\/\/www.gskos.unios.hr\/?p=19892"},"modified":"2024-02-19T14:17:08","modified_gmt":"2024-02-19T13:17:08","slug":"19892","status":"publish","type":"post","link":"https:\/\/www.gskos.unios.hr\/index.php\/19892\/","title":{"rendered":"Izlo\u017eba fotografija &#8220;Iza kulisa sjene: portreti besku\u0107ni\u010dkog \u017eivota&#8221;"},"content":{"rendered":"<p style=\"text-align: justify;\">U razdoblju od <strong>ponedjeljka, 19. velja\u010de<\/strong> do <strong>\u010detvrtka, 29. velja\u010de 2024.<\/strong>, Gradska i sveu\u010dili\u0161na knji\u017enica Osijek ugostit \u0107e <strong>izlo\u017ebu fotografija<\/strong> pod nazivom <strong>&#8220;Iza Kulisa Sjene: portreti besku\u0107ni\u010dkog \u017eivota&#8221;<\/strong>. Izlo\u017eba \u0107e u <strong>izlo\u017ebenoj auli na katu<\/strong> pru\u017eiti intiman uvid u \u017eivot besku\u0107nika u Zagrebu, Puli i Pore\u010du.<\/p>\n<p style=\"text-align: justify;\">Ova izlo\u017eba dio je projekta &#8220;<a href=\"https:\/\/www.udruga-institut.hr\/u-suradnji-s-udrugom-pet-plus-1-rujna-2023-zapoceli-smo-novi-projekt-svjetionik-solidarnosti\/\">Svjetionik Solidarnosti<\/a>&#8221; koji se bori protiv nedostatka cjelovite podr\u0161ke besku\u0107nicima i istovremeno podi\u017ee svijest o njihovim izazovima. Svaka slika pri\u010da pri\u010du, otkrivaju\u0107i ne samo te\u0161ko\u0107e s kojima se suo\u010davaju besku\u0107nici, ve\u0107 i njihovu izdr\u017eljivost i snala\u017eljivost unato\u010d nepovoljnim okolnostima. Kroz objektiv fotografa, svjedo\u010dit \u0107ete o \u017eivotu na ulici, ali i snazi zajedni\u0161tva koje se ra\u0111a me\u0111u ljudima koji dijele iste izazove.<\/p>\n<p style=\"text-align: justify;\">Ova izlo\u017eba ima dublji cilj potaknuti promjenu perspektive. Pozivamo vas da <strong>navedenom razdoblju <\/strong>posjetite Knji\u017enicu i zastanete pred svakom fotografijom, duboko promislite o stvarnosti koju prikazuje i otvorite svoje srce i um kako biste bolje razumjeli stvarnost besku\u0107nika. Kroz ovu izlo\u017ebu \u017eelimo potaknuti dijalog i zajedni\u010dku odgovornost za stvaranje inkluzivnijeg dru\u0161tva.<\/p>\n<p style=\"text-align: justify;\">Va\u0161a prisutnost na ovoj izlo\u017ebi nije samo promatranje slika, ve\u0107 i podr\u0161ka cilju Udruge Institut Pula i Udruge PET PLUS \u00a0\u2013 borbi za pravednije uvjete \u017eivota za besku\u0107nike. Svaki korak prema svjetlijem sutra\u0161njem dru\u0161tvu po\u010dinje razumijevanjem, empatijom i zajedni\u010dkim naporima.<\/p>\n<p>Dodatne informacije o izlo\u017ebi mogu se dobiti na broj telefona:<\/p>\n<ul>\n<li><a href=\"https:\/\/www.gskos.unios.hr\/index.php\/odsjek_za_odrasle\/\">Posudbeni odjel za odrasle GISKO<\/a> 031\/211-233<\/li>\n<li><a href=\"https:\/\/petplus.hr\/kontakti\/\">Udruge PET PLUS<\/a><\/li>\n<\/ul>\n<p><a href=\"https:\/\/www.gskos.unios.hr\/wp-content\/uploads\/2024\/02\/1-1.png\"><img loading=\"lazy\" class=\"aligncenter size-full wp-image-19894\" src=\"https:\/\/www.gskos.unios.hr\/wp-content\/uploads\/2024\/02\/1-1.png\" alt=\"\" width=\"459\" height=\"108\" srcset=\"https:\/\/www.gskos.unios.hr\/wp-content\/uploads\/2024\/02\/1-1.png 459w, https:\/\/www.gskos.unios.hr\/wp-content\/uploads\/2024\/02\/1-1-300x71.png 300w\" sizes=\"(max-width: 459px) 100vw, 459px\" \/><\/a><a href=\"https:\/\/www.gskos.unios.hr\/wp-content\/uploads\/2024\/02\/2-1.png\"><img loading=\"lazy\" class=\"aligncenter size-full wp-image-19895\" src=\"https:\/\/www.gskos.unios.hr\/wp-content\/uploads\/2024\/02\/2-1.png\" alt=\"\" width=\"321\" height=\"84\" srcset=\"https:\/\/www.gskos.unios.hr\/wp-content\/uploads\/2024\/02\/2-1.png 321w, https:\/\/www.gskos.unios.hr\/wp-content\/uploads\/2024\/02\/2-1-300x79.png 300w\" sizes=\"(max-width: 321px) 100vw, 321px\" \/><\/a><\/p>\n<p style=\"text-align: center;\">Financirano sredstvima Europske unije. Izneseni stavovi i mi\u0161ljenja jesu stavovi i mi\u0161ljenja autora i ne moraju se podudarati sa stavovima i mi\u0161ljenjima Europske unije ili Europske izvr\u0161ne agencije za obrazovanje i kulturu (EACEA). Ni Europska unija ni EACEA ne mogu se smatrati odgovornima za njega.<\/p>\n<p style=\"text-align: center;\"><a href=\"https:\/\/www.gskos.unios.hr\/wp-content\/uploads\/2024\/02\/3-1.png\"><img loading=\"lazy\" class=\"aligncenter size-full wp-image-19896\" src=\"https:\/\/www.gskos.unios.hr\/wp-content\/uploads\/2024\/02\/3-1.png\" alt=\"\" width=\"261\" height=\"185\" srcset=\"https:\/\/www.gskos.unios.hr\/wp-content\/uploads\/2024\/02\/3-1.png 261w, https:\/\/www.gskos.unios.hr\/wp-content\/uploads\/2024\/02\/3-1-100x70.png 100w\" sizes=\"(max-width: 261px) 100vw, 261px\" \/><\/a><br \/>\nStajali\u0161ta izra\u017eena u ovoj izlo\u017ebi isklju\u010diva su odgovornost udruge Institut Pula i ne odra\u017eavaju nu\u017eno stajali\u0161te Ureda za udruge Vlade Republike Hrvatske.<\/p>\n<p style=\"text-align: center;\">Projekt udruge Institut Pula naziva &#8220;Svjetionik solidarnosti&#8221; financiran je sredstvima Europske unije u okviru Programa Impact4Values. Projekt sufinancira Ured za udruge Vlade Republike Hrvatske.<\/p>\n","protected":false},"excerpt":{"rendered":"<p>U razdoblju od ponedjeljka, 19. velja\u010de do \u010detvrtka, 29. velja\u010de 2024., Gradska i sveu\u010dili\u0161na knji\u017enica Osijek ugostit \u0107e izlo\u017ebu fotografija pod nazivom &#8220;Iza Kulisa Sjene: portreti besku\u0107ni\u010dkog \u017eivota&#8221;. Izlo\u017eba \u0107e u izlo\u017ebenoj auli na katu pru\u017eiti intiman uvid u \u017eivot besku\u0107nika u Zagrebu, Puli i Pore\u010du. Ova izlo\u017eba dio je projekta &#8220;Svjetionik Solidarnosti&#8221; koji se<\/p>\n","protected":false},"author":16,"featured_media":19900,"comment_status":"closed","ping_status":"closed","sticky":false,"template":"","format":"standard","meta":{"_mi_skip_tracking":false},"categories":[1,39,47,31,33],"tags":[],"_links":{"self":[{"href":"https:\/\/www.gskos.unios.hr\/index.php\/wp-json\/wp\/v2\/posts\/19892"}],"collection":[{"href":"https:\/\/www.gskos.unios.hr\/index.php\/wp-json\/wp\/v2\/posts"}],"about":[{"href":"https:\/\/www.gskos.unios.hr\/index.php\/wp-json\/wp\/v2\/types\/post"}],"author":[{"embeddable":true,"href":"https:\/\/www.gskos.unios.hr\/index.php\/wp-json\/wp\/v2\/users\/16"}],"replies":[{"embeddable":true,"href":"https:\/\/www.gskos.unios.hr\/index.php\/wp-json\/wp\/v2\/comments?post=19892"}],"version-history":[{"count":5,"href":"https:\/\/www.gskos.unios.hr\/index.php\/wp-json\/wp\/v2\/posts\/19892\/revisions"}],"predecessor-version":[{"id":19901,"href":"https:\/\/www.gskos.unios.hr\/index.php\/wp-json\/wp\/v2\/posts\/19892\/revisions\/19901"}],"wp:featuredmedia":[{"embeddable":true,"href":"https:\/\/www.gskos.unios.hr\/index.php\/wp-json\/wp\/v2\/media\/19900"}],"wp:attachment":[{"href":"https:\/\/www.gskos.unios.hr\/index.php\/wp-json\/wp\/v2\/media?parent=19892"}],"wp:term":[{"taxonomy":"category","embeddable":true,"href":"https:\/\/www.gskos.unios.hr\/index.php\/wp-json\/wp\/v2\/categories?post=19892"},{"taxonomy":"post_tag","embeddable":true,"href":"https:\/\/www.gskos.unios.hr\/index.php\/wp-json\/wp\/v2\/tags?post=19892"}],"curies":[{"name":"wp","href":"https:\/\/api.w.org\/{rel}","templated":true}]}}