{"id":19969,"date":"2024-03-01T10:34:18","date_gmt":"2024-03-01T09:34:18","guid":{"rendered":"https:\/\/www.gskos.unios.hr\/?p=19969"},"modified":"2024-03-05T13:03:00","modified_gmt":"2024-03-05T12:03:00","slug":"predstavljanje-knjige-krivnje-i-oprosti","status":"publish","type":"post","link":"https:\/\/www.gskos.unios.hr\/index.php\/predstavljanje-knjige-krivnje-i-oprosti\/","title":{"rendered":"Predstavljanje knjige &#8220;Krivnje i oprosti&#8221;"},"content":{"rendered":"<p style=\"text-align: justify;\">Gradska i sveu\u010dili\u0161na knji\u017enica Osijek organizira <strong>predstavljanje knjige <\/strong>pod nazivom <strong>&#8220;Krivnje i oprosti&#8221; autorice Katarine Pahljina<\/strong>. Predstavljanje \u0107e se odr\u017eati u <strong>\u010detvrtak, 7. o\u017eujka<\/strong> <strong>2024. <\/strong>s po\u010detkom u<strong> 18.00 sati<\/strong> u prostoru <strong>Studijske \u010ditaonice<\/strong> Gradske i sveu\u010dili\u0161ne knji\u017enice Osijek. Uz autoricu, o knjizi \u0107e govoriti i <strong>Jasminka Vrban<\/strong>, a glazbeni nastup uprili\u010dit \u0107e polaznica Glazbene \u0161kole Franje Kuha\u010da Osijek, smjer violina, <strong>Sara Ga\u0161parovi\u0107<\/strong> izvedbom <em>Menuetta<\/em> Dore Peja\u010devi\u0107.<\/p>\n<p style=\"text-align: justify;\">Roman <em>Krivnje i oprosti<\/em> sociolo\u0161ko-obiteljski je roman koji se sastoji od 20 poglavlja i epiloga. Predstavlja autobiografsku pri\u010du o ne\u017eeljenoj djevoj\u010dici Mariji i nedostatku maj\u010dine ljubavi tijekom njezina odrastanja u patrijarhalnoj obitelji slavonskog sela druge polovine 20. stolje\u0107a. Radnja ovoga romana doga\u0111a se u Vo\u0107inu, Slatini i Virovitici, a kroz tri paralelne pri\u010de mo\u017ee se i\u0161\u010ditati kako su ljudi nekad \u017eivjeli i kako su djeca odgajana u ruralnim sredinama. Jedna je pri\u010da o djetinjstvu djevoj\u010dice Marije, druga o teti Rezi, a prikazuje kako se nekad emigriralo u Ameriku i kako su se ljudi tamo snalazili. Tre\u0107a je o izmi\u0161ljenom Mati koji predstavlja ljude koji su pre\u017eivjeli Kri\u017eni put i doga\u0111anja tih godina\u2026<\/p>\n<p style=\"text-align: justify;\">Katarina Pahljina ro\u0111ena je u slavonskom selu Vo\u0107inu 1959. godine. \u017divi u Zapre\u0161i\u0107u. Pi\u0161e poeziju i prozu. Pjesmama i kratkim pri\u010dama zastupljena je u raznovrsnim me\u0111unarodnim zbornicima. Svoju prvu zbirku pjesama izdala je pod nazivom <em>Sanje<\/em> 2018. godine. Zbirku erotskih pjesama pod nazivom <em>Vatrena \u017eena<\/em> 2020., a kratke pri\u010de i pjesme pod nazivom <em>Djevoj\u010dice, \u2026 pusti nas<\/em> 2021. godine. Dobitnica je plakete &#8220;Mihovil Pavlek Mi\u0161kina&#8221; za pjesni\u0161tvo na knji\u017eevnom standardu&#8221; 2023. godine. \u010clanicom je Matice hrvatske i Hrvatskog sabora kulture.<\/p>\n<p>Dodatne informacije mogu se dobiti na broj telefona:<\/p>\n<ul>\n<li><a href=\"https:\/\/www.gskos.unios.hr\/index.php\/odsjek_za_odrasle\/\">Posudbeni odjel za odrasle GISKO<\/a> 031\/211-233<\/li>\n<\/ul>\n<p><a href=\"https:\/\/www.gskos.unios.hr\/wp-content\/uploads\/2024\/02\/Katarina-Pahljina.jpg\"><img loading=\"lazy\" class=\"aligncenter size-full wp-image-19971\" src=\"https:\/\/www.gskos.unios.hr\/wp-content\/uploads\/2024\/02\/Katarina-Pahljina.jpg\" alt=\"\" width=\"670\" height=\"770\" srcset=\"https:\/\/www.gskos.unios.hr\/wp-content\/uploads\/2024\/02\/Katarina-Pahljina.jpg 670w, https:\/\/www.gskos.unios.hr\/wp-content\/uploads\/2024\/02\/Katarina-Pahljina-261x300.jpg 261w, https:\/\/www.gskos.unios.hr\/wp-content\/uploads\/2024\/02\/Katarina-Pahljina-365x420.jpg 365w\" sizes=\"(max-width: 670px) 100vw, 670px\" \/><\/a><\/p>\n","protected":false},"excerpt":{"rendered":"<p>Gradska i sveu\u010dili\u0161na knji\u017enica Osijek organizira predstavljanje knjige pod nazivom &#8220;Krivnje i oprosti&#8221; autorice Katarine Pahljina. Predstavljanje \u0107e se odr\u017eati u \u010detvrtak, 7. o\u017eujka 2024. s po\u010detkom u 18.00 sati u prostoru Studijske \u010ditaonice Gradske i sveu\u010dili\u0161ne knji\u017enice Osijek. Uz autoricu, o knjizi \u0107e govoriti i Jasminka Vrban, a glazbeni nastup uprili\u010dit \u0107e polaznica Glazbene<\/p>\n","protected":false},"author":16,"featured_media":19970,"comment_status":"closed","ping_status":"closed","sticky":false,"template":"","format":"standard","meta":{"_mi_skip_tracking":false},"categories":[1,47,31,33],"tags":[],"_links":{"self":[{"href":"https:\/\/www.gskos.unios.hr\/index.php\/wp-json\/wp\/v2\/posts\/19969"}],"collection":[{"href":"https:\/\/www.gskos.unios.hr\/index.php\/wp-json\/wp\/v2\/posts"}],"about":[{"href":"https:\/\/www.gskos.unios.hr\/index.php\/wp-json\/wp\/v2\/types\/post"}],"author":[{"embeddable":true,"href":"https:\/\/www.gskos.unios.hr\/index.php\/wp-json\/wp\/v2\/users\/16"}],"replies":[{"embeddable":true,"href":"https:\/\/www.gskos.unios.hr\/index.php\/wp-json\/wp\/v2\/comments?post=19969"}],"version-history":[{"count":3,"href":"https:\/\/www.gskos.unios.hr\/index.php\/wp-json\/wp\/v2\/posts\/19969\/revisions"}],"predecessor-version":[{"id":20037,"href":"https:\/\/www.gskos.unios.hr\/index.php\/wp-json\/wp\/v2\/posts\/19969\/revisions\/20037"}],"wp:featuredmedia":[{"embeddable":true,"href":"https:\/\/www.gskos.unios.hr\/index.php\/wp-json\/wp\/v2\/media\/19970"}],"wp:attachment":[{"href":"https:\/\/www.gskos.unios.hr\/index.php\/wp-json\/wp\/v2\/media?parent=19969"}],"wp:term":[{"taxonomy":"category","embeddable":true,"href":"https:\/\/www.gskos.unios.hr\/index.php\/wp-json\/wp\/v2\/categories?post=19969"},{"taxonomy":"post_tag","embeddable":true,"href":"https:\/\/www.gskos.unios.hr\/index.php\/wp-json\/wp\/v2\/tags?post=19969"}],"curies":[{"name":"wp","href":"https:\/\/api.w.org\/{rel}","templated":true}]}}