{"id":20155,"date":"2024-03-28T09:01:56","date_gmt":"2024-03-28T08:01:56","guid":{"rendered":"https:\/\/www.gskos.unios.hr\/?p=20155"},"modified":"2024-03-28T12:11:51","modified_gmt":"2024-03-28T11:11:51","slug":"izlozba-knjizne-i-neknjizne-grade-sretan-rodendan-gospodine-andersen","status":"publish","type":"post","link":"https:\/\/www.gskos.unios.hr\/index.php\/izlozba-knjizne-i-neknjizne-grade-sretan-rodendan-gospodine-andersen\/","title":{"rendered":"Izlo\u017eba knji\u017ene i neknji\u017ene gra\u0111e &#8220;Sretan ro\u0111endan, gospodine Andersen!&#8221;"},"content":{"rendered":"<p style=\"text-align: justify;\">U povodu obilje\u017eavanja <strong>Me\u0111unarodnog dana dje\u010dje knjige i obljetnice ro\u0111enja knji\u017eevnika H. C. Andersena<\/strong> Gradska i sveu\u010dili\u0161na knji\u017enica Osijek organizira\u00a0<strong>izlo\u017ebu knji\u017ene i neknji\u017ene <\/strong>gra\u0111e pod nazivom<strong> &#8220;Sretan ro\u0111endan, gospodine Andersen!&#8221;<\/strong>. Izlo\u017ebu je mogu\u0107e pogledati tijekom\u00a0<strong>travnja<\/strong> u\u00a0<strong>izlo\u017ebenoj auli u prizemlju <\/strong>Gradske i sveu\u010dili\u0161ne knji\u017enice Osijek.<\/p>\n<p style=\"text-align: justify;\">Vi\u0161e informacija mo\u017ee se dobiti na broj telefona:<\/p>\n<ul>\n<li style=\"text-align: justify;\"><a href=\"https:\/\/www.gskos.unios.hr\/index.php\/odjel-za-rad-s-djecom-i-mladima\/\">Odjel za rad s djecom i mladima GISKO<\/a> 031\/211-472<\/li>\n<\/ul>\n<p><a href=\"https:\/\/www.gskos.unios.hr\/wp-content\/uploads\/2024\/03\/Slika-za-izlozbu-H.-C.-Andersen.png\"><img loading=\"lazy\" class=\"aligncenter size-full wp-image-20156\" src=\"https:\/\/www.gskos.unios.hr\/wp-content\/uploads\/2024\/03\/Slika-za-izlozbu-H.-C.-Andersen.png\" alt=\"\" width=\"696\" height=\"1012\" srcset=\"https:\/\/www.gskos.unios.hr\/wp-content\/uploads\/2024\/03\/Slika-za-izlozbu-H.-C.-Andersen.png 696w, https:\/\/www.gskos.unios.hr\/wp-content\/uploads\/2024\/03\/Slika-za-izlozbu-H.-C.-Andersen-206x300.png 206w, https:\/\/www.gskos.unios.hr\/wp-content\/uploads\/2024\/03\/Slika-za-izlozbu-H.-C.-Andersen-289x420.png 289w\" sizes=\"(max-width: 696px) 100vw, 696px\" \/><\/a><\/p>\n","protected":false},"excerpt":{"rendered":"<p>U povodu obilje\u017eavanja Me\u0111unarodnog dana dje\u010dje knjige i obljetnice ro\u0111enja knji\u017eevnika H. C. Andersena Gradska i sveu\u010dili\u0161na knji\u017enica Osijek organizira\u00a0izlo\u017ebu knji\u017ene i neknji\u017ene gra\u0111e pod nazivom &#8220;Sretan ro\u0111endan, gospodine Andersen!&#8221;. Izlo\u017ebu je mogu\u0107e pogledati tijekom\u00a0travnja u\u00a0izlo\u017ebenoj auli u prizemlju Gradske i sveu\u010dili\u0161ne knji\u017enice Osijek. Vi\u0161e informacija mo\u017ee se dobiti na broj telefona: Odjel za rad<\/p>\n","protected":false},"author":8,"featured_media":20168,"comment_status":"closed","ping_status":"closed","sticky":false,"template":"","format":"standard","meta":{"_mi_skip_tracking":false},"categories":[1,39],"tags":[],"_links":{"self":[{"href":"https:\/\/www.gskos.unios.hr\/index.php\/wp-json\/wp\/v2\/posts\/20155"}],"collection":[{"href":"https:\/\/www.gskos.unios.hr\/index.php\/wp-json\/wp\/v2\/posts"}],"about":[{"href":"https:\/\/www.gskos.unios.hr\/index.php\/wp-json\/wp\/v2\/types\/post"}],"author":[{"embeddable":true,"href":"https:\/\/www.gskos.unios.hr\/index.php\/wp-json\/wp\/v2\/users\/8"}],"replies":[{"embeddable":true,"href":"https:\/\/www.gskos.unios.hr\/index.php\/wp-json\/wp\/v2\/comments?post=20155"}],"version-history":[{"count":2,"href":"https:\/\/www.gskos.unios.hr\/index.php\/wp-json\/wp\/v2\/posts\/20155\/revisions"}],"predecessor-version":[{"id":20169,"href":"https:\/\/www.gskos.unios.hr\/index.php\/wp-json\/wp\/v2\/posts\/20155\/revisions\/20169"}],"wp:featuredmedia":[{"embeddable":true,"href":"https:\/\/www.gskos.unios.hr\/index.php\/wp-json\/wp\/v2\/media\/20168"}],"wp:attachment":[{"href":"https:\/\/www.gskos.unios.hr\/index.php\/wp-json\/wp\/v2\/media?parent=20155"}],"wp:term":[{"taxonomy":"category","embeddable":true,"href":"https:\/\/www.gskos.unios.hr\/index.php\/wp-json\/wp\/v2\/categories?post=20155"},{"taxonomy":"post_tag","embeddable":true,"href":"https:\/\/www.gskos.unios.hr\/index.php\/wp-json\/wp\/v2\/tags?post=20155"}],"curies":[{"name":"wp","href":"https:\/\/api.w.org\/{rel}","templated":true}]}}