{"id":20268,"date":"2024-04-25T08:37:09","date_gmt":"2024-04-25T06:37:09","guid":{"rendered":"https:\/\/www.gskos.unios.hr\/?p=20268"},"modified":"2024-04-25T10:03:41","modified_gmt":"2024-04-25T08:03:41","slug":"ususret-ispracaju-drage-kolegice-vera-erl","status":"publish","type":"post","link":"https:\/\/www.gskos.unios.hr\/index.php\/ususret-ispracaju-drage-kolegice-vera-erl\/","title":{"rendered":"Vera Erl [1940.-2024.]"},"content":{"rendered":"<p style=\"text-align: justify;\">Slavonsko-baranjsko i osje\u010dko knji\u017eni\u010darstvo iznjedrilo je, osim Marije Malba\u0161e, njezinu nasljednicu, mr. sc. Veru Erl. Svojim dugogodi\u0161njim uspje\u0161nim radom na podru\u010dju\u00a0 knji\u017eni\u010darstva mr. sc. Vera Erl uvrstila se me\u0111u najistaknutije knji\u017eni\u010dare i \u010dlanove Dru\u0161tva knji\u017eni\u010dara Slavonije i Baranje i Hrvatskog knji\u017eni\u010darskog dru\u0161tva.<\/p>\n<p style=\"text-align: justify;\">Mr. sc. Vera Erl, knji\u017eni\u010darska savjetnica, vi\u0161i predava\u010d, ro\u0111ena je u Drenovcima, gdje je i poha\u0111ala osnovnu \u0161kolu. Gimnaziju je zavr\u0161ila u Vinkovcima, a studij povijesti na Filozofskom fakultetu u Zagrebu. Magistrirala je na Filozofskom fakultetu u Zagrebu 1989. iz povijesnih znanosti s temom &#8220;Slavonija 1683-1848. u zapisima suvremenika (Dokumentacijsko-informati\u010dka analiza)&#8221;.<\/p>\n<p style=\"text-align: justify;\">Radni sta\u017e zapo\u010dela je u Narodnoj knji\u017enici i \u010ditaonici u Vinkovcima, gdje je od 1966. do 1975. obna\u0161ala du\u017enost ravnateljice. Osnovala je u knji\u017enici Studijski odjel, organizirala otkup i obradu rukopisa slavonskih knji\u017eevnika i pokrenula \u010ditav niz aktivnosti. A <em>&#8220;nakon radnog vremena u knji\u017enici desetak je godina intenzivno radila i na organizaciji Vinkova\u010dkih jeseni.&#8221;<a href=\"#_ftn1\" name=\"_ftnref1\"><strong>[1]<\/strong><\/a><\/em><\/p>\n<p style=\"text-align: justify;\">U Osijeku radi od 1975. u Gradskoj i sveu\u010dili\u0161noj knji\u017enici, a od 1978. u Knji\u017enici Pedago\u0161kog fakulteta, obna\u0161aju\u0107i u vi\u0161e mandata voditeljstvo Knji\u017enice. Uz osmi\u0161ljavanje rada knji\u017enice Pedago\u0161kog fakulteta u Osijeku, posebno je radila na unapre\u0111ivanju slu\u017ebi i usluga za korisnike temeljitom obradom fonda te povezivanjem Knji\u017enice s drugim ustanovama i bazama podataka. Uspjela je Knji\u017enicu uklju\u010diti u znanstveno-nastavni proces i u suradnje na projektnim zadacima.<\/p>\n<p style=\"text-align: justify;\"><em>&#8220;Knji\u017enica, bila ona vinkova\u010dka ili osje\u010dka, tako postaje mjestom njezinog poslovnog identiteta.&#8221;<\/em><a href=\"#_ftn2\" name=\"_ftnref2\">[2]<\/a><\/p>\n<p style=\"text-align: justify;\">O svom bogatom profesionalnom putu skromno progovara da <em>&#8220;u mom \u017eivotnom &#8220;opisu&#8221; <\/em><em>poslova\u00a0 je kulturna aktivnost\u00a0 prisutna i jednostavno o tome ne razmi\u0161ljam, ja taj\u00a0 \u017eivot\u00a0 \u017eivim, a on je dio mojih kulturnih potreba i \u017eelja u kojima i aktivno sudjelujem&#8221;<a href=\"#_ftn3\" name=\"_ftnref3\"><strong>[3]<\/strong><\/a>,<\/em> a da su najve\u0107e vrijednosti u <em>&#8220;njenom radu bili njezini suradnici.&#8221; <a href=\"#_ftn4\" name=\"_ftnref4\"><strong>[4]<\/strong><\/a><\/em><\/p>\n<p><img loading=\"lazy\" class=\"wp-image-20269 aligncenter\" src=\"https:\/\/www.gskos.unios.hr\/wp-content\/uploads\/2024\/04\/Vera-Erl-Autor-fotke-Oskultura-683x1024.webp\" alt=\"\" width=\"278\" height=\"417\" srcset=\"https:\/\/www.gskos.unios.hr\/wp-content\/uploads\/2024\/04\/Vera-Erl-Autor-fotke-Oskultura-683x1024.webp 683w, https:\/\/www.gskos.unios.hr\/wp-content\/uploads\/2024\/04\/Vera-Erl-Autor-fotke-Oskultura-200x300.webp 200w, https:\/\/www.gskos.unios.hr\/wp-content\/uploads\/2024\/04\/Vera-Erl-Autor-fotke-Oskultura-768x1152.webp 768w, https:\/\/www.gskos.unios.hr\/wp-content\/uploads\/2024\/04\/Vera-Erl-Autor-fotke-Oskultura-696x1044.webp 696w, https:\/\/www.gskos.unios.hr\/wp-content\/uploads\/2024\/04\/Vera-Erl-Autor-fotke-Oskultura-280x420.webp 280w, https:\/\/www.gskos.unios.hr\/wp-content\/uploads\/2024\/04\/Vera-Erl-Autor-fotke-Oskultura.webp 900w\" sizes=\"(max-width: 278px) 100vw, 278px\" \/><\/p>\n<p>Promaknuta je 1991.\u00a0 godine\u00a0 u\u00a0 stru\u010dno\u00a0 zvanje\u00a0 vi\u0161eg\u00a0 knji\u017eni\u010dara,\u00a0 a\u00a0 1993.\u00a0 u\u00a0 stru\u010dno\u00a0 zvanje\u00a0 knji\u017eni\u010darskog savjetnika.<\/p>\n<p style=\"text-align: justify;\">Utemeljila je 1998.\/1999. studij Knji\u017eni\u010darstva na Pedago\u0161kom fakultetu u Osijeku i imenovana prvom predsjednicom Katedre knji\u017eni\u010darstva koju je obna\u0161ala do 2004. godine. Istovremeno vodi do 2007. i studij Knji\u017eni\u010darstva u Vinkovcima. Od 2007. godine predaje na Umjetni\u010dkoj akademiji u Osijeku, do umirovljenja. Od 2009. do 2013. radila kao vanjski suradnik i na Odjelu za kulturologiju Sveu\u010dili\u0161ta J. J. Strossmayera, smjer Knji\u017eni\u010darstvo.<\/p>\n<p style=\"text-align: justify;\">Sura\u0111ivala je na brojnim projektima i u radu\u00a0 raznih stru\u010dno-znanstvenih skupova i savjetovanja kao organizator ili suorganizator.<\/p>\n<p style=\"text-align: justify;\">\u010clan HKD-a postala\u00a0 je 1962.\u00a0 godine,\u00a0 a\u00a0 Dru\u0161tva knji\u017eni\u010dara\u00a0 Slavonije\u00a0 i\u00a0 Baranje\u00a0 1975.\u00a0 godine,\u00a0 kada\u00a0 je\u00a0 Dru\u0161tvo\u00a0 osnovano.\u00a0 Tako\u00a0 se dugim kontinuiranim \u010dlanstvom mo\u017ee pohvaliti malo \u010dlanova. I u\u00a0 Dru\u0161tvu knji\u017eni\u010dara Slavonije i Baranje i u Hrvatskom knji\u017eni\u010darskom dru\u0161tvu obavljala je niz odgovornih funkcija. Radi\u00a0 bolje informiranosti \u010dlanova pokrenula je list Informacije Dru\u0161tva bibliotekara Slavonije i Baranje, koji je izlazio od 1987. do 1991. godine. Kao\u00a0 predstavnik\u00a0 Dru\u0161tva bila\u00a0 je\u00a0 \u010dlan Savjeta\u00a0 za\u00a0 biblioteke\u00a0 Hrvatske\u00a0 i\u00a0 \u010dlan Sveu\u010dili\u0161nog bibliote\u010dnog odbora u Zagrebu od 1989. do 1992. godine, \u010dlan Komisije za izradu Zakona o knji\u017enicama i knji\u017eni\u010darstvu pri Ministarstvu prosvjete i kulture RH od 1992. do 1994., \u010dlan\u00a0 Ocjenjiva\u010dkog\u00a0 odbora\u00a0 za\u00a0 dodjeljivanje\u00a0 Kukuljevi\u0107eve\u00a0 povelje\u00a0 1998.\u00a0 godine,\u00a0 \u010dlan Povjerenstva Hrvatskog knji\u017eni\u010dnog vije\u0107a za dodjelu zvanja vi\u0161eg knji\u017eni\u010dara i knji\u017eni\u010darskog savjetnika od 2000. do 2010. godine.<\/p>\n<p style=\"text-align: justify;\"><img loading=\"lazy\" class=\"wp-image-20270 aligncenter\" src=\"https:\/\/www.gskos.unios.hr\/wp-content\/uploads\/2024\/04\/vera-772x1024.jpg\" alt=\"\" width=\"278\" height=\"369\" srcset=\"https:\/\/www.gskos.unios.hr\/wp-content\/uploads\/2024\/04\/vera-772x1024.jpg 772w, https:\/\/www.gskos.unios.hr\/wp-content\/uploads\/2024\/04\/vera-226x300.jpg 226w, https:\/\/www.gskos.unios.hr\/wp-content\/uploads\/2024\/04\/vera-768x1019.jpg 768w, https:\/\/www.gskos.unios.hr\/wp-content\/uploads\/2024\/04\/vera-696x924.jpg 696w, https:\/\/www.gskos.unios.hr\/wp-content\/uploads\/2024\/04\/vera-316x420.jpg 316w, https:\/\/www.gskos.unios.hr\/wp-content\/uploads\/2024\/04\/vera.jpg 935w\" sizes=\"(max-width: 278px) 100vw, 278px\" \/><\/p>\n<p style=\"text-align: justify;\">\u010clan je Dru\u0161tva knji\u017eni\u010dara \u00a0Slavonije i Baranje (predsjednica 1985.-1991., potpredsjednica Hrvatskog bibliotekarskog dru\u0161tva 1987.-1989.), Matice hrvatske Osijek (dopredsjednica 2003.2007.), \u010dlan je Hrvatsko-njema\u010dkog dru\u0161tva, Duhovnog hra\u0161\u0107a Drenovci i predsjednica udruge \u0160oka\u010dka grana Osijek (2005.-2015., po\u010dasna predsjednica 2015.-).<\/p>\n<p>Za svoj trud i predanost dobila je brojne nagrade:<br \/>\n1975. Orden rada sa srebrnim vijencem<br \/>\n1996. Kukuljevi\u0107eva povelja, najvi\u0161e stru\u010dno priznanje za zasluge na unaprje\u0111ivanju\u00a0 \u00a0 \u00a0 \u00a0 \u00a0 \u00a0 \u00a0 \u00a0 \u00a0 \u00a0 knji\u017eni\u010darske struke u hrvatskoj<br \/>\n1997. Red Danice Hrvatske s likom Marka Maruli\u0107a<br \/>\n2002. Priznanje Filozofskog fakulteta Osijek z osobite zasluge u razvoju i radu fakulteta<br \/>\n2006. Povelja Marija Malba\u0161a za unaprje\u0111enje knji\u017eni\u010darske struke<br \/>\n2007. Nagrada Op\u0107ine Drenovci Franjo Hanaman za promicanje i razvoj kulture i\u00a0 \u00a0 \u00a0 \u00a0 \u00a0 \u00a0 \u00a0 \u00a0 \u00a0 \u00a0 \u00a0 \u00a0 \u00a0 povijesne ba\u0161tine<br \/>\n2011. Priznanje Filozofskog fakulteta Osijek za utemeljenje studija Knji\u017eni\u010darstva<br \/>\n2014. Nagrada za \u017eivotno djelo Vukovarsko-srijemske \u017eupanije \u2013 za znanost,\u00a0 \u00a0 \u00a0 \u00a0 \u00a0 \u00a0 \u00a0 \u00a0 \u00a0 \u00a0 \u00a0 \u00a0 \u00a0 \u00a0 \u00a0 \u00a0 obrazovanje, knji\u017eni\u010darstvo<br \/>\n2014. Grb Grada Osijeka za izuzetan doprinos u podru\u010dju obrazovanja<br \/>\n2015. Povelja Matice hrvatske za dugogodi\u0161nju vjernost i osobit doprinos Matici\u00a0 \u00a0 \u00a0 \u00a0 \u00a0 \u00a0 \u00a0 \u00a0 \u00a0 \u00a0 \u00a0 \u00a0 \u00a0 \u00a0 hrvatskoj<\/p>\n<p style=\"text-align: justify;\">Kroz pet desetlje\u0107a radnoga vijeka i titule knji\u017eni\u010darke s najdu\u017eim sta\u017eom u Hrvatskoj, autorica je preko sedamdeset stru\u010dno-znanstvenih radova iz knji\u017eni\u010darstva, kulturne povijesti, knji\u017eevnosti i \u0161oka\u0161tva. U njima je vje\u0161to spajala povjesni\u010darku i knji\u017eni\u010darku u sebi kroz &#8220;povijest i kultura, znanost i strast, identitet i zavi\u010daj.&#8221;<\/p>\n<p style=\"text-align: justify;\">Priredila je brojne monografije, u knji\u017enici Slavonica knjige o M. \u0160vel Gamir\u0161ek, B. Inhof, I. Velikanovi\u0107, sedam tiskanih Zbornika Urbani \u0160okci. Jedna je od inicijatora i organizatora Me\u0111unarodnog okruglog stola Urbani \u0160okci. Vera Erl &#8220;entuzijasti\u010dki se zalagala za \u0161irenje kulture pisane rije\u010di u Vinkovcima&#8221;, ali i \u0161ire.<\/p>\n<p style=\"text-align: justify;\">U jednoj od posljednjih suradnji s Gradskom i sveu\u010dili\u0161nom knji\u017enicom Osijek te Dru\u0161tvom knji\u017eni\u010dara Slavonije Baranje i Srijema, profesorica Erl podijelila je ovaj savjet:<\/p>\n<ul>\n<li style=\"text-align: justify;\"><strong><em>&#8220;Sve\u00a0 nove ideje u koje smo imali uvid i imamo i dan danas, poku\u0161ati prihvatiti, mo\u017eda utjeloviti, primijeniti primjere dobre prakse ili ih zabilje\u017eiti, komunicirati, dijeliti, sura\u0111ivati i objavljivati. Ne samo objavljivanja radi, nego s ciljem razmjene pozitivnih primjera rada, ugodne suradnje i rasta i \u0161irenja na\u0161e struke. <\/em><\/strong><strong><em>Budimo uvijek dostojanstveni, budimo uvijek profesionalni te bilje\u017eimo i \u0161irimo pisanu rije\u010d. <\/em><\/strong><strong><em>Nemojte pamtiti, zabilje\u017eite, sve \u0161to se doga\u0111a i sve u skladu pisanog znanja i stru\u010dnosti, originalnosti i profesionalnosti.&#8221;<\/em><\/strong><\/li>\n<\/ul>\n<p style=\"text-align: right;\">Po\u010divala u miru Bo\u017ejem!<\/p>\n<h6 style=\"text-align: justify;\"><a href=\"#_ftnref1\" name=\"_ftn1\"><\/a><\/h6>\n<p><img loading=\"lazy\" class=\"wp-image-20274 aligncenter\" src=\"https:\/\/www.gskos.unios.hr\/wp-content\/uploads\/2024\/04\/cd8dc1ff-acac-4edf-95f0-b0d22092fb79-1024x768.jpg\" alt=\"\" width=\"536\" height=\"402\" srcset=\"https:\/\/www.gskos.unios.hr\/wp-content\/uploads\/2024\/04\/cd8dc1ff-acac-4edf-95f0-b0d22092fb79-1024x768.jpg 1024w, https:\/\/www.gskos.unios.hr\/wp-content\/uploads\/2024\/04\/cd8dc1ff-acac-4edf-95f0-b0d22092fb79-300x225.jpg 300w, https:\/\/www.gskos.unios.hr\/wp-content\/uploads\/2024\/04\/cd8dc1ff-acac-4edf-95f0-b0d22092fb79-768x576.jpg 768w, https:\/\/www.gskos.unios.hr\/wp-content\/uploads\/2024\/04\/cd8dc1ff-acac-4edf-95f0-b0d22092fb79-1536x1152.jpg 1536w, https:\/\/www.gskos.unios.hr\/wp-content\/uploads\/2024\/04\/cd8dc1ff-acac-4edf-95f0-b0d22092fb79-80x60.jpg 80w, https:\/\/www.gskos.unios.hr\/wp-content\/uploads\/2024\/04\/cd8dc1ff-acac-4edf-95f0-b0d22092fb79-265x198.jpg 265w, https:\/\/www.gskos.unios.hr\/wp-content\/uploads\/2024\/04\/cd8dc1ff-acac-4edf-95f0-b0d22092fb79-696x522.jpg 696w, https:\/\/www.gskos.unios.hr\/wp-content\/uploads\/2024\/04\/cd8dc1ff-acac-4edf-95f0-b0d22092fb79-1068x801.jpg 1068w, https:\/\/www.gskos.unios.hr\/wp-content\/uploads\/2024\/04\/cd8dc1ff-acac-4edf-95f0-b0d22092fb79-560x420.jpg 560w, https:\/\/www.gskos.unios.hr\/wp-content\/uploads\/2024\/04\/cd8dc1ff-acac-4edf-95f0-b0d22092fb79.jpg 1728w\" sizes=\"(max-width: 536px) 100vw, 536px\" \/><\/p>\n<hr \/>\n<p>[1] Vera Erl : prostor i \u017eena \/ [esej i izbor tekstova Helena Sabli\u0107 Tomi\u0107]. Osijek : Oksimoron, 2013. Str. 35<br \/>\n[2] Ibid.<br \/>\n[3] Vera Erl: Treba financirati atraktivne\u00a0 programe bez obzira na izvo\u0111a\u010da, a ne samo \u201ehladne pogone\u201c kulturnih\u00a0 institucija. Dostupno na: https:\/\/oskultura.com\/kulturni-amaterizam\/vera-erl\/ (2020-05-05)<br \/>\n[4] Pezer, Emilija. Mr. sc. Vera Erl \u2013 pedeset godina rada i sedamdeset godina \u017eivota. \/\/ Knji\u017eni\u010darstvo 13\/14, 1\/2(2009\/2010), 22.<\/p>\n","protected":false},"excerpt":{"rendered":"<p>Slavonsko-baranjsko i osje\u010dko knji\u017eni\u010darstvo iznjedrilo je, osim Marije Malba\u0161e, njezinu nasljednicu, mr. sc. Veru Erl. Svojim dugogodi\u0161njim uspje\u0161nim radom na podru\u010dju\u00a0 knji\u017eni\u010darstva mr. sc. Vera Erl uvrstila se me\u0111u najistaknutije knji\u017eni\u010dare i \u010dlanove Dru\u0161tva knji\u017eni\u010dara Slavonije i Baranje i Hrvatskog knji\u017eni\u010darskog dru\u0161tva. Mr. sc. Vera Erl, knji\u017eni\u010darska savjetnica, vi\u0161i predava\u010d, ro\u0111ena je u Drenovcima, gdje<\/p>\n","protected":false},"author":12,"featured_media":20274,"comment_status":"closed","ping_status":"closed","sticky":false,"template":"","format":"standard","meta":{"_mi_skip_tracking":false},"categories":[47],"tags":[],"_links":{"self":[{"href":"https:\/\/www.gskos.unios.hr\/index.php\/wp-json\/wp\/v2\/posts\/20268"}],"collection":[{"href":"https:\/\/www.gskos.unios.hr\/index.php\/wp-json\/wp\/v2\/posts"}],"about":[{"href":"https:\/\/www.gskos.unios.hr\/index.php\/wp-json\/wp\/v2\/types\/post"}],"author":[{"embeddable":true,"href":"https:\/\/www.gskos.unios.hr\/index.php\/wp-json\/wp\/v2\/users\/12"}],"replies":[{"embeddable":true,"href":"https:\/\/www.gskos.unios.hr\/index.php\/wp-json\/wp\/v2\/comments?post=20268"}],"version-history":[{"count":13,"href":"https:\/\/www.gskos.unios.hr\/index.php\/wp-json\/wp\/v2\/posts\/20268\/revisions"}],"predecessor-version":[{"id":20291,"href":"https:\/\/www.gskos.unios.hr\/index.php\/wp-json\/wp\/v2\/posts\/20268\/revisions\/20291"}],"wp:featuredmedia":[{"embeddable":true,"href":"https:\/\/www.gskos.unios.hr\/index.php\/wp-json\/wp\/v2\/media\/20274"}],"wp:attachment":[{"href":"https:\/\/www.gskos.unios.hr\/index.php\/wp-json\/wp\/v2\/media?parent=20268"}],"wp:term":[{"taxonomy":"category","embeddable":true,"href":"https:\/\/www.gskos.unios.hr\/index.php\/wp-json\/wp\/v2\/categories?post=20268"},{"taxonomy":"post_tag","embeddable":true,"href":"https:\/\/www.gskos.unios.hr\/index.php\/wp-json\/wp\/v2\/tags?post=20268"}],"curies":[{"name":"wp","href":"https:\/\/api.w.org\/{rel}","templated":true}]}}