{"id":20438,"date":"2024-06-13T11:13:22","date_gmt":"2024-06-13T09:13:22","guid":{"rendered":"https:\/\/www.gskos.unios.hr\/?p=20438"},"modified":"2024-06-13T11:13:41","modified_gmt":"2024-06-13T09:13:41","slug":"20438","status":"publish","type":"post","link":"https:\/\/www.gskos.unios.hr\/index.php\/20438\/","title":{"rendered":"Predstavljanje knjige &#8220;Sva cvije\u0107a beskraja&#8221;"},"content":{"rendered":"<p style=\"text-align: justify;\">Izdava\u010dka ku\u0107a Prof&amp;Graf i Gradska i sveu\u010dili\u0161na knji\u017enica Osijek organiziraju <strong>predstavljanje knjige <\/strong>pod nazivom <strong>&#8220;Sva cvije\u0107a beskraja&#8221; autorice Lee Mihaljevi\u0107<\/strong>. Predstavljanje \u0107e se odr\u017eati u <strong>petak, 21. lipnja<\/strong> <strong>2024. <\/strong>s po\u010detkom u<strong> 18.00 sati<\/strong> u prostoru <strong>Austrijske \u010ditaonice<\/strong> Gradske i sveu\u010dili\u0161ne knji\u017enice Osijek. Uz autoricu, o knjizi \u0107e govoriti i <strong>Sa\u0161a Jak\u0161i\u0107<\/strong>, njezina urednica te vlasnica izdava\u010dke ku\u0107e Prof&amp;Graf.<\/p>\n<p style=\"text-align: justify;\"><strong><em>Sva cvije\u0107a beskraja<\/em><\/strong> zbirka je kratkih pri\u010da i pjesama. Autorica pronalazi inspiraciju u filozofiji \u017eivota gdje nas vodi na jedno veliko \u017eivotno putovanje kroz razli\u010dite \u017eivotne perspektive i likove \u010diji je glavni protagonist Lena, djevojka od 20 godina koja konstantno u\u010di o svom \u017eivotu svakim novim doga\u0111ajem i situacijom. Vrt, koji autorica opisuje kroz cijelu zbirku, metafora je za \u017eivot u kojem \u010dovjek jako puno toga do\u017eivljava i konstantno u\u010di. Smatra kako je njezin vrt upravo i ova zbirka, a cvije\u0107a u njezinu vrtu \u010dine sve te \u017eivotne pri\u010de i pjesme kojima je obogatila ovu zbirku. Zbirka je pro\u017eeta sna\u017enom i dubokom ljubavnom i misaonom tematikom gdje se ispreple\u0107e niz motiva kroz koje \u010ditatelj otkriva mnoga zrnca mudrosti, propituje vlastiti \u017eivot i razmi\u0161lja o ljubavi. Svaka je pjesma u ovoj zbirci pra\u0107ena pri\u010dom, a za vrijeme \u010ditanja svake pri\u010de otkrivamo \u0161to se krije iza stihova pjesama i koji se pak cvijet skriva kao odraz osobina raznih likova. Mnoge simbolike iz pjesama nadopunjavaju se pri\u010dama, gdje se pru\u017ea vi\u0161estruka perspektiva \u017eivota uz svrhu konstantne potrebe za izgradnjom vrta, odnosno ljudskog \u017eivota.<\/p>\n<p style=\"text-align: justify;\"><strong>Lea Mihaljevi\u0107<\/strong> studentica je 2. godine preddiplomskog sveu\u010dili\u0161nog studija Informatologije na Filozofskom fakultetu u Osijeku. Ima 20 godina i zavr\u0161ila je II. (jezi\u010dnu) gimnaziju u Osijeku. Oduvijek se bavila poezijom, pisanjem i \u010ditanjem knjiga. U slobodno vrijeme volontira na Fakultetu, pi\u0161e \u010dlanke za studentski \u010dasopis te voli pratiti razne <em>book-blogove<\/em>. Jako je zanima podru\u010dje dru\u0161tvenih znanosti koje se odnosi na kulturu, \u010ditanje, pisanje, pretra\u017eivanje informacija, autorsko pravo i sli\u010dno. Sudjelovala je na natje\u010dajima za zbirku poezije &#8220;Bu\u0111enje&#8221;, zbirku pri\u010da &#8220;Ljetne avanture&#8221;, zbirku poezije &#8220;Zimski san&#8221;, zbirku pri\u010da &#8220;Ljubav ne pita za godine&#8221; i zbirku poezije &#8220;Samo ljubav&#8221; za nakladni\u010dku ku\u0107u Prof&amp;Graf. Za zbirku poezije &#8220;Zimski san&#8221; i za zbirku poezije &#8220;Samo ljubav&#8221; osvojila je 1. mjesto. Izuzetno voli spajati svoje misli u pjesme ili pri\u010de te ih rado vidjeti u tiskanom izdanju.<\/p>\n<p>Dodatne informacije mogu se dobiti na broj telefona:<\/p>\n<ul>\n<li><a href=\"https:\/\/www.gskos.unios.hr\/index.php\/odsjek_za_odrasle\/\">Posudbeni odjel za odrasle GISKO<\/a> 031\/211-233<\/li>\n<\/ul>\n<p><a href=\"https:\/\/www.gskos.unios.hr\/wp-content\/uploads\/2024\/06\/Sva-cvijeca-beskraja-COVER-konacna-verzija.jpg\"><img loading=\"lazy\" class=\"aligncenter size-large wp-image-20201\" src=\"https:\/\/www.gskos.unios.hr\/wp-content\/uploads\/2024\/06\/Sva-cvijeca-beskraja-COVER-konacna-verzija.jpg\" alt=\"\" width=\"683\" height=\"1024\" \/><\/a><\/p>\n","protected":false},"excerpt":{"rendered":"<p>Izdava\u010dka ku\u0107a Prof&amp;Graf i Gradska i sveu\u010dili\u0161na knji\u017enica Osijek organiziraju predstavljanje knjige pod nazivom &#8220;Sva cvije\u0107a beskraja&#8221; autorice Lee Mihaljevi\u0107. Predstavljanje \u0107e se odr\u017eati u petak, 21. lipnja 2024. s po\u010detkom u 18.00 sati u prostoru Austrijske \u010ditaonice Gradske i sveu\u010dili\u0161ne knji\u017enice Osijek. Uz autoricu, o knjizi \u0107e govoriti i Sa\u0161a Jak\u0161i\u0107, njezina urednica te<\/p>\n","protected":false},"author":17,"featured_media":20440,"comment_status":"closed","ping_status":"closed","sticky":false,"template":"","format":"standard","meta":{"_mi_skip_tracking":false},"categories":[1,36,47,40],"tags":[],"_links":{"self":[{"href":"https:\/\/www.gskos.unios.hr\/index.php\/wp-json\/wp\/v2\/posts\/20438"}],"collection":[{"href":"https:\/\/www.gskos.unios.hr\/index.php\/wp-json\/wp\/v2\/posts"}],"about":[{"href":"https:\/\/www.gskos.unios.hr\/index.php\/wp-json\/wp\/v2\/types\/post"}],"author":[{"embeddable":true,"href":"https:\/\/www.gskos.unios.hr\/index.php\/wp-json\/wp\/v2\/users\/17"}],"replies":[{"embeddable":true,"href":"https:\/\/www.gskos.unios.hr\/index.php\/wp-json\/wp\/v2\/comments?post=20438"}],"version-history":[{"count":3,"href":"https:\/\/www.gskos.unios.hr\/index.php\/wp-json\/wp\/v2\/posts\/20438\/revisions"}],"predecessor-version":[{"id":20443,"href":"https:\/\/www.gskos.unios.hr\/index.php\/wp-json\/wp\/v2\/posts\/20438\/revisions\/20443"}],"wp:featuredmedia":[{"embeddable":true,"href":"https:\/\/www.gskos.unios.hr\/index.php\/wp-json\/wp\/v2\/media\/20440"}],"wp:attachment":[{"href":"https:\/\/www.gskos.unios.hr\/index.php\/wp-json\/wp\/v2\/media?parent=20438"}],"wp:term":[{"taxonomy":"category","embeddable":true,"href":"https:\/\/www.gskos.unios.hr\/index.php\/wp-json\/wp\/v2\/categories?post=20438"},{"taxonomy":"post_tag","embeddable":true,"href":"https:\/\/www.gskos.unios.hr\/index.php\/wp-json\/wp\/v2\/tags?post=20438"}],"curies":[{"name":"wp","href":"https:\/\/api.w.org\/{rel}","templated":true}]}}