{"id":20471,"date":"2024-06-21T07:06:58","date_gmt":"2024-06-21T05:06:58","guid":{"rendered":"https:\/\/www.gskos.unios.hr\/?p=20471"},"modified":"2025-06-25T18:32:19","modified_gmt":"2025-06-25T16:32:19","slug":"medunarodni-festival-slikovnice-cuvari-prica-nova-zemlja-pocinje-s-vama","status":"publish","type":"post","link":"https:\/\/www.gskos.unios.hr\/index.php\/medunarodni-festival-slikovnice-cuvari-prica-nova-zemlja-pocinje-s-vama\/","title":{"rendered":"Me\u0111unarodni festival slikovnice &#8220;\u010cuvari pri\u010da&#8221;: Nova zemlja po\u010dinje s vama"},"content":{"rendered":"<p style=\"text-align: justify;\">Me\u0111unarodni festival slikovnice &#8220;\u010cuvari pri\u010da&#8221; po\u010detak je ljetnih doga\u0111anja u Gradskoj i sveu\u010dili\u0161noj knji\u017enici Osijek i dio je programa Osje\u010dkog ljeta kulture. Organizaciju Festivala podr\u017eali su Ministarstvo kulture i medija u RH, Veleposlanstvo SAD-a u Hrvatskoj, Austrijski kulturni forum i Udruga za rad s mladima &#8220;Breza&#8221;.<\/p>\n<p style=\"text-align: justify;\">Ovogodi\u0161nji \u0107e se festival odr\u017eavati pod sloganom: Nova zemlja po\u010dinje s vama, trajat \u0107e tri dana, od 27 do 29. lipnja, a u nastavku navodimo raspored odga\u0111anja.<\/p>\n<p style=\"text-align: center;\"><strong>Me\u0111unarodni festival slikovnice &#8220;\u010cuvari pri\u010da&#8221;: Nova zemlja po\u010dinje s vama<\/strong><\/p>\n<p style=\"text-align: center;\"><strong>27. \u2013 29. lipnja 2024. godine<\/strong><\/p>\n<p><strong>PROGRAM<\/strong><\/p>\n<p style=\"text-align: justify;\">Zbog \u0161to kvalitetnije provedbe, na neka doga\u0111anja obavezno je najaviti sudjelovanje prijavom, putem poveznice koja se nalazi uz opis doga\u0111anja. Prijave se otvaraju u ponedjeljak 24. lipnja. Obrazac je kreiran za prijavljivanje sudjelovanja jedne osobe. Ukoliko prijavljujete vi\u0161e osoba, molimo ispunite jedan obrazac po osobi.<\/p>\n<p style=\"text-align: justify;\">Na doga\u0111anja koja nemaju poveznicu na obrazac za prijavu, dolazak je mogu\u0107 bez prethodne najave.<\/p>\n<p style=\"text-align: center;\"><strong>\u010cETVRTAK, 27. lipnja 2024.<\/strong><\/p>\n<p style=\"text-align: center;\"><strong>od 10.00 do 16.00 sati<\/strong><br \/>\n<strong>NOVA ZEMLJA PO\u010cINJE S VAMA<\/strong><br \/>\nIzrada zastavica Festivala \u010cuvari pri\u010da uz pri\u010du<br \/>\n<u>Dvori\u0161te Gradske i sveu\u010dili\u0161ne knji\u017enice Osijek<\/u><br \/>\nNije potrebna prethodna prijava<\/p>\n<p style=\"text-align: center;\"><strong>\u00a0<\/strong><strong>od 10.00 do 11.00 sati<\/strong><br \/>\n<strong>KALIGRAFIJA &#8211; \u0160TO JE TO?<\/strong><br \/>\n<strong>Voditeljica: Sandra Rado\u010daj<\/strong><br \/>\n<u>American Corner Gradske i sveu\u010dili\u0161ne knji\u017enice Osijek<\/u><br \/>\n<strong>Obrazac za prijavu<\/strong><\/p>\n<p style=\"text-align: center;\"><strong>od 11.00 do 12.00 sati<\/strong><br \/>\n<strong>STORY TIME<\/strong><br \/>\n<strong>Voditeljice: Ivana Turk i Jelena Juri\u0107 Pal\u010dok<\/strong><br \/>\n<u>Dvori\u0161te Gradske i sveu\u010dili\u0161ne knji\u017enice Osijek<\/u><br \/>\n<strong>Obrazac za prijavu<\/strong><\/p>\n<p style=\"text-align: center;\"><strong>od 13.00 do 14.00 sati<\/strong><br \/>\n<strong>VERA U DVORCU BUDU\u0106NOSTI<\/strong><br \/>\n<strong>Voditeljice: Davorka Semeni\u0107 Premec i Vanda \u010ci\u017emek<\/strong><br \/>\n<u>American Corner Gradske i sveu\u010dili\u0161ne knji\u017enice Osijek<\/u><br \/>\n<strong>Obrazac za prijavu<\/strong><\/p>\n<p style=\"text-align: center;\"><strong>od 16.00 do 17.00 sati<\/strong><br \/>\n<strong>UPOZNAJTE ILUSTRATORICU: Gemma Palacio<\/strong><br \/>\n<u>American Corner Gradske i sveu\u010dili\u0161ne knji\u017enice Osijek<\/u><br \/>\n<strong>Obrazac za prijavu<\/strong><\/p>\n<p style=\"text-align: center;\"><strong>od 17.00 do 18.00 sati<\/strong><br \/>\n<strong>SLAVONIJA U MOM SRCU<\/strong><br \/>\n<strong>Voditeljica: Ines Novak<\/strong><br \/>\nPredstavljanje knjige. Mala knjiga pri\u010da i pjesama ili ljubav prema Slavoniji preto\u010dena u rije\u010di.<br \/>\n<u>Dvori\u0161te Gradske i sveu\u010dili\u0161ne knji\u017enice Osijek<\/u><br \/>\nNije potrebna prethodna prijava<\/p>\n<p style=\"text-align: center;\"><strong>od 18.00 do 19.00 sati<\/strong><br \/>\n<strong>KAZALI\u0160TE SJENA: Kvaka\u010d<\/strong><br \/>\n<strong>Voditelji: Andreja Gro\u0161elj, Jelena Juri\u0107 Pal\u010dok i Daniel Major<\/strong><br \/>\n<u>Igraonica Odjela za rad s djecom i mladima GISKO<\/u><br \/>\n<strong>Obrazac za prijavu<\/strong><\/p>\n<p style=\"text-align: center;\"><strong>PETAK, 28. lipnja 2024.<\/strong><\/p>\n<p style=\"text-align: center;\"><strong>od 10.00 do 16.00 sati<\/strong><br \/>\n<strong>NOVA ZEMLJA PO\u010cINJE S VAMA<\/strong><br \/>\nIzrada zastavica Festivala \u010cuvari pri\u010da uz pri\u010du<br \/>\n<u>Dvori\u0161te Gradske i sveu\u010dili\u0161ne knji\u017enice Osijek<\/u><br \/>\nNije potrebna prethodna prijava<\/p>\n<p style=\"text-align: center;\"><strong>od 10.00 do 11.00 sati<\/strong><br \/>\n<strong>VERA U DVORCU BUDU\u0106NOSTI<\/strong><br \/>\n<strong>Voditeljice: Davorka Semeni\u0107 Premec i Vanda \u010ci\u017emek<\/strong><br \/>\n<u>American Corner Gradske i sveu\u010dili\u0161ne knji\u017enice Osijek<\/u><br \/>\n<strong>Obrazac za prijavu<\/strong><\/p>\n<p style=\"text-align: center;\"><strong>od 11.00 do 12.00 sati<\/strong><br \/>\n<strong>STVARAM NOVI SVIJET<\/strong><br \/>\n<strong>Voditeljica: \u017deljka Mezi\u0107<\/strong><br \/>\n<u>American Corner Gradske i sveu\u010dili\u0161ne knji\u017enice Osijek<\/u><br \/>\n<strong>Obrazac za prijavu<\/strong><\/p>\n<p style=\"text-align: center;\"><strong>od 12.00 do 13.00 sati<\/strong><br \/>\n<strong>MOJ ZVJEZDANI PRIJATELJ<\/strong><br \/>\n<strong>Voditelj: Dra\u017een Jerabek<\/strong><br \/>\n<u>Dvori\u0161te Gradske i sveu\u010dili\u0161ne knji\u017enice Osijek<\/u><br \/>\n<strong>Obrazac za prijavu<\/strong><\/p>\n<p style=\"text-align: center;\"><strong>od 16.00 do 17.00 sati<\/strong><br \/>\n<strong>KAKO NASTAJE RADIO PRI\u010cA<\/strong><br \/>\n<strong>Voditelj: Davor Vrande\u010di\u0107<\/strong><br \/>\n<u>American Corner Gradske i sveu\u010dili\u0161ne knji\u017enice Osijek<\/u><br \/>\n<strong>Obrazac za prijavu<\/strong><\/p>\n<p style=\"text-align: center;\"><strong>od 17.00 do 18.00 sati<\/strong><br \/>\n<strong>TKO \u017dIVI U ZLATNOJ ORAHOVOJ LJUSCI?<\/strong><br \/>\n<strong>Voditeljica: Tihana Ostre\u0161<\/strong><br \/>\n<u>American Corner Gradske i sveu\u010dili\u0161ne knji\u017enice Osijek<\/u><br \/>\n<strong>Obrazac za prijavu<\/strong><\/p>\n<p style=\"text-align: center;\"><strong>od 18.00 do 19.00 sati<\/strong><br \/>\n<strong>KAZALI\u0160TE SJENA: Buba, Mara i Bara<\/strong><br \/>\n<strong>Voditelji: Andreja Gro\u0161elj i Jelena Juri\u0107 Pal\u010dok<\/strong><br \/>\n<u>Igraonica Odjela za rad s djecom i mladima GISKO<\/u><br \/>\n<strong>Obrazac za prijavu<\/strong><\/p>\n<p style=\"text-align: center;\"><strong>od 19.00 do 20.00 sati<\/strong><br \/>\n<strong>HR\u010cKO BR\u010cKO<\/strong><br \/>\n<strong>Izlo\u017eba radova Janka Cicvari\u0107a<\/strong><br \/>\n<u>Izlo\u017ebena aula Gradske i sveu\u010dili\u0161ne knji\u017enice Osijek<\/u><br \/>\nNije potrebna prethodna prijava<\/p>\n<p style=\"text-align: center;\"><strong>od 20.00 do 21.00 sat<\/strong><br \/>\n<strong>After s Antonijom Pintari\u0107<\/strong>,<br \/>\npratnja na gitari Vjekoslav &#8216;\u010cole&#8217; Miling<br \/>\n<span style=\"text-decoration: underline;\">Dvori\u0161te Gradske i sveu\u010dili\u0161ne knji\u017enice Osijek<\/span><br \/>\nNije potrebna prethodna prijava<\/p>\n<p style=\"text-align: center;\"><strong>SUBOTA, 29. lipnja 2024.<\/strong><\/p>\n<p style=\"text-align: center;\"><strong>od 10.00 do 16.00 sati<\/strong><br \/>\n<strong>NOVA ZEMLJA PO\u010cINJE S VAMA<\/strong><br \/>\nIzrada zastavica Festivala \u010cuvari pri\u010da uz pri\u010du<br \/>\n<u>Dvori\u0161te Gradske i sveu\u010dili\u0161ne knji\u017enice Osijek<\/u><br \/>\nNije potrebna prethodna prijava<\/p>\n<p style=\"text-align: center;\"><strong>od 11.00 do 12.30 sati<\/strong><br \/>\n<strong>JA<\/strong><br \/>\n<strong>Voditeljica: \u017deljka Mezi\u0107 <\/strong><br \/>\n<u>American Corner Gradske i sveu\u010dili\u0161ne knji\u017enice Osijek<\/u><br \/>\n<strong>Obrazac za prijavu<\/strong><\/p>\n<p style=\"text-align: center;\"><strong>od 13.00 do 14.30 sati<\/strong><br \/>\n<strong>MOJ DNEVNIK &#8211; SKICE IZ PRIRODE<\/strong><br \/>\n<strong>Voditeljica: Daniela Skokovi\u0107<\/strong><br \/>\n<u>American Corner i dvori\u0161te Gradske i sveu\u010dili\u0161ne knji\u017enice Osijek<\/u><br \/>\n<strong>Obrazac za prijavu<\/strong><\/p>\n<p style=\"text-align: center;\"><strong>od 16.00 do 17.30 sati<\/strong><br \/>\n<strong>NOVI SVIJET PO\u010cINJE S VAMA<\/strong><br \/>\n<strong>Izlo\u017eba ilustracija i instalacija<\/strong><br \/>\n<u>Kulturni centar Osijek (Kneza Trpimira 2\/a)<\/u><br \/>\nNije potrebna prethodna prijava<\/p>\n<p style=\"text-align: center;\"><strong>od 18.30 do 19.30 sati<\/strong><br \/>\n<strong>TKO \u017dIVI U ZLATNOJ ORAHOVOJ LJUSCI?<\/strong><br \/>\n<strong>Voditeljica: Tihana Ostre\u0161<\/strong><br \/>\n<u>American Corner Gradske i sveu\u010dili\u0161ne knji\u017enice Osijek<\/u><br \/>\n<strong>Obrazac za prijavu<\/strong><\/p>\n<p style=\"text-align: center;\"><strong>od 19.30 do 20.30 sati<\/strong><br \/>\n<strong>TEATAR TO GO \u2013 MAJSTORI<\/strong><br \/>\n<strong>Kazali\u0161na predstava<\/strong><br \/>\n<u>Dvori\u0161te Gradske i sveu\u010dili\u0161ne knji\u017enice Osijek<\/u><br \/>\nNije potrebna prethodna prijava<\/p>\n<p>Dodatne informacije mogu se dobiti:<\/p>\n<ul>\n<li><a href=\"https:\/\/www.gskos.unios.hr\/index.php\/odjel-za-rad-s-djecom-i-mladima\/\">na Odjelu za rad s djecom i mladima GISKO.<\/a><\/li>\n<\/ul>\n<p><a href=\"https:\/\/www.gskos.unios.hr\/wp-content\/uploads\/2024\/06\/1718814200790.jpg\"><img loading=\"lazy\" class=\"aligncenter size-large wp-image-20201\" src=\"https:\/\/www.gskos.unios.hr\/wp-content\/uploads\/2024\/06\/1718814200790.jpg\" alt=\"\" width=\"683\" height=\"1024\" \/><\/a><\/p>\n<p><a href=\"https:\/\/www.gskos.unios.hr\/wp-content\/uploads\/2024\/06\/1718814228325.jpg\"><img loading=\"lazy\" class=\"aligncenter size-large wp-image-20201\" src=\"https:\/\/www.gskos.unios.hr\/wp-content\/uploads\/2024\/06\/1718814228325.jpg\" alt=\"\" width=\"683\" height=\"1024\" \/><\/a><\/p>\n","protected":false},"excerpt":{"rendered":"<p>Me\u0111unarodni festival slikovnice &#8220;\u010cuvari pri\u010da&#8221; po\u010detak je ljetnih doga\u0111anja u Gradskoj i sveu\u010dili\u0161noj knji\u017enici Osijek i dio je programa Osje\u010dkog ljeta kulture. Organizaciju Festivala podr\u017eali su Ministarstvo kulture i medija u RH, Veleposlanstvo SAD-a u Hrvatskoj, Austrijski kulturni forum i Udruga za rad s mladima &#8220;Breza&#8221;. Ovogodi\u0161nji \u0107e se festival odr\u017eavati pod sloganom: Nova zemlja<\/p>\n","protected":false},"author":17,"featured_media":20472,"comment_status":"closed","ping_status":"closed","sticky":false,"template":"","format":"standard","meta":{"_mi_skip_tracking":false},"categories":[1,48,47,32,31,41],"tags":[],"_links":{"self":[{"href":"https:\/\/www.gskos.unios.hr\/index.php\/wp-json\/wp\/v2\/posts\/20471"}],"collection":[{"href":"https:\/\/www.gskos.unios.hr\/index.php\/wp-json\/wp\/v2\/posts"}],"about":[{"href":"https:\/\/www.gskos.unios.hr\/index.php\/wp-json\/wp\/v2\/types\/post"}],"author":[{"embeddable":true,"href":"https:\/\/www.gskos.unios.hr\/index.php\/wp-json\/wp\/v2\/users\/17"}],"replies":[{"embeddable":true,"href":"https:\/\/www.gskos.unios.hr\/index.php\/wp-json\/wp\/v2\/comments?post=20471"}],"version-history":[{"count":15,"href":"https:\/\/www.gskos.unios.hr\/index.php\/wp-json\/wp\/v2\/posts\/20471\/revisions"}],"predecessor-version":[{"id":20491,"href":"https:\/\/www.gskos.unios.hr\/index.php\/wp-json\/wp\/v2\/posts\/20471\/revisions\/20491"}],"wp:featuredmedia":[{"embeddable":true,"href":"https:\/\/www.gskos.unios.hr\/index.php\/wp-json\/wp\/v2\/media\/20472"}],"wp:attachment":[{"href":"https:\/\/www.gskos.unios.hr\/index.php\/wp-json\/wp\/v2\/media?parent=20471"}],"wp:term":[{"taxonomy":"category","embeddable":true,"href":"https:\/\/www.gskos.unios.hr\/index.php\/wp-json\/wp\/v2\/categories?post=20471"},{"taxonomy":"post_tag","embeddable":true,"href":"https:\/\/www.gskos.unios.hr\/index.php\/wp-json\/wp\/v2\/tags?post=20471"}],"curies":[{"name":"wp","href":"https:\/\/api.w.org\/{rel}","templated":true}]}}