{"id":21086,"date":"2024-11-06T14:23:21","date_gmt":"2024-11-06T13:23:21","guid":{"rendered":"https:\/\/www.gskos.unios.hr\/?p=21086"},"modified":"2024-11-06T14:23:21","modified_gmt":"2024-11-06T13:23:21","slug":"izlozba-slikarskih-radova-veo-od-boja","status":"publish","type":"post","link":"https:\/\/www.gskos.unios.hr\/index.php\/izlozba-slikarskih-radova-veo-od-boja\/","title":{"rendered":"Izlo\u017eba slikarskih radova &#8220;Veo od boja&#8221;"},"content":{"rendered":"<p style=\"text-align: justify;\">Tijekom mjeseca<strong> studenog <\/strong>u<strong> Ogranku Donji grad <\/strong>Gradske i sveu\u010dili\u0161ne knji\u017enice Osijek mo\u017ee se pogledati <strong>izlo\u017eba radova slikarskih radova <\/strong>pod nazivom &#8220;<strong>Veo od boja&#8221; autorice Slavice Jalovi\u010dar<\/strong>, koja se odr\u017eava u sklopu projekta <a href=\"https:\/\/www.gskos.unios.hr\/index.php\/mala-galerija-gisko-3\/\">Mala galerija GISKO<\/a>.<\/p>\n<p style=\"text-align: justify;\">Slavica Jalovi\u010dar ro\u0111ena je 1951., a slikarstvom se bavi od 2000. godine. \u010clanica je likovne udruge \u010cepin (LU\u010c). Do sada je izlagala na samostalnim i skupnim izlo\u017ebama u zemlji i inozemstvu. Motive iz svijeta u sebi i onoga oko sebe prikazuje uljem, akrilom i bojama za svilu. &#8220;Veo od boja&#8221; okuplja pejza\u017ee i razne motive iz prirode, u ulju i akrilu.<\/p>\n<p style=\"text-align: justify;\">\n<p style=\"text-align: justify;\">Dodatne informacije mogu se dobiti na brojeve telefona:<\/p>\n<ul>\n<li style=\"text-align: justify;\"><a href=\"https:\/\/www.gskos.unios.hr\/index.php\/ogranci\/\">Ogranak Donji grad GISKO<\/a> 031\/506-110<\/li>\n<li style=\"text-align: justify;\">Slavica Jalovi\u010dar 0917895132<\/li>\n<\/ul>\n","protected":false},"excerpt":{"rendered":"<p>Tijekom mjeseca studenog u Ogranku Donji grad Gradske i sveu\u010dili\u0161ne knji\u017enice Osijek mo\u017ee se pogledati izlo\u017eba radova slikarskih radova pod nazivom &#8220;Veo od boja&#8221; autorice Slavice Jalovi\u010dar, koja se odr\u017eava u sklopu projekta Mala galerija GISKO. Slavica Jalovi\u010dar ro\u0111ena je 1951., a slikarstvom se bavi od 2000. godine. \u010clanica je likovne udruge \u010cepin (LU\u010c). Do<\/p>\n","protected":false},"author":8,"featured_media":21087,"comment_status":"closed","ping_status":"closed","sticky":false,"template":"","format":"standard","meta":{"_mi_skip_tracking":false},"categories":[1,39,34],"tags":[],"_links":{"self":[{"href":"https:\/\/www.gskos.unios.hr\/index.php\/wp-json\/wp\/v2\/posts\/21086"}],"collection":[{"href":"https:\/\/www.gskos.unios.hr\/index.php\/wp-json\/wp\/v2\/posts"}],"about":[{"href":"https:\/\/www.gskos.unios.hr\/index.php\/wp-json\/wp\/v2\/types\/post"}],"author":[{"embeddable":true,"href":"https:\/\/www.gskos.unios.hr\/index.php\/wp-json\/wp\/v2\/users\/8"}],"replies":[{"embeddable":true,"href":"https:\/\/www.gskos.unios.hr\/index.php\/wp-json\/wp\/v2\/comments?post=21086"}],"version-history":[{"count":1,"href":"https:\/\/www.gskos.unios.hr\/index.php\/wp-json\/wp\/v2\/posts\/21086\/revisions"}],"predecessor-version":[{"id":21088,"href":"https:\/\/www.gskos.unios.hr\/index.php\/wp-json\/wp\/v2\/posts\/21086\/revisions\/21088"}],"wp:featuredmedia":[{"embeddable":true,"href":"https:\/\/www.gskos.unios.hr\/index.php\/wp-json\/wp\/v2\/media\/21087"}],"wp:attachment":[{"href":"https:\/\/www.gskos.unios.hr\/index.php\/wp-json\/wp\/v2\/media?parent=21086"}],"wp:term":[{"taxonomy":"category","embeddable":true,"href":"https:\/\/www.gskos.unios.hr\/index.php\/wp-json\/wp\/v2\/categories?post=21086"},{"taxonomy":"post_tag","embeddable":true,"href":"https:\/\/www.gskos.unios.hr\/index.php\/wp-json\/wp\/v2\/tags?post=21086"}],"curies":[{"name":"wp","href":"https:\/\/api.w.org\/{rel}","templated":true}]}}