{"id":21163,"date":"2024-11-21T13:12:50","date_gmt":"2024-11-21T12:12:50","guid":{"rendered":"https:\/\/www.gskos.unios.hr\/?p=21163"},"modified":"2024-11-21T13:12:50","modified_gmt":"2024-11-21T12:12:50","slug":"izlozba-plakata-zena-s-glasom","status":"publish","type":"post","link":"https:\/\/www.gskos.unios.hr\/index.php\/izlozba-plakata-zena-s-glasom\/","title":{"rendered":"Izlo\u017eba plakata &#8220;\u017dena s glasom&#8221;"},"content":{"rendered":"<p style=\"text-align: justify;\">U organizaciji Nansen dijalog centra, u <strong>ponedjeljak, 25. studenog<\/strong> <strong>2024. <\/strong>s po\u010detkom u<strong> 11.00 sati,<\/strong> u <strong>izlo\u017ebenoj auli<\/strong> na <strong>katu<\/strong> Gradske i sveu\u010dili\u0161ne knji\u017enice Osijek bit \u0107e uprili\u010deno <strong>otvorenje<\/strong> <strong>izlo\u017ebe &#8220;\u017dena s glasom&#8221; <\/strong>koja se odvija u sklopu <strong>16 dana aktivizma za borbu protiv nasilja nad \u017eenama. <\/strong><\/p>\n<p style=\"text-align: justify;\">Izlo\u017eba <em>\u017dena s glasom<\/em> progovara o svim aktualnim pitanjima \u017eenskih ljudskih prava i ne dozvoljava da se iskustvo \u017eena umanjuje i dehumanizira. \u017dena s glasom osna\u017euje, ulijeva nadu i ne pristaje na kompromise kad je u pitanju ostvarivanje i za\u0161tita \u017eenskih ljudskih prava. Izlo\u017eba se sastoji od 12 odabranih ilustracija koje su pristigle na javni natje\u010daj proveden s ciljem osvje\u0161tavanja i pozitivnog utjecanja na promociju \u017eenskih ljudskih prava, rodne ravnopravnosti i nepristajanja na rodno uvjetovano nasilje.<\/p>\n<p style=\"text-align: justify;\">Globalna kampanja 16 dana aktivizma za borbu protiv nasilja nad \u017eenama traje od <strong>25. studenoga<\/strong>, Me\u0111unarodnog dana borbe protiv nasilja nad \u017eenama, do <strong>10. prosinca<\/strong>, Me\u0111unarodnog dana ljudskih prava, a ove godine obilje\u017eava se i u isto\u010dnoj Hrvatskoj nizom aktivnosti koje nagla\u0161avaju va\u017enost zajedni\u010dke borbe protiv nasilja, kao i potrebu za podr\u0161kom \u017ertvama.<\/p>\n<p style=\"text-align: justify;\">Kampanju \u017dena s glasom i 16 dana aktivizma provodi Nansen dijalog centar kroz projekt ROZA za \u017eene \u2013 Ravnopravnost, osvje\u0161tavanje i zagovaranje za \u017eenska prava i aktivizam.<\/p>\n<p style=\"text-align: justify;\"><strong>\u00a0<\/strong><\/p>\n<p style=\"text-align: justify;\"><strong>Nositelj projekta:<br \/>\n<\/strong>Nansen dijalog centar<\/p>\n<p style=\"text-align: justify;\"><strong>Suradnici na projektu:<\/strong><\/p>\n<p style=\"text-align: justify;\">O\u0160 &#8220;Mladost&#8221; Osijek, O\u0160 &#8220;Tin Ujevi\u0107&#8221; Osijek; O\u0160 V. Beci\u0107 Osijek; Medicinska \u0161kola Osijek; Osnovna \u0161kola Marku\u0161ica; Osnovna \u0161kola Zmajevac; Osnovna \u0161kola Blage Zadre, Vukovar; O\u0160 Sini\u0161e Glava\u0161evi\u0107a, Vukovar; O\u0160 I. Brli\u0107 Ma\u017eurani\u0107, Ko\u0161ka; O\u0160 Darda; O\u0160 Bilje; O\u0160 Dalj; O\u0160 Kne\u017eevi Vinogradi; Gimnazija Matije Antuna Reljkovi\u0107a Vinkovci; O\u0160 Viktor Car Emin Donji Andrijevci; PRAVOS Osijek; AUKOS; Kulturni centar Osijek; Kulturno-razvojni centar Bilje i Dom kulture Bilje; Gradska knji\u017enica i \u010ditaonica Vinkovci; Gradska i sveu\u010dili\u0161na knji\u017enica Osijek; Gradska knji\u017enica Vukovar; Barcelona PUB; Klub studenata psihologije PSIHOS; Centar za mir, nenasilje i ljudska prava Osijek; DKolektiv \u2013 organizacija za dru\u0161tveni razvoj; Malo Drama Malo Art; Centar za gra\u0111anske inicijative Pore\u010d i Tr\u017enica doo Osijek.<\/p>\n<p style=\"text-align: justify;\">Projekt je financijski podr\u017ean od strane CERVa kroz program Impact4Values koji je sufinanciran sredstvima Europske unije i Ureda za udruge Vlade Republike Hrvatske.<\/p>\n<p style=\"text-align: justify;\">\n<p style=\"text-align: justify;\">Dodatne informacije mogu se dobiti na broj telefona:<\/p>\n<ul>\n<li style=\"text-align: justify;\"><a href=\"https:\/\/www.gskos.unios.hr\/index.php\/odsjek_za_odrasle\/\">Posudbeni odjel za odrasle GISKO<\/a> 031\/211-233<\/li>\n<\/ul>\n","protected":false},"excerpt":{"rendered":"<p>U organizaciji Nansen dijalog centra, u ponedjeljak, 25. studenog 2024. s po\u010detkom u 11.00 sati, u izlo\u017ebenoj auli na katu Gradske i sveu\u010dili\u0161ne knji\u017enice Osijek bit \u0107e uprili\u010deno otvorenje izlo\u017ebe &#8220;\u017dena s glasom&#8221; koja se odvija u sklopu 16 dana aktivizma za borbu protiv nasilja nad \u017eenama. Izlo\u017eba \u017dena s glasom progovara o svim aktualnim<\/p>\n","protected":false},"author":8,"featured_media":21164,"comment_status":"closed","ping_status":"closed","sticky":false,"template":"","format":"standard","meta":{"_mi_skip_tracking":false},"categories":[1,39],"tags":[],"_links":{"self":[{"href":"https:\/\/www.gskos.unios.hr\/index.php\/wp-json\/wp\/v2\/posts\/21163"}],"collection":[{"href":"https:\/\/www.gskos.unios.hr\/index.php\/wp-json\/wp\/v2\/posts"}],"about":[{"href":"https:\/\/www.gskos.unios.hr\/index.php\/wp-json\/wp\/v2\/types\/post"}],"author":[{"embeddable":true,"href":"https:\/\/www.gskos.unios.hr\/index.php\/wp-json\/wp\/v2\/users\/8"}],"replies":[{"embeddable":true,"href":"https:\/\/www.gskos.unios.hr\/index.php\/wp-json\/wp\/v2\/comments?post=21163"}],"version-history":[{"count":1,"href":"https:\/\/www.gskos.unios.hr\/index.php\/wp-json\/wp\/v2\/posts\/21163\/revisions"}],"predecessor-version":[{"id":21165,"href":"https:\/\/www.gskos.unios.hr\/index.php\/wp-json\/wp\/v2\/posts\/21163\/revisions\/21165"}],"wp:featuredmedia":[{"embeddable":true,"href":"https:\/\/www.gskos.unios.hr\/index.php\/wp-json\/wp\/v2\/media\/21164"}],"wp:attachment":[{"href":"https:\/\/www.gskos.unios.hr\/index.php\/wp-json\/wp\/v2\/media?parent=21163"}],"wp:term":[{"taxonomy":"category","embeddable":true,"href":"https:\/\/www.gskos.unios.hr\/index.php\/wp-json\/wp\/v2\/categories?post=21163"},{"taxonomy":"post_tag","embeddable":true,"href":"https:\/\/www.gskos.unios.hr\/index.php\/wp-json\/wp\/v2\/tags?post=21163"}],"curies":[{"name":"wp","href":"https:\/\/api.w.org\/{rel}","templated":true}]}}