{"id":21187,"date":"2024-11-26T08:55:59","date_gmt":"2024-11-26T07:55:59","guid":{"rendered":"https:\/\/www.gskos.unios.hr\/?p=21187"},"modified":"2024-11-26T14:01:53","modified_gmt":"2024-11-26T13:01:53","slug":"predavanje-i-strucno-vodenje-setnja-mathildinim-mirazom","status":"publish","type":"post","link":"https:\/\/www.gskos.unios.hr\/index.php\/predavanje-i-strucno-vodenje-setnja-mathildinim-mirazom\/","title":{"rendered":"Stru\u010dno vo\u0111enje zgradom GISKO-a &#8220;\u0160etnja Mathildinim mirazom&#8221;"},"content":{"rendered":"<p style=\"text-align: justify;\">U povodu obilje\u017eavanja Dana grada Osijeka, u organizaciji Gradske i sveu\u010dili\u0161ne knji\u017enice Osijek, u <strong>ponedjeljak 2. prosinca 2024.<\/strong>, s po\u010detkom u <strong>18.00 sati<\/strong> bit \u0107e odr\u017eano <strong>stru\u010dno vo\u0111enje<\/strong> <strong>zgradom GISKO-a<\/strong> pod nazivom <strong>&#8220;\u0160etnja Mathildinim mirazom&#8221;<\/strong>. S kustosom <strong>Grgurom Markom Ivankovi\u0107em<\/strong> pro\u0161etat \u0107emo kroz dom vlasnik\u00e2 ku\u0107e u kojoj je danas smje\u0161tena Gradska i sveu\u010dili\u0161na knji\u017enica Osijek.<\/p>\n<p style=\"text-align: justify;\">Ovu je lijepu secesijsku ku\u0107u kao vjen\u010dani dar od svojih roditelja dobila Mathilda Gillming koja se 1905. godine udala za kraljevskog javnog bilje\u017enika i odvjetnika dr. Vjekoslava Hengla. Obitelj Hengl \u017eivjela je u velikom stanu koji se protezao cijelim prvim katom ku\u0107e, a odvjetni\u010dki i javno-bilje\u017eni\u010dki ured dr. Hengla bio je u prizemlju, gdje se danas nalazi Odjel za rad s djecom i mladima. Stan u kojemu se nalazi Posudbeni odjel Henglovima je slu\u017eio za stanovanje prijatelja i rodbine. Ku\u0107a je sagra\u0111ena 1906. godine prema projektu be\u010dkog arhitekta, ro\u0111enog u Temi\u0161varu, Ernsta von Gotthilfa za kojega su se naru\u010ditelji odlu\u010dili temeljem preporuke baruna Guttmanna kojemu je isti arhitekt projektirao secesijsku pala\u010du u Beli\u0161\u0107u. U unutra\u0161njosti ku\u0107e uglavnom je o\u010duvana izvorna prostorna organizacija, a u pojedinim se prostorijama nalazi i izvorni namje\u0161taj te knjige koje su koristili izvorni vlasnici ku\u0107e. Zgrada je bogata ba\u0161tina ovoga bra\u010dnog para koji je na mnogim poljima promijenio \u017eivot grada Osijeka, osobito u razdoblju izme\u0111u dva svjetska rata, kada je dr. Hengl obna\u0161ao, od 1920. do 1934. godine, funkciju gradona\u010delnika tada jo\u0161 uvijek Slobodnog i kraljevskog grada Osijeka.<\/p>\n<p style=\"text-align: justify;\"><strong>Grgur Marko Ivankovi\u0107<\/strong> ro\u0111en je 1966. u Osijeku, gdje je zavr\u0161io osnovnu i srednju \u0161kolu, a zvanje diplomiranog povjesni\u010dara umjetnosti i etnologa stekao je na Filozofskom fakultetu Sveu\u010dili\u0161ta u Zagrebu. Nakon diplome zaposlio se u Muzeju Slavonije, gdje u zvanju kustosa vodi devet raznorodnih muzejskih zbirki: Zbirku arhitekture i urbane opreme, Zbirku fotografija, Zbirku plakata, Zbirku razglednica, Zbirku kulturno-povijesnih predmeta, Zbirku skulptura i natpisa, Zbirku slobodonozidarskih predmeta, Zbirku strelja\u010dkih predmeta i Grafi\u010dku zbirku. Autor je vi\u0161e stotina \u010dlanaka objavljenih u dnevnim novinama, stru\u010dnim publikacijama, katalozima izlo\u017ebi te je suradnik u brojnim televizijskim emisijama na temu arhitekture stilskih razdoblja od historicizma i secesije do <em>art decoa<\/em>, povijesti osje\u010dke fotografije i brojnih kulturno-povijesnih tema. Za osobit doprinos na podru\u010dju kulture i promicanju muzejske djelatnosti Grad Osijek mu je 2011. godine dodijelio javno priznanje Pe\u010dat Grada Osijeka.<\/p>\n<p style=\"text-align: justify;\">Dodatne informacije mogu se dobiti na broj telefona:<\/p>\n<ul>\n<li style=\"text-align: justify;\"><a href=\"https:\/\/www.gskos.unios.hr\/index.php\/odsjek_za_odrasle\/\">Posudbeni odjel za odrasle GISKO<\/a> 031\/211-233<\/li>\n<\/ul>\n","protected":false},"excerpt":{"rendered":"<p>U povodu obilje\u017eavanja Dana grada Osijeka, u organizaciji Gradske i sveu\u010dili\u0161ne knji\u017enice Osijek, u ponedjeljak 2. prosinca 2024., s po\u010detkom u 18.00 sati bit \u0107e odr\u017eano stru\u010dno vo\u0111enje zgradom GISKO-a pod nazivom &#8220;\u0160etnja Mathildinim mirazom&#8221;. S kustosom Grgurom Markom Ivankovi\u0107em pro\u0161etat \u0107emo kroz dom vlasnik\u00e2 ku\u0107e u kojoj je danas smje\u0161tena Gradska i sveu\u010dili\u0161na knji\u017enica<\/p>\n","protected":false},"author":8,"featured_media":21188,"comment_status":"closed","ping_status":"closed","sticky":false,"template":"","format":"standard","meta":{"_mi_skip_tracking":false},"categories":[1],"tags":[],"_links":{"self":[{"href":"https:\/\/www.gskos.unios.hr\/index.php\/wp-json\/wp\/v2\/posts\/21187"}],"collection":[{"href":"https:\/\/www.gskos.unios.hr\/index.php\/wp-json\/wp\/v2\/posts"}],"about":[{"href":"https:\/\/www.gskos.unios.hr\/index.php\/wp-json\/wp\/v2\/types\/post"}],"author":[{"embeddable":true,"href":"https:\/\/www.gskos.unios.hr\/index.php\/wp-json\/wp\/v2\/users\/8"}],"replies":[{"embeddable":true,"href":"https:\/\/www.gskos.unios.hr\/index.php\/wp-json\/wp\/v2\/comments?post=21187"}],"version-history":[{"count":4,"href":"https:\/\/www.gskos.unios.hr\/index.php\/wp-json\/wp\/v2\/posts\/21187\/revisions"}],"predecessor-version":[{"id":21221,"href":"https:\/\/www.gskos.unios.hr\/index.php\/wp-json\/wp\/v2\/posts\/21187\/revisions\/21221"}],"wp:featuredmedia":[{"embeddable":true,"href":"https:\/\/www.gskos.unios.hr\/index.php\/wp-json\/wp\/v2\/media\/21188"}],"wp:attachment":[{"href":"https:\/\/www.gskos.unios.hr\/index.php\/wp-json\/wp\/v2\/media?parent=21187"}],"wp:term":[{"taxonomy":"category","embeddable":true,"href":"https:\/\/www.gskos.unios.hr\/index.php\/wp-json\/wp\/v2\/categories?post=21187"},{"taxonomy":"post_tag","embeddable":true,"href":"https:\/\/www.gskos.unios.hr\/index.php\/wp-json\/wp\/v2\/tags?post=21187"}],"curies":[{"name":"wp","href":"https:\/\/api.w.org\/{rel}","templated":true}]}}