{"id":21235,"date":"2024-11-28T08:31:13","date_gmt":"2024-11-28T07:31:13","guid":{"rendered":"https:\/\/www.gskos.unios.hr\/?p=21235"},"modified":"2024-11-28T08:31:13","modified_gmt":"2024-11-28T07:31:13","slug":"predstavljanje-knjige-sibilski-vrtovi","status":"publish","type":"post","link":"https:\/\/www.gskos.unios.hr\/index.php\/predstavljanje-knjige-sibilski-vrtovi\/","title":{"rendered":"Predstavljanje knjige &#8220;Sibilski vrtovi\u201c"},"content":{"rendered":"<p style=\"text-align: justify;\">Gradska i sveu\u010dili\u0161na knji\u017enica Osijek organizira <strong>predstavljanje knjige <\/strong>pod nazivom <strong>&#8220;Sibilski vrtovi&#8221; autorice Biljane Gabri\u0107<\/strong>. Predstavljanje \u0107e se odr\u017eati u <strong>\u010detvrtak, 5. prosinca<\/strong> <strong>2024. <\/strong>s po\u010detkom u<strong> 18.00 sati<\/strong> u prostoru <strong>Studijske \u010ditaonice<\/strong> Gradske i sveu\u010dili\u0161ne knji\u017enice Osijek. Uz autoricu, o knjizi \u0107e govoriti i <strong>Maria Elkazovi\u0107<\/strong>.<\/p>\n<p style=\"text-align: justify;\"><em>Sibilski vrtovi<\/em> zbirka je poezije koja, ba\u0161 poput svog naslova, simbolizira tajnovitost, dubinu i ljepotu ljudskih emocija, utkanih u ritam i melodiju pisane rije\u010di. Autorica kroz stihove otvara vrata unutarnjih vrtova ljubavi, \u010de\u017enje, \u017eivotnih odluka i hrabrosti, donose\u0107i \u010ditatelju fragmente vlastitih do\u017eivljaja. Svaka pjesma u zbirci nosi nijanse unutarnjeg svijeta \u2013 onog neizgovorenog, \u010desto skrivenog u srcu, prepletenog emocijama koje tek kroz stihove nalaze svoj glas. Zbirka je pro\u017eeta suptilnim simbolima prirode i vremena, \u010dine\u0107i da \u010ditatelj osjeti atmosferu svakog prizora \u2013 mirise proljetnih cvjetova, hladno\u0107u jeseni, te\u017einu oluje i svje\u017einu novog po\u010detka. Kroz ovu poeziju, \u010ditatelj dobiva priliku osjetiti kako se ispreple\u0107u trenutci slabosti i snage, \u017eelje i stvarnosti, dok autorica suptilno istra\u017euje smisao ljubavi i \u017eivota, pru\u017eaju\u0107i pri tome uto\u010di\u0161te svakome tko tra\u017ei razumijevanje i inspiraciju u pisanoj rije\u010di.<\/p>\n<p style=\"text-align: justify;\"><strong>Biljana Gabri\u0107<\/strong> ro\u0111ena je 1980. godine u Osijeku. Ponajvi\u0161e pi\u0161e poeziju, a svoju prvu zbirku izdala je pod nazivom <em>Sibilski vrtovi<\/em> 2022. kod Naklade Calliope. Aktivna je na dru\u0161tvenim mre\u017eama, posebice na Instagramu pod nazivom <em>write_owl<\/em>, gdje svojim pratiteljima pru\u017ea predivno uto\u010di\u0161te pisane rije\u010di.<\/p>\n<p style=\"text-align: justify;\">\n<p style=\"text-align: justify;\">Dodatne informacije mogu se dobiti na broj telefona:<\/p>\n<ul>\n<li style=\"text-align: justify;\"><a href=\"https:\/\/www.gskos.unios.hr\/index.php\/odsjek_za_odrasle\/\">Posudbeni odjel za odrasle GISKO<\/a> 031\/211-233<\/li>\n<\/ul>\n<p><a href=\"https:\/\/www.gskos.unios.hr\/wp-content\/uploads\/2024\/11\/Zbirka-Sibilski-vrtovi.jpg\"><img loading=\"lazy\" class=\"aligncenter size-full wp-image-21236\" src=\"https:\/\/www.gskos.unios.hr\/wp-content\/uploads\/2024\/11\/Zbirka-Sibilski-vrtovi.jpg\" alt=\"\" width=\"1654\" height=\"2392\" srcset=\"https:\/\/www.gskos.unios.hr\/wp-content\/uploads\/2024\/11\/Zbirka-Sibilski-vrtovi.jpg 1654w, https:\/\/www.gskos.unios.hr\/wp-content\/uploads\/2024\/11\/Zbirka-Sibilski-vrtovi-207x300.jpg 207w, https:\/\/www.gskos.unios.hr\/wp-content\/uploads\/2024\/11\/Zbirka-Sibilski-vrtovi-708x1024.jpg 708w, https:\/\/www.gskos.unios.hr\/wp-content\/uploads\/2024\/11\/Zbirka-Sibilski-vrtovi-768x1111.jpg 768w, https:\/\/www.gskos.unios.hr\/wp-content\/uploads\/2024\/11\/Zbirka-Sibilski-vrtovi-1062x1536.jpg 1062w, https:\/\/www.gskos.unios.hr\/wp-content\/uploads\/2024\/11\/Zbirka-Sibilski-vrtovi-1416x2048.jpg 1416w, https:\/\/www.gskos.unios.hr\/wp-content\/uploads\/2024\/11\/Zbirka-Sibilski-vrtovi-696x1007.jpg 696w, https:\/\/www.gskos.unios.hr\/wp-content\/uploads\/2024\/11\/Zbirka-Sibilski-vrtovi-1068x1545.jpg 1068w, https:\/\/www.gskos.unios.hr\/wp-content\/uploads\/2024\/11\/Zbirka-Sibilski-vrtovi-290x420.jpg 290w\" sizes=\"(max-width: 1654px) 100vw, 1654px\" \/><\/a><\/p>\n","protected":false},"excerpt":{"rendered":"<p>Gradska i sveu\u010dili\u0161na knji\u017enica Osijek organizira predstavljanje knjige pod nazivom &#8220;Sibilski vrtovi&#8221; autorice Biljane Gabri\u0107. Predstavljanje \u0107e se odr\u017eati u \u010detvrtak, 5. prosinca 2024. s po\u010detkom u 18.00 sati u prostoru Studijske \u010ditaonice Gradske i sveu\u010dili\u0161ne knji\u017enice Osijek. Uz autoricu, o knjizi \u0107e govoriti i Maria Elkazovi\u0107. Sibilski vrtovi zbirka je poezije koja, ba\u0161 poput<\/p>\n","protected":false},"author":8,"featured_media":21237,"comment_status":"closed","ping_status":"closed","sticky":false,"template":"","format":"standard","meta":{"_mi_skip_tracking":false},"categories":[1,40,35],"tags":[],"_links":{"self":[{"href":"https:\/\/www.gskos.unios.hr\/index.php\/wp-json\/wp\/v2\/posts\/21235"}],"collection":[{"href":"https:\/\/www.gskos.unios.hr\/index.php\/wp-json\/wp\/v2\/posts"}],"about":[{"href":"https:\/\/www.gskos.unios.hr\/index.php\/wp-json\/wp\/v2\/types\/post"}],"author":[{"embeddable":true,"href":"https:\/\/www.gskos.unios.hr\/index.php\/wp-json\/wp\/v2\/users\/8"}],"replies":[{"embeddable":true,"href":"https:\/\/www.gskos.unios.hr\/index.php\/wp-json\/wp\/v2\/comments?post=21235"}],"version-history":[{"count":1,"href":"https:\/\/www.gskos.unios.hr\/index.php\/wp-json\/wp\/v2\/posts\/21235\/revisions"}],"predecessor-version":[{"id":21238,"href":"https:\/\/www.gskos.unios.hr\/index.php\/wp-json\/wp\/v2\/posts\/21235\/revisions\/21238"}],"wp:featuredmedia":[{"embeddable":true,"href":"https:\/\/www.gskos.unios.hr\/index.php\/wp-json\/wp\/v2\/media\/21237"}],"wp:attachment":[{"href":"https:\/\/www.gskos.unios.hr\/index.php\/wp-json\/wp\/v2\/media?parent=21235"}],"wp:term":[{"taxonomy":"category","embeddable":true,"href":"https:\/\/www.gskos.unios.hr\/index.php\/wp-json\/wp\/v2\/categories?post=21235"},{"taxonomy":"post_tag","embeddable":true,"href":"https:\/\/www.gskos.unios.hr\/index.php\/wp-json\/wp\/v2\/tags?post=21235"}],"curies":[{"name":"wp","href":"https:\/\/api.w.org\/{rel}","templated":true}]}}