{"id":21291,"date":"2024-12-12T11:08:35","date_gmt":"2024-12-12T10:08:35","guid":{"rendered":"https:\/\/www.gskos.unios.hr\/?p=21291"},"modified":"2024-12-17T07:32:17","modified_gmt":"2024-12-17T06:32:17","slug":"uvodna-konferencija-povodom-pocetka-gradevinskih-radova","status":"publish","type":"post","link":"https:\/\/www.gskos.unios.hr\/index.php\/uvodna-konferencija-povodom-pocetka-gradevinskih-radova\/","title":{"rendered":"Uvodna konferencija u povodu po\u010detka gra\u0111evinskih radova"},"content":{"rendered":"<p style=\"text-align: justify;\">Gradska i sveu\u010dili\u0161na knji\u017enica Osijek organizira uvodnu konferenciju u povodu po\u010detka gra\u0111evinskih radova u sklopu projekta \u201cEnergetska obnova zgrade Gradske i sveu\u010dili\u0161ne knji\u017enice Osijek\u201d, \u00a0financiranog iz sredstava Europske unije \u2013 NextGenerationEU u 100%-tnom iznosu.<\/p>\n<p>Uvodna konferencija odr\u017eat \u0107e se:<\/p>\n<p style=\"text-align: center;\">u <strong>petak, 13. prosinca 2024<\/strong>. godine s po\u010detkom u <strong>12.00<\/strong> sati.<\/p>\n<p style=\"text-align: center;\">u prostoru <strong>Austrijske \u010ditaonice<\/strong> Gradske i sveu\u010dili\u0161ne knji\u017enice Osijek<\/p>\n","protected":false},"excerpt":{"rendered":"<p>Gradska i sveu\u010dili\u0161na knji\u017enica Osijek organizira uvodnu konferenciju u povodu po\u010detka gra\u0111evinskih radova u sklopu projekta \u201cEnergetska obnova zgrade Gradske i sveu\u010dili\u0161ne knji\u017enice Osijek\u201d, \u00a0financiranog iz sredstava Europske unije \u2013 NextGenerationEU u 100%-tnom iznosu. Uvodna konferencija odr\u017eat \u0107e se: u petak, 13. prosinca 2024. godine s po\u010detkom u 12.00 sati. u prostoru Austrijske \u010ditaonice Gradske<\/p>\n","protected":false},"author":17,"featured_media":21292,"comment_status":"closed","ping_status":"closed","sticky":false,"template":"","format":"standard","meta":{"_mi_skip_tracking":false},"categories":[1,36,105,47],"tags":[],"_links":{"self":[{"href":"https:\/\/www.gskos.unios.hr\/index.php\/wp-json\/wp\/v2\/posts\/21291"}],"collection":[{"href":"https:\/\/www.gskos.unios.hr\/index.php\/wp-json\/wp\/v2\/posts"}],"about":[{"href":"https:\/\/www.gskos.unios.hr\/index.php\/wp-json\/wp\/v2\/types\/post"}],"author":[{"embeddable":true,"href":"https:\/\/www.gskos.unios.hr\/index.php\/wp-json\/wp\/v2\/users\/17"}],"replies":[{"embeddable":true,"href":"https:\/\/www.gskos.unios.hr\/index.php\/wp-json\/wp\/v2\/comments?post=21291"}],"version-history":[{"count":5,"href":"https:\/\/www.gskos.unios.hr\/index.php\/wp-json\/wp\/v2\/posts\/21291\/revisions"}],"predecessor-version":[{"id":21322,"href":"https:\/\/www.gskos.unios.hr\/index.php\/wp-json\/wp\/v2\/posts\/21291\/revisions\/21322"}],"wp:featuredmedia":[{"embeddable":true,"href":"https:\/\/www.gskos.unios.hr\/index.php\/wp-json\/wp\/v2\/media\/21292"}],"wp:attachment":[{"href":"https:\/\/www.gskos.unios.hr\/index.php\/wp-json\/wp\/v2\/media?parent=21291"}],"wp:term":[{"taxonomy":"category","embeddable":true,"href":"https:\/\/www.gskos.unios.hr\/index.php\/wp-json\/wp\/v2\/categories?post=21291"},{"taxonomy":"post_tag","embeddable":true,"href":"https:\/\/www.gskos.unios.hr\/index.php\/wp-json\/wp\/v2\/tags?post=21291"}],"curies":[{"name":"wp","href":"https:\/\/api.w.org\/{rel}","templated":true}]}}