{"id":21541,"date":"2025-02-04T12:04:03","date_gmt":"2025-02-04T11:04:03","guid":{"rendered":"https:\/\/www.gskos.unios.hr\/?p=21541"},"modified":"2025-02-04T12:04:03","modified_gmt":"2025-02-04T11:04:03","slug":"izlozba-slikarskih-radova-moj-svijet","status":"publish","type":"post","link":"https:\/\/www.gskos.unios.hr\/index.php\/izlozba-slikarskih-radova-moj-svijet\/","title":{"rendered":"Izlo\u017eba slikarskih radova &#8220;Moj svijet&#8221;"},"content":{"rendered":"<p style=\"text-align: justify;\">Tijekom<strong> velja\u010de <\/strong>u<strong> Ogranku Donji grad <\/strong>Gradske i sveu\u010dili\u0161ne knji\u017enice Osijek mo\u017ee se pogledati <strong>izlo\u017eba slikarskih radova <\/strong>autorice<strong> Suzane Kri\u017eanovi\u0107 <\/strong>pod nazivom<strong> &#8220;Moj svijet&#8221;<\/strong>. Izlo\u017eba se odr\u017eava u sklopu projekta <a href=\"https:\/\/www.gskos.unios.hr\/index.php\/mala-galerija-gisko-3\/\">Mala galerija GISKO<\/a>.<\/p>\n<p style=\"text-align: justify;\"><strong>Suzana Kri\u017eanovi\u0107<\/strong> ro\u0111ena je i odrasla u Osijeku, gdje je zavr\u0161ila obrazovanje. Od malih nogu voli crtati, slikati i kreativno se izra\u017eavati. Aktivna je \u010dlanica Dru\u0161tva likovnih umjetnika amatera Osijek &#8220;Likar&#8221;, a u slikarstvu je, ka\u017ee, prona\u0161la ne\u0161to \u0161to joj pru\u017ea mir i u \u010demu pronalazi sebe. Ovom prilikom izla\u017ee slike u akrilu koje su odraz njenih misli i poimanja svijeta. Primarnim i \u017earkim bojama nagla\u0161ava surovost realnosti i emocija kojima smo obavijeni kroz svakida\u0161nji \u017eivot.<\/p>\n<p>Dodatne informacije mogu se dobiti na broj telefona:<\/p>\n<ul>\n<li><a href=\"https:\/\/www.gskos.unios.hr\/index.php\/ogranci\/\">Ogranak Donji grad GISKO<\/a> 031\/506-110<\/li>\n<li>Suzana Kri\u017eanovi\u0107 0912654063<\/li>\n<\/ul>\n<p><a href=\"https:\/\/www.gskos.unios.hr\/wp-content\/uploads\/2025\/02\/0-02-05-a8f49b16450b82bffc35a9309731520e14b61466891b5c30da8e20989f415200_51044a026b2db52b.jpg\"><img loading=\"lazy\" class=\"aligncenter size-large wp-image-20201\" src=\"https:\/\/www.gskos.unios.hr\/wp-content\/uploads\/2025\/02\/0-02-05-a8f49b16450b82bffc35a9309731520e14b61466891b5c30da8e20989f415200_51044a026b2db52b.jpg\" alt=\"\" width=\"683\" height=\"1024\" \/><\/a><\/p>\n","protected":false},"excerpt":{"rendered":"<p>Tijekom velja\u010de u Ogranku Donji grad Gradske i sveu\u010dili\u0161ne knji\u017enice Osijek mo\u017ee se pogledati izlo\u017eba slikarskih radova autorice Suzane Kri\u017eanovi\u0107 pod nazivom &#8220;Moj svijet&#8221;. Izlo\u017eba se odr\u017eava u sklopu projekta Mala galerija GISKO. Suzana Kri\u017eanovi\u0107 ro\u0111ena je i odrasla u Osijeku, gdje je zavr\u0161ila obrazovanje. Od malih nogu voli crtati, slikati i kreativno se izra\u017eavati.<\/p>\n","protected":false},"author":17,"featured_media":21542,"comment_status":"closed","ping_status":"closed","sticky":false,"template":"","format":"standard","meta":{"_mi_skip_tracking":false},"categories":[1,39,47,34],"tags":[],"_links":{"self":[{"href":"https:\/\/www.gskos.unios.hr\/index.php\/wp-json\/wp\/v2\/posts\/21541"}],"collection":[{"href":"https:\/\/www.gskos.unios.hr\/index.php\/wp-json\/wp\/v2\/posts"}],"about":[{"href":"https:\/\/www.gskos.unios.hr\/index.php\/wp-json\/wp\/v2\/types\/post"}],"author":[{"embeddable":true,"href":"https:\/\/www.gskos.unios.hr\/index.php\/wp-json\/wp\/v2\/users\/17"}],"replies":[{"embeddable":true,"href":"https:\/\/www.gskos.unios.hr\/index.php\/wp-json\/wp\/v2\/comments?post=21541"}],"version-history":[{"count":2,"href":"https:\/\/www.gskos.unios.hr\/index.php\/wp-json\/wp\/v2\/posts\/21541\/revisions"}],"predecessor-version":[{"id":21545,"href":"https:\/\/www.gskos.unios.hr\/index.php\/wp-json\/wp\/v2\/posts\/21541\/revisions\/21545"}],"wp:featuredmedia":[{"embeddable":true,"href":"https:\/\/www.gskos.unios.hr\/index.php\/wp-json\/wp\/v2\/media\/21542"}],"wp:attachment":[{"href":"https:\/\/www.gskos.unios.hr\/index.php\/wp-json\/wp\/v2\/media?parent=21541"}],"wp:term":[{"taxonomy":"category","embeddable":true,"href":"https:\/\/www.gskos.unios.hr\/index.php\/wp-json\/wp\/v2\/categories?post=21541"},{"taxonomy":"post_tag","embeddable":true,"href":"https:\/\/www.gskos.unios.hr\/index.php\/wp-json\/wp\/v2\/tags?post=21541"}],"curies":[{"name":"wp","href":"https:\/\/api.w.org\/{rel}","templated":true}]}}